{"id":43480,"date":"2022-12-30T10:45:00","date_gmt":"2022-12-30T06:45:00","guid":{"rendered":"http:\/\/edebiyyat-az.com\/?p=43480"},"modified":"2022-12-30T13:50:43","modified_gmt":"2022-12-30T09:50:43","slug":"az%c9%99rbaycanin-m%c9%99d%c9%99niyy%c9%99t-v%c9%99-%c9%99d%c9%99biyyat-portalinin-qarabag-burosunun-r%c9%99hb%c9%99ri-nem%c9%99t-tahir","status":"publish","type":"post","link":"https:\/\/edebiyyat-az.com\/?p=43480","title":{"rendered":"Az\u0259rbaycan\u0131n M\u0259d\u0259niyy\u0259t v\u0259 \u018fd\u0259biyyat Portal\u0131n\u0131n QARABA\u011e B\u00fcrosunun R\u0259hb\u0259ri Nem\u0259t TAH\u0130R"},"content":{"rendered":"\n<figure class=\"wp-block-image\"><img decoding=\"async\" src=\"https:\/\/edebiyyat-az.com\/wp-content\/uploads\/2022\/12\/nemet-tahir-1024x683.jpg\" alt=\"\"\/><\/figure>\n\n\n\n<p>&nbsp;&nbsp; Nem\u0259t TAH\u0130R (R\u00fcst\u0259mli Nem\u0259t Q\u0259z\u0259nf\u0259r o\u011flu) 1987-ci il avqust ay\u0131n\u0131n 27-d\u0259 A\u011fdam rayonunun Qiyasl\u0131 k\u0259ndind\u0259 anadan olub. M\u0259lum s\u0259b\u0259bl\u0259rd\u0259n 1995-ci ild\u0259 Ming\u0259\u00e7evird\u0259 yerl\u0259\u015f\u0259n A\u011fdam 128 sayl\u0131 k\u00f6\u00e7k\u00fcn m\u0259kt\u0259bind\u0259 birinci sinf\u0259 daxil olub, oran\u0131 2006-c\u0131 ild\u0259 bitirib. \u0130lk \u015feiri \u201cA\u011flar\u201d 2003-c\u00fc ild\u0259 \u201cSovqat\u201d q\u0259zetind\u0259 i\u015f\u0131q \u00fcz\u00fc g\u00f6r\u00fcb. 2006-2010-cu ill\u0259rd\u0259 Sumqay\u0131t D\u00f6vl\u0259t Universitetinin Filologiya (Az\u0259rbaycan dili v\u0259 \u0259d\u0259biyyat\u0131 m\u00fc\u0259llimi) fak\u00fclt\u0259sind\u0259 bakalavr d\u0259r\u0259c\u0259si \u00fczr\u0259 ali t\u0259hsil al\u0131b.<\/p>\n\n\n\n<p>&nbsp; \u015eeirl\u0259ri, hekay\u0259l\u0259ri \u201cSumqay\u0131t Universiteti\u201d, \u201c168 saat\u201d, \u201c\u015eaman\u201d, \u201cS\u00f6z\u00fcn sehri\u201d, \u201cM\u00f6ht\u0259\u015f\u0259m Az\u0259rbaycan\u201d, \u201cElimiz.G\u00fcn\u00fcm\u00fcz\u201d, &#8220;Azad q\u0259l\u0259m&#8221; q\u0259zetl\u0259rind\u0259, o c\u00fcml\u0259d\u0259n Sumqay\u0131t \u015f\u0259h\u0259rinin yarad\u0131lmas\u0131n\u0131n 60 illiyin\u0259 h\u0259sr olunmu\u015f almanaxda \u00e7ap olunmu\u015fdur.<\/p>\n\n\n\n<p>&nbsp; 2010-2011-ci ill\u0259rd\u0259 ordu s\u0131ralar\u0131nda h\u0259rbi xidm\u0259td\u0259 olmu\u015fdur.<\/p>\n\n\n\n<p>&nbsp; 2011-ci ilin avqust ay\u0131nda Az\u0259rbaycan Respublikas\u0131 T\u0259hsil Nazirliyinin vakant yerl\u0259r m\u00fcsabiq\u0259sind\u0259 i\u015ftirak edib. A\u011fdam rayonunun S\u0259f\u0259rli q\u0259s\u0259b\u0259sind\u0259 yerl\u0259\u015f\u0259n 91 sayl\u0131 tam k\u00f6\u00e7k\u00fcn orta m\u0259kt\u0259bin\u0259 Az\u0259rbaycan dili v\u0259 \u018fd\u0259biyyat\u0131 m\u00fc\u0259llimi t\u0259yin edilib.<\/p>\n\n\n\n<p>&nbsp; 2012-ci ild\u0259 Az\u0259rbaycan Respublikas\u0131 G\u0259ncl\u0259r-\u0130dman Nazirliyi t\u0259r\u0259find\u0259n maliyy\u0259l\u0259\u015fdirlil\u0259n v\u0259 D\u00fcnya G\u0259nc T\u00fcrk Yazarlar Birliyi t\u0259r\u0259find\u0259n h\u0259yata ke\u00e7iril\u0259n \u201dB\u00f6lg\u0259 yazarlar\u0131na d\u0259st\u0259k\u201d layih\u0259si \u00e7\u0259r\u00e7iv\u0259sind\u0259 \u201cB\u00f6lg\u0259l\u0259rd\u0259n s\u0259sl\u0259r\u201d kitab\u0131nda \u015feirl\u0259ri d\u0259rc olunaraq ilk d\u0259f\u0259 olaraq Respublika s\u0259viyy\u0259sind\u0259 ictiamiyy\u0259tin n\u0259z\u0259rin\u0259 \u00e7atd\u0131r\u0131ld\u0131.<\/p>\n\n\n\n<p>&nbsp; Az\u0259rbaycan Jurnalistl\u0259r Birliyi Sumqay\u0131t \u015f\u0259h\u0259r t\u0259\u015fkilat\u0131 t\u0259r\u0259find\u0259n ger\u00e7\u0259kl\u0259\u015fdiril\u0259n &#8220;Yeni n\u0259sil Az\u0259rbaycan g\u0259ncliyinin istedadl\u0131 n\u00fcmay\u0259nd\u0259l\u0259rin\u0259 d\u0259st\u0259k&#8221; layih\u0259si \u00e7\u0259r\u00e7iv\u0259sind\u0259 \u015feirl\u0259ri Qarda\u015f T\u00fcrkiy\u0259 C\u00fcmhuriyy\u0259tind\u0259 f\u0259aliyy\u0259t g\u00f6st\u0259r\u0259n &#8220;Usare&#8221; (Ebrar Vakf\u0131 K\u00fclt\u00fcr yay\u0131n organ\u0131, Kahramanmara\u015f \u015f\u0259h\u0259ri), &#8220;Kardelen&#8221;, (Bilecik \u015f\u0259h\u0259ri), &#8220;Hece Ta\u015flar\u0131&#8221; (Kahramanmara\u015f \u015f\u0259h\u0259ri) d\u0259rgil\u0259rind\u0259 n\u0259\u015fr olunub.<\/p>\n\n\n\n<p>&nbsp;&nbsp; \u201cM\u00fccr\u00fc\u201d N\u0259\u015friyyat\u0131n\u0131n 44 g\u00fcnl\u00fck V\u0259t\u0259n m\u00fcharib\u0259sind\u0259 r\u0259\u015fad\u0259tli Az\u0259rbaycan ordusunun q\u0259l\u0259b\u0259si m\u00fcnasib\u0259til\u0259 ger\u00e7\u0259kl\u0259\u015fdirdiyi yeni layih\u0259 \u00e7\u0259r\u00e7iv\u0259sind\u0259 \u201c44 G\u00dcN\u201d \u0259d\u0259bi-b\u0259dii topluda \u201cM\u00fcbarizl\u0259r\u201d adl\u0131 \u015feiri i\u015f\u0131q \u00fcz\u00fc g\u00f6r\u00fcb.<\/p>\n","protected":false},"excerpt":{"rendered":"<p>&nbsp;&nbsp; Nem\u0259t TAH\u0130R (R\u00fcst\u0259mli Nem\u0259t Q\u0259z\u0259nf\u0259r o\u011flu) 1987-ci il avqust ay\u0131n\u0131n 27-d\u0259 A\u011fdam rayonunun Qiyasl\u0131 k\u0259ndind\u0259 anadan olub. M\u0259lum s\u0259b\u0259bl\u0259rd\u0259n 1995-ci ild\u0259 Ming\u0259\u00e7evird\u0259 yerl\u0259\u015f\u0259n A\u011fdam 128 sayl\u0131 k\u00f6\u00e7k\u00fcn m\u0259kt\u0259bind\u0259 birinci sinf\u0259 daxil olub, oran\u0131 2006-c\u0131 ild\u0259 bitirib. \u0130lk \u015feiri \u201cA\u011flar\u201d 2003-c\u00fc ild\u0259 \u201cSovqat\u201d q\u0259zetind\u0259 i\u015f\u0131q \u00fcz\u00fc g\u00f6r\u00fcb. 2006-2010-cu ill\u0259rd\u0259 Sumqay\u0131t D\u00f6vl\u0259t Universitetinin Filologiya (Az\u0259rbaycan dili [&hellip;]<\/p>\n","protected":false},"author":2,"featured_media":0,"comment_status":"open","ping_status":"open","sticky":false,"template":"","format":"standard","meta":{"footnotes":""},"categories":[4],"tags":[],"class_list":["post-43480","post","type-post","status-publish","format-standard","hentry","category-edeb"],"_links":{"self":[{"href":"https:\/\/edebiyyat-az.com\/index.php?rest_route=\/wp\/v2\/posts\/43480","targetHints":{"allow":["GET"]}}],"collection":[{"href":"https:\/\/edebiyyat-az.com\/index.php?rest_route=\/wp\/v2\/posts"}],"about":[{"href":"https:\/\/edebiyyat-az.com\/index.php?rest_route=\/wp\/v2\/types\/post"}],"author":[{"embeddable":true,"href":"https:\/\/edebiyyat-az.com\/index.php?rest_route=\/wp\/v2\/users\/2"}],"replies":[{"embeddable":true,"href":"https:\/\/edebiyyat-az.com\/index.php?rest_route=%2Fwp%2Fv2%2Fcomments&post=43480"}],"version-history":[{"count":1,"href":"https:\/\/edebiyyat-az.com\/index.php?rest_route=\/wp\/v2\/posts\/43480\/revisions"}],"predecessor-version":[{"id":43504,"href":"https:\/\/edebiyyat-az.com\/index.php?rest_route=\/wp\/v2\/posts\/43480\/revisions\/43504"}],"wp:attachment":[{"href":"https:\/\/edebiyyat-az.com\/index.php?rest_route=%2Fwp%2Fv2%2Fmedia&parent=43480"}],"wp:term":[{"taxonomy":"category","embeddable":true,"href":"https:\/\/edebiyyat-az.com\/index.php?rest_route=%2Fwp%2Fv2%2Fcategories&post=43480"},{"taxonomy":"post_tag","embeddable":true,"href":"https:\/\/edebiyyat-az.com\/index.php?rest_route=%2Fwp%2Fv2%2Ftags&post=43480"}],"curies":[{"name":"wp","href":"https:\/\/api.w.org\/{rel}","templated":true}]}}