{"id":43493,"date":"2022-12-30T11:45:00","date_gmt":"2022-12-30T07:45:00","guid":{"rendered":"http:\/\/edebiyyat-az.com\/?p=43493"},"modified":"2022-12-30T14:00:41","modified_gmt":"2022-12-30T10:00:41","slug":"az%c9%99rbaycanin-m%c9%99d%c9%99niyy%c9%99t-v%c9%99-%c9%99d%c9%99biyyat-portalinin-bas-redaktor-muavini-sona-intizar","status":"publish","type":"post","link":"https:\/\/edebiyyat-az.com\/?p=43493","title":{"rendered":"Az\u0259rbaycan\u0131n M\u0259d\u0259niyy\u0259t v\u0259 \u018fd\u0259biyyat Portal\u0131n\u0131n Ba\u015f redaktor m\u00fcavini Sona \u0130NT\u0130ZAR"},"content":{"rendered":"\n<figure class=\"wp-block-image size-full is-resized\"><a href=\"http:\/\/edebiyyat-az.com\/wp-content\/uploads\/2022\/12\/IMG-20221214-WA0000.jpg\"><img loading=\"lazy\" decoding=\"async\" src=\"http:\/\/edebiyyat-az.com\/wp-content\/uploads\/2022\/12\/IMG-20221214-WA0000.jpg\" alt=\"\" class=\"wp-image-42746\" width=\"704\" height=\"685\" srcset=\"https:\/\/edebiyyat-az.com\/wp-content\/uploads\/2022\/12\/IMG-20221214-WA0000.jpg 480w, https:\/\/edebiyyat-az.com\/wp-content\/uploads\/2022\/12\/IMG-20221214-WA0000-300x292.jpg 300w\" sizes=\"auto, (max-width: 704px) 100vw, 704px\" \/><\/a><\/figure>\n\n\n\n<p>&nbsp;&nbsp; Sona \u0130NT\u0130ZAR (Nur\u0259liyeva Sona S\u0259yyar q\u0131z\u0131) 1990-c\u0131 il may ay\u0131n\u0131n 1-d\u0259 Bak\u0131 \u015f\u0259h\u0259rind\u0259 anadan olub.&nbsp; 1996-c\u0131 ild\u0259 Az\u0259rbaycan Respublikas\u0131n\u0131n Milli Q\u0259hr\u0259man\u0131 Faiq R\u0259fiyev ad\u0131na 166 sayl\u0131 tam orta m\u0259kt\u0259b\u0259 daxil olub, 2007-ci ild\u0259 h\u0259min m\u0259kt\u0259bi bitirib.&nbsp;<\/p>\n\n\n\n<p>&nbsp;&nbsp; &nbsp;&nbsp;&nbsp;\u018fd\u0259biyyata, poeziyaya erk\u0259n ya\u015flar\u0131ndan maraq g\u00f6st\u0259rir. 2007-ci ild\u0259n d\u00f6vri m\u0259tbuat s\u0259hif\u0259l\u0259rind\u0259 \u201cSona \u0130NT\u0130ZAR\u201d imzas\u0131 il\u0259 \u015feirl\u0259ri \u00e7\u0131x\u0131\u015f edir. \u015eeirl\u0259ri \u201cS\u00f6z\u00fcn sehri\u201d, \u201cAzad q\u0259l\u0259m\u201d, \u201cKredo\u201d q\u0259zetl\u0259rind\u0259, \u201cAzad q\u0259l\u0259m\u201d d\u0259rgisind\u0259, o c\u00fcml\u0259d\u0259n m\u0259d\u0259niyy\u0259t v\u0259 \u0259d\u0259biyyaty\u00f6n\u00fcml\u00fc portallarda d\u0259rc olunub.<\/p>\n\n\n\n<p>&nbsp; &nbsp;&nbsp;2007-ci ild\u0259 \u201cAdilo\u011flu\u201d n\u0259\u015friyyat\u0131 t\u0259r\u0259find\u0259n q\u0259l\u0259m yolda\u015f\u0131 K\u0259nan Ayd\u0131no\u011flunun i\u015f\u0131q \u00fcz\u00fc g\u00f6r\u0259n \u201c\u00d6m\u00fcrd\u0259n bir s\u0259hif\u0259\u201d adl\u0131 ilk \u015feirl\u0259r kitab\u0131nda Sona \u0130NT\u0130ZAR\u0131n \u201cDost m\u0259ktubu\u201d, \u201cK\u0259nan Ayd\u0131no\u011fluna\u201d adl\u0131 \u015feirl\u0259ri n\u0259\u015fr olunub.<\/p>\n\n\n\n<p>&nbsp;&nbsp;&nbsp; 14 fevral 2012-ci il tarixind\u0259n etibar\u0259n, Az\u0259rbaycan\u0131n M\u0259d\u0259niyy\u0259t v\u0259 \u018fd\u0259biyyat Portal\u0131n\u0131n (<a href=\"http:\/\/edebiyyat-az.com\/\" target=\"_blank\" rel=\"noreferrer noopener\">edebiyyat-az.com<\/a>) Ba\u015f redaktor m\u00fcavinidir.&nbsp;S\u00fcleyman R\u0259himov ad\u0131na Qubadl\u0131 rayon \u0259d\u0259bi ictimai birliyinin \u00fczv\u00fcd\u00fcr. &nbsp;&nbsp;Qarda\u015f T\u00fcrkiy\u0259 C\u00fcmhuriyy\u0259tinin Kahramanmara\u015f \u015f\u0259h\u0259rind\u0259 f\u0259aliyy\u0259t g\u00f6st\u0259r\u0259n \u201cT\u00fcrkay\u201d ayl\u0131q \u0259d\u0259biyyat d\u0259rgisinin Az\u0259rbaycan t\u0259msil\u00e7isidir.<\/p>\n\n\n\n<p>2023-c\u00fc ild\u0259 Prezident t\u0259qa\u00fcd\u00e7\u00fcs\u00fc N\u0259cib\u0259 \u0130lkinin v\u0259 Prezident m\u00fckafat\u00e7\u0131s\u0131 Namiq Hac\u0131heyd\u0259rlinin z\u0259man\u0259ti il\u0259 Az\u0259rbaycan Yaz\u0131\u00e7\u0131lar Birliyin\u0259 \u00fczv q\u0259bul olunub.<\/p>\n\n\n\n<p>\u00a0\u00a0 <a href=\"http:\/\/edebiyyat-az.com\/\">AAz\u0259rbaycan Jurnalistl\u0259r Birliyi Sumqay\u0131t \u015f\u0259h\u0259r t\u0259\u015fkilat\u0131 t\u0259r\u0259find\u0259n ger\u00e7\u0259kl\u0259\u015fdiril\u0259n \u201cAz\u0259rbaycan A\u015f\u0131q s\u0259n\u0259ntinin inki\u015faf\u0131na d\u0259st\u0259k\u201d layih\u0259si \u00e7\u0259r\u00e7iv\u0259sind\u0259\u00a0<\/a>Qarda\u015f T\u00fcrkiy\u0259 C\u00fcmhuriyy\u0259tinin Kahramanmara\u015f \u015f\u0259h\u0259rind\u0259 f\u0259aliyy\u0259t g\u00f6st\u0259r\u0259n\u00a0<a href=\"http:\/\/edebiyyat-az.com\/?p=36594\">Ebrar Vakf\u0131 K\u00fclt\u00fcr Yay\u0131n organ\u0131 \u201cUsare\u201d iki ayl\u0131k k\u00fclt\u00fcr, edebiyat, sanat dergisi\u00a0<\/a>30-cu say\u0131nda d\u0259rc olunub.<\/p>\n\n\n\n<p>Az\u0259rbaycan Jurnalistl\u0259r Birliyi Sumqay\u0131t \u015f\u0259h\u0259r t\u0259\u015fkilat\u0131n\u0131n t\u0259\u015f\u0259bb\u00fcs\u00fc il\u0259 ger\u00e7\u0259kl\u0259\u015fdiril\u0259n \u201c\u0130ran-Az\u0259rbaycan \u0259d\u0259bi-m\u0259d\u0259ni \u0259laq\u0259l\u0259rinin inki\u015faf\u0131na d\u0259st\u0259k\u201d layih\u0259si \u00e7\u0259r\u00e7iv\u0259sind\u0259 \u201cS\u0259n hardan bil\u0259s\u0259n m\u0259h\u0259bb\u0259t n\u0259dir?!\u201d, \u201c\u018fksin g\u00f6zl\u0259rimin \u00f6n\u00fcnd\u0259 durub\u201d, \u201cM\u0259nd\u0259n qa\u00e7d\u0131\u011f\u0131n\u0131 anlad\u0131m bu g\u00fcn\u201d adl\u0131 \u015feirl\u0259ri \u00a0\u0130ran \u0130slam Respublikas\u0131n\u0131n paytaxt\u0131 Tehran \u015f\u0259h\u0259rind\u0259 f\u0259aliyy\u0259t g\u00f6st\u0259r\u0259n \u201cXudaf\u0259rin\u201d elmi-\u0259d\u0259bi, k\u00fclt\u00fcr d\u0259rgisinin 211-ci say\u0131nda fars dilind\u0259 d\u0259rc olunub.<\/p>\n","protected":false},"excerpt":{"rendered":"<p>&nbsp;&nbsp; Sona \u0130NT\u0130ZAR (Nur\u0259liyeva Sona S\u0259yyar q\u0131z\u0131) 1990-c\u0131 il may ay\u0131n\u0131n 1-d\u0259 Bak\u0131 \u015f\u0259h\u0259rind\u0259 anadan olub.&nbsp; 1996-c\u0131 ild\u0259 Az\u0259rbaycan Respublikas\u0131n\u0131n Milli Q\u0259hr\u0259man\u0131 Faiq R\u0259fiyev ad\u0131na 166 sayl\u0131 tam orta m\u0259kt\u0259b\u0259 daxil olub, 2007-ci ild\u0259 h\u0259min m\u0259kt\u0259bi bitirib.&nbsp; &nbsp;&nbsp; &nbsp;&nbsp;&nbsp;\u018fd\u0259biyyata, poeziyaya erk\u0259n ya\u015flar\u0131ndan maraq g\u00f6st\u0259rir. 2007-ci ild\u0259n d\u00f6vri m\u0259tbuat s\u0259hif\u0259l\u0259rind\u0259 \u201cSona \u0130NT\u0130ZAR\u201d imzas\u0131 il\u0259 \u015feirl\u0259ri \u00e7\u0131x\u0131\u015f [&hellip;]<\/p>\n","protected":false},"author":2,"featured_media":0,"comment_status":"open","ping_status":"open","sticky":false,"template":"","format":"standard","meta":{"footnotes":""},"categories":[4],"tags":[],"class_list":["post-43493","post","type-post","status-publish","format-standard","hentry","category-edeb"],"_links":{"self":[{"href":"https:\/\/edebiyyat-az.com\/index.php?rest_route=\/wp\/v2\/posts\/43493","targetHints":{"allow":["GET"]}}],"collection":[{"href":"https:\/\/edebiyyat-az.com\/index.php?rest_route=\/wp\/v2\/posts"}],"about":[{"href":"https:\/\/edebiyyat-az.com\/index.php?rest_route=\/wp\/v2\/types\/post"}],"author":[{"embeddable":true,"href":"https:\/\/edebiyyat-az.com\/index.php?rest_route=\/wp\/v2\/users\/2"}],"replies":[{"embeddable":true,"href":"https:\/\/edebiyyat-az.com\/index.php?rest_route=%2Fwp%2Fv2%2Fcomments&post=43493"}],"version-history":[{"count":4,"href":"https:\/\/edebiyyat-az.com\/index.php?rest_route=\/wp\/v2\/posts\/43493\/revisions"}],"predecessor-version":[{"id":43531,"href":"https:\/\/edebiyyat-az.com\/index.php?rest_route=\/wp\/v2\/posts\/43493\/revisions\/43531"}],"wp:attachment":[{"href":"https:\/\/edebiyyat-az.com\/index.php?rest_route=%2Fwp%2Fv2%2Fmedia&parent=43493"}],"wp:term":[{"taxonomy":"category","embeddable":true,"href":"https:\/\/edebiyyat-az.com\/index.php?rest_route=%2Fwp%2Fv2%2Fcategories&post=43493"},{"taxonomy":"post_tag","embeddable":true,"href":"https:\/\/edebiyyat-az.com\/index.php?rest_route=%2Fwp%2Fv2%2Ftags&post=43493"}],"curies":[{"name":"wp","href":"https:\/\/api.w.org\/{rel}","templated":true}]}}