{"id":43494,"date":"2022-12-30T12:00:00","date_gmt":"2022-12-30T08:00:00","guid":{"rendered":"http:\/\/edebiyyat-az.com\/?p=43494"},"modified":"2022-12-30T14:41:08","modified_gmt":"2022-12-30T10:41:08","slug":"az%c9%99rbaycanin-m%c9%99d%c9%99niyy%c9%99t-v%c9%99-%c9%99d%c9%99biyyat-portalinin-bas-redaktor-muavini-s%c9%99lal%c9%99-adilqizi","status":"publish","type":"post","link":"https:\/\/edebiyyat-az.com\/?p=43494","title":{"rendered":"Az\u0259rbaycan\u0131n M\u0259d\u0259niyy\u0259t v\u0259 \u018fd\u0259biyyat Portal\u0131n\u0131n Ba\u015f redaktor m\u00fcavini \u015e\u0259lal\u0259 AD\u0130LQIZI"},"content":{"rendered":"\n<figure class=\"wp-block-image\"><img decoding=\"async\" src=\"http:\/\/edebiyyat-az.com\/wp-content\/uploads\/2022\/12\/Screenshot_20220516-194841_Instagram-768x1024.jpg\" alt=\"\"\/><\/figure>\n\n\n\n<p>\u015e\u0259lal\u0259 AD\u0130LQIZI (R\u0259himova \u015e\u0259lal\u0259 Adil q\u0131z\u0131) 1992-ci ild\u0259 Ucar \u015f\u0259h\u0259rind\u0259 anadan olub. B\u0259dii yarad\u0131c\u0131l\u0131\u011fa erk\u0259n ya\u015flar\u0131ndan maraq g\u00f6st\u0259rir. D\u00f6vri m\u0259tbuat s\u0259hif\u0259l\u0259rind\u0259 \u015feirl\u0259ri il\u0259 \u00e7\u0131x\u0131\u015f etm\u0259kd\u0259dir. 14 fevral 2012-ci il tarixind\u0259n etibar\u0259n Az\u0259rbaycan\u0131n M\u0259d\u0259niyy\u0259t v\u0259 \u018fd\u0259biyyat Portal\u0131n\u0131n\u00a0Ba\u015f redaktor m\u00fcavinidir. 2015-ci ild\u0259 Bak\u0131 Slavyan Universitetinin Yarad\u0131c\u0131l\u0131q fak\u00fclt\u0259sin\u0259 q\u0259bu olub. 2016-c\u0131 ild\u0259 h\u0259min ali t\u0259hsil m\u00fc\u0259ssis\u0259ini bitirib. 2016-2018-ci ill\u0259rd\u0259 Az\u0259rbaycan Yaz\u0131\u00e7\u0131lar Birliyi il\u0259 M\u0259d\u0259niyy\u0259t Nazirliyinin birg\u0259 layih\u0259si olan &#8220;G\u0259nc \u018fdibl\u0259r M\u0259kt\u0259bi3&#8243;\u00fcn  m\u0259zunudur, t\u0259hsili \u00fczr\u0259 diplom al\u0131b.<\/p>\n\n\n\n<p><\/p>\n\n\n\n<p><\/p>\n","protected":false},"excerpt":{"rendered":"<p>\u015e\u0259lal\u0259 AD\u0130LQIZI (R\u0259himova \u015e\u0259lal\u0259 Adil q\u0131z\u0131) 1992-ci ild\u0259 Ucar \u015f\u0259h\u0259rind\u0259 anadan olub. B\u0259dii yarad\u0131c\u0131l\u0131\u011fa erk\u0259n ya\u015flar\u0131ndan maraq g\u00f6st\u0259rir. D\u00f6vri m\u0259tbuat s\u0259hif\u0259l\u0259rind\u0259 \u015feirl\u0259ri il\u0259 \u00e7\u0131x\u0131\u015f etm\u0259kd\u0259dir. 14 fevral 2012-ci il tarixind\u0259n etibar\u0259n Az\u0259rbaycan\u0131n M\u0259d\u0259niyy\u0259t v\u0259 \u018fd\u0259biyyat Portal\u0131n\u0131n\u00a0Ba\u015f redaktor m\u00fcavinidir. 2015-ci ild\u0259 Bak\u0131 Slavyan Universitetinin Yarad\u0131c\u0131l\u0131q fak\u00fclt\u0259sin\u0259 q\u0259bu olub. 2016-c\u0131 ild\u0259 h\u0259min ali t\u0259hsil m\u00fc\u0259ssis\u0259ini bitirib. 2016-2018-ci [&hellip;]<\/p>\n","protected":false},"author":2,"featured_media":0,"comment_status":"open","ping_status":"open","sticky":false,"template":"","format":"standard","meta":{"footnotes":""},"categories":[4],"tags":[],"class_list":["post-43494","post","type-post","status-publish","format-standard","hentry","category-edeb"],"_links":{"self":[{"href":"https:\/\/edebiyyat-az.com\/index.php?rest_route=\/wp\/v2\/posts\/43494","targetHints":{"allow":["GET"]}}],"collection":[{"href":"https:\/\/edebiyyat-az.com\/index.php?rest_route=\/wp\/v2\/posts"}],"about":[{"href":"https:\/\/edebiyyat-az.com\/index.php?rest_route=\/wp\/v2\/types\/post"}],"author":[{"embeddable":true,"href":"https:\/\/edebiyyat-az.com\/index.php?rest_route=\/wp\/v2\/users\/2"}],"replies":[{"embeddable":true,"href":"https:\/\/edebiyyat-az.com\/index.php?rest_route=%2Fwp%2Fv2%2Fcomments&post=43494"}],"version-history":[{"count":5,"href":"https:\/\/edebiyyat-az.com\/index.php?rest_route=\/wp\/v2\/posts\/43494\/revisions"}],"predecessor-version":[{"id":43550,"href":"https:\/\/edebiyyat-az.com\/index.php?rest_route=\/wp\/v2\/posts\/43494\/revisions\/43550"}],"wp:attachment":[{"href":"https:\/\/edebiyyat-az.com\/index.php?rest_route=%2Fwp%2Fv2%2Fmedia&parent=43494"}],"wp:term":[{"taxonomy":"category","embeddable":true,"href":"https:\/\/edebiyyat-az.com\/index.php?rest_route=%2Fwp%2Fv2%2Fcategories&post=43494"},{"taxonomy":"post_tag","embeddable":true,"href":"https:\/\/edebiyyat-az.com\/index.php?rest_route=%2Fwp%2Fv2%2Ftags&post=43494"}],"curies":[{"name":"wp","href":"https:\/\/api.w.org\/{rel}","templated":true}]}}