{"id":43495,"date":"2022-12-30T12:15:00","date_gmt":"2022-12-30T08:15:00","guid":{"rendered":"http:\/\/edebiyyat-az.com\/?p=43495"},"modified":"2022-12-30T14:31:12","modified_gmt":"2022-12-30T10:31:12","slug":"az%c9%99rbaycanin-m%c9%99d%c9%99niyy%c9%99t-v%c9%99-%c9%99d%c9%99biyyat-portalinin-m%c9%99sul-katibi-s%c9%99fa-eyvaz","status":"publish","type":"post","link":"https:\/\/edebiyyat-az.com\/?p=43495","title":{"rendered":"Az\u0259rbaycan\u0131n M\u0259d\u0259niyy\u0259t v\u0259 \u018fd\u0259biyyat Portal\u0131n\u0131n M\u0259sul katibi \u015e\u0259fa EYVAZ"},"content":{"rendered":"\n<figure class=\"wp-block-image is-resized\"><img loading=\"lazy\" decoding=\"async\" src=\"http:\/\/edebiyyat-az.com\/wp-content\/uploads\/2020\/03\/sefaeyvaz.jpg\" alt=\"This image has an empty alt attribute; its file name is sefaeyvaz.jpg\" width=\"703\" height=\"936\"\/><\/figure>\n\n\n\n<p>\u015e\u0259fa EYVAZQIZI (Kaz\u0131mova \u015e\u0259fa Eyvaz q\u0131z\u0131) 1987-ci il iyulun 21-d\u0259 G\u0259d\u0259b\u0259y rayonunun Qo\u015fabulaq k\u0259ndind\u0259 d\u00fcnyaya g\u0259lmi\u015fdir. \u0130lk t\u0259hsilini do\u011fma k\u0259ndind\u0259 alm\u0131\u015fd\u0131r. 2003-c\u00fc ild\u0259 Bak\u0131 Q\u0131zlar Universitetin\u0259 daxil olmu\u015f, h\u0259min universiteti f\u0259rql\u0259nm\u0259 diplomu il\u0259 bitirmi\u015fdir. 2007-ci ild\u0259 Az\u0259rbaycan D\u00f6vl\u0259t Pedaqoji Universitetin\u0259 magistraturaya q\u0259bul olmu\u015f v\u0259 2009-cu ild\u0259 h\u0259min universiteti d\u0259 f\u0259rql\u0259nm\u0259 diplomu il\u0259 bitirmi\u015fdir. 2012-ci ild\u0259n Az\u0259rbaycan D\u00f6vl\u0259t Pedaqoji Universitetinin dissertant\u0131d\u0131r. T\u0259hsil Probleml\u0259ri \u0130nstitutunun Kurikulum M\u0259rk\u0259zinin b\u00f6y\u00fck elmi i\u015f\u00e7isidir.  14 fevral 2012-ci il tarixind\u0259n etibar\u0259n Az\u0259rbaycan\u0131n M\u0259d\u0259niyy\u0259t v\u0259 \u018fd\u0259biyyat Portal\u0131n\u0131n M\u0259sul katibidir. <\/p>\n\n\n\n<p>2020-ci ild\u0259 Az\u0259rbaycan Jurnalistl\u0259r Birliyi Sumqay\u0131t \u015f\u0259h\u0259r t\u0259\u015fkilat\u0131 t\u0259r\u0259find\u0259n ger\u00e7\u0259kl\u0259\u015fdiril\u0259n \u201c\u0130ran-Az\u0259rbaycan \u0259d\u0259bi-m\u0259d\u0259ni \u0259laq\u0259l\u0259rinin inki\u015faf\u0131na d\u0259st\u0259k\u201d layih\u0259si \u00e7\u0259r\u00e7iv\u0259sind\u0259 \u201cBu ax\u015fam\u201d\u00a0\u015feiri\u00a0\u0130ran \u0130slam Respublikas\u0131n\u0131n T\u0259briz \u015f\u0259h\u0259rind\u0259 f\u0259aliyy\u0259t g\u00f6st\u0259r\u0259n \u201c\u018fd\u0259bi K\u00f6rp\u00fc\u201d ayl\u0131q \u0259d\u0259biyyat d\u0259rgisinin 19-cu say\u0131nda Az\u0259rbaycan v\u0259 fars dill\u0259rind\u0259 d\u0259rc olunub.<\/p>\n\n\n\n<p>2021-ci ild\u0259 Az\u0259rbaycan Jurnalistl\u0259r Birliyi Sumqay\u0131t \u015f\u0259h\u0259r t\u0259\u015fkilat\u0131 t\u0259r\u0259find\u0259n ger\u00e7\u0259kl\u0259\u015fdiril\u0259n\u00a0\u201cG\u0259nc yazarlar\u0131n \u0259s\u0259rl\u0259rinin Qarda\u015f T\u00fcrkiy\u0259 m\u0259tbuat\u0131nda yay\u0131nlanmas\u0131na d\u0259st\u0259k\u201d layih\u0259si \u00e7\u0259r\u00e7iv\u0259sind\u0259 &#8220;El\u0259 tez al\u0131\u015fanam&#8221; adl\u0131 \u015feiri <strong>Qarda\u015f T\u00fcrkiy\u0259 C\u00fcmhuriyy\u0259tinin Kahramanmara\u015f \u015f\u0259h\u0259rind\u0259 f\u0259aliyy\u0259t g\u00f6st\u0259r\u0259n Ebrar Vakf\u0131 K\u00fclt\u00fcr Yay\u0131n Organ\u0131 \u201cUsare\u201d ikiayl\u0131k k\u00fclt\u00fcr sanat ve edebiyat d\u0259rgisinin<\/strong>\u00a025-ci say\u0131nda Az\u0259rbaycan dilind\u0259 d\u0259rc olunub.\u00a0\u00a0<\/p>\n\n\n\n<p>2021-ci ild\u0259 Az\u0259rbaycan Jurnalistl\u0259r Birliyi Sumqay\u0131t \u015f\u0259h\u0259r t\u0259\u015fkilat\u0131 t\u0259r\u0259find\u0259n ger\u00e7\u0259kl\u0259\u015fdiril\u0259n\u00a0\u201cG\u0259nc yazarlar\u0131n \u0259s\u0259rl\u0259rinin Qarda\u015f T\u00fcrkiy\u0259 m\u0259tbuat\u0131nda yay\u0131nlanmas\u0131na d\u0259st\u0259k\u201d layih\u0259si \u00e7\u0259r\u00e7iv\u0259sind\u0259 &#8220;Qap\u0131, p\u0259nc\u0259r\u0259nin dili olurmu\u015f&#8221; adl\u0131 \u00a0\u015feiri Qarda\u015f T\u00fcrkiy\u0259 C\u00fcmhuriyy\u0259tinin Kahramanmara\u015f \u015f\u0259h\u0259rind\u0259 f\u0259aliyy\u0259t g\u00f6st\u0259r\u0259n \u201cHece Ta\u015flar\u0131\u201d d\u0259rgisinin 76-c\u0131 say\u0131nda n\u0259\u015fr olunub.<\/p>\n\n\n\n<p>2021-ci ild\u0259 Az\u0259rbaycan Jurnalistl\u0259r Birliyi Sumqay\u0131t \u015f\u0259h\u0259r t\u0259\u015fkilat\u0131 t\u0259r\u0259find\u0259n ger\u00e7\u0259kl\u0259\u015fdiril\u0259n\u00a0\u201cG\u0259nc yazarlar\u0131n \u0259s\u0259rl\u0259rinin Qarda\u015f T\u00fcrkiy\u0259 m\u0259tbuat\u0131nda yay\u0131nlanmas\u0131na d\u0259st\u0259k\u201d layih\u0259si \u00e7\u0259r\u00e7iv\u0259sind\u0259\u00a0\u201cK\u00f6rp\u0259m\u201d, \u201c\u00c7oxmu maraql\u0131d\u0131r s\u0259nd\u0259n sonra n\u0259yim var?!\u201d, \u201c\u00c7\u0131x\u0131b getm\u0259k var\u2026 bacarsan\u201d, \u201cT\u0259nhalar\u201d, \u201c<strong>S\u0259n ya\u011f\u0131\u015f deyils\u0259n ki?!<\/strong>!\u201d \u015feirl\u0259ri Qarda\u015f T\u00fcrkiy\u0259nin \u0259n \u00fcnl\u00fc m\u0259tbu orqanlar\u0131ndan biri \u201cedebiyatgazetesi.net\u201dd\u0259 d\u0259rc olunub.<\/p>\n\n\n\n<p><\/p>\n","protected":false},"excerpt":{"rendered":"<p>\u015e\u0259fa EYVAZQIZI (Kaz\u0131mova \u015e\u0259fa Eyvaz q\u0131z\u0131) 1987-ci il iyulun 21-d\u0259 G\u0259d\u0259b\u0259y rayonunun Qo\u015fabulaq k\u0259ndind\u0259 d\u00fcnyaya g\u0259lmi\u015fdir. \u0130lk t\u0259hsilini do\u011fma k\u0259ndind\u0259 alm\u0131\u015fd\u0131r. 2003-c\u00fc ild\u0259 Bak\u0131 Q\u0131zlar Universitetin\u0259 daxil olmu\u015f, h\u0259min universiteti f\u0259rql\u0259nm\u0259 diplomu il\u0259 bitirmi\u015fdir. 2007-ci ild\u0259 Az\u0259rbaycan D\u00f6vl\u0259t Pedaqoji Universitetin\u0259 magistraturaya q\u0259bul olmu\u015f v\u0259 2009-cu ild\u0259 h\u0259min universiteti d\u0259 f\u0259rql\u0259nm\u0259 diplomu il\u0259 bitirmi\u015fdir. 2012-ci ild\u0259n [&hellip;]<\/p>\n","protected":false},"author":2,"featured_media":0,"comment_status":"open","ping_status":"open","sticky":false,"template":"","format":"standard","meta":{"footnotes":""},"categories":[4],"tags":[],"class_list":["post-43495","post","type-post","status-publish","format-standard","hentry","category-edeb"],"_links":{"self":[{"href":"https:\/\/edebiyyat-az.com\/index.php?rest_route=\/wp\/v2\/posts\/43495","targetHints":{"allow":["GET"]}}],"collection":[{"href":"https:\/\/edebiyyat-az.com\/index.php?rest_route=\/wp\/v2\/posts"}],"about":[{"href":"https:\/\/edebiyyat-az.com\/index.php?rest_route=\/wp\/v2\/types\/post"}],"author":[{"embeddable":true,"href":"https:\/\/edebiyyat-az.com\/index.php?rest_route=\/wp\/v2\/users\/2"}],"replies":[{"embeddable":true,"href":"https:\/\/edebiyyat-az.com\/index.php?rest_route=%2Fwp%2Fv2%2Fcomments&post=43495"}],"version-history":[{"count":10,"href":"https:\/\/edebiyyat-az.com\/index.php?rest_route=\/wp\/v2\/posts\/43495\/revisions"}],"predecessor-version":[{"id":43546,"href":"https:\/\/edebiyyat-az.com\/index.php?rest_route=\/wp\/v2\/posts\/43495\/revisions\/43546"}],"wp:attachment":[{"href":"https:\/\/edebiyyat-az.com\/index.php?rest_route=%2Fwp%2Fv2%2Fmedia&parent=43495"}],"wp:term":[{"taxonomy":"category","embeddable":true,"href":"https:\/\/edebiyyat-az.com\/index.php?rest_route=%2Fwp%2Fv2%2Fcategories&post=43495"},{"taxonomy":"post_tag","embeddable":true,"href":"https:\/\/edebiyyat-az.com\/index.php?rest_route=%2Fwp%2Fv2%2Ftags&post=43495"}],"curies":[{"name":"wp","href":"https:\/\/api.w.org\/{rel}","templated":true}]}}