{"id":43497,"date":"2022-12-30T12:45:00","date_gmt":"2022-12-30T08:45:00","guid":{"rendered":"http:\/\/edebiyyat-az.com\/?p=43497"},"modified":"2022-12-30T14:41:46","modified_gmt":"2022-12-30T10:41:46","slug":"az%c9%99rbaycanin-m%c9%99d%c9%99niyy%c9%99t-v%c9%99-%c9%99d%c9%99biyyat-portalinin-t%c9%99siscisi-v%c9%99-bas-redaktoru-k%c9%99nan-aydinoglu","status":"publish","type":"post","link":"https:\/\/edebiyyat-az.com\/?p=43497","title":{"rendered":"Az\u0259rbaycan\u0131n M\u0259d\u0259niyy\u0259t v\u0259 \u018fd\u0259biyyat Portal\u0131n\u0131n M\u0259tbuat xidm\u0259tinin r\u0259hb\u0259ri Kamran MURQUZOV"},"content":{"rendered":"\n<figure class=\"wp-block-image is-resized\"><img loading=\"lazy\" decoding=\"async\" src=\"https:\/\/edebiyyat-az.com\/wp-content\/uploads\/2022\/10\/kamran-aydini.jpg\" alt=\"This image has an empty alt attribute; its file name is kamran-aydini.jpg\" width=\"705\" height=\"705\"\/><\/figure>\n\n\n\n<p>Kamran MURQUZOV (Murquzov Kamran Ayd\u0131n o\u011flu) 1989-cu il oktyabr ay\u0131n\u0131n 25-d\u0259 Bak\u0131 \u015f\u0259h\u0259rind\u0259 ziyal\u0131 ail\u0259sind\u0259 anadan olub. 2008-2013-c\u00fc ill\u0259rd\u0259 Az\u0259rbaycan D\u00f6vl\u0259t \u0130qitisad Universitetinin M\u00fchasibat U\u00e7otu v\u0259 Audit fak\u00fclt\u0259sind\u0259 bakalavr d\u0259r\u0259c\u0259si \u00fczr\u0259 ali t\u0259hsil al\u0131b. 2013-c\u00fc ilin avqust ay\u0131n\u0131n 28-d\u0259 etibar\u0259n, G\u00fcnd\u0259lik Analitik \u0130nformasiya Agentliyinin Ba\u015f redaktorudur. 2012-ci il fevral ay\u0131n\u0131n 14-d\u0259n etibar\u0259n, Az\u0259rbaycan\u0131n M\u0259d\u0259niyy\u0259t v\u0259 \u018fd\u0259biyyat Portal\u0131n\u0131n M\u0259tbuat xidm\u0259tinin r\u0259hb\u0259ri v\u0259 \u0130ctimaiyy\u0259tl\u0259 \u0259laq\u0259l\u0259r \u015f\u00f6b\u0259sinin m\u00fcdiridir. Az\u0259rbaycan Jurnalistl\u0259r Birliyinin \u00fczv\u00fcd\u00fcr.<\/p>\n\n\n\n<p>TO\u015eAYAD (Tokat \u015eairler ve Yazarlar Derne\u011fi yay\u0131n organ\u0131 &#8220;K\u00fcmbet&#8221; e\u011fitim, k\u00fclt\u00fcr, sanat ve edebiyyat dergisi v\u0259 EBRAR VAKFI K\u00fclt\u00fcr yay\u0131n organ\u0131 &#8220;Usare&#8221; <strong>iki ayl\u0131k k\u00fclt\u00fcr sanat ve edebiyat dergisinin&nbsp;<\/strong>Az\u0259rbaycan t\u0259msil\u00e7isidir.<br>\u015eeirl\u0259ri, m\u0259qal\u0259l\u0259ri, haz\u0131rlad\u0131\u011f\u0131 x\u0259b\u0259rl\u0259r, ara\u015fd\u0131rmalar &#8220;M\u00f6ht\u0259\u015f\u0259m Az\u0259rbaycan&#8221;, &#8220;S\u00f6z\u00fcn sehri&#8221; &#8220;Azad q\u0259l\u0259m&#8221;, &#8220;Azad Az\u0259rbaycan&#8221; &#8220;, &#8220;Olaylar&#8221;&#8221; &#8220;, &#8220;T\u0259zadlar&#8221;, &#8220;Kaspi, &#8220;\u015e\u0259rq&#8221;, &#8220;Kredo&#8221;, &#8220;Respublika g\u0259ncl\u0259ri&#8221; q\u0259zetl\u0259rind\u0259, &#8220;Azad q\u0259l\u0259m&#8221; d\u0259rgisind\u0259, &#8220;<a rel=\"noreferrer noopener\" href=\"http:\/\/kenanaydinoglu.com\/\" target=\"_blank\">kenanaydinoglu.com<\/a>&#8220;, &#8220;<a rel=\"noreferrer noopener\" href=\"http:\/\/edebiyyat-az.com\/\" target=\"_blank\">edebiyyat-az.com<\/a>\u0432&#8221;, &#8220;<a rel=\"noreferrer noopener\" href=\"http:\/\/gundelik.info\/\" target=\"_blank\">gundelik.info<\/a>&#8221; &#8220;<a rel=\"noreferrer noopener\" href=\"http:\/\/koseyazilarimiz.com\/\" target=\"_blank\">koseyazilarimiz.com<\/a>&#8221; &#8220;<a rel=\"noreferrer noopener\" href=\"http:\/\/olaylar.az\/\" target=\"_blank\">olaylar.az<\/a>&#8220;, &#8220;<a rel=\"noreferrer noopener\" href=\"http:\/\/kultur.az\/\" target=\"_blank\">kultur.az<\/a>&#8220;, &#8220;<a rel=\"noreferrer noopener\" href=\"http:\/\/artkaspi.az\/\" target=\"_blank\">artkaspi.az<\/a>&#8220;, &#8220;<a rel=\"noreferrer noopener\" href=\"http:\/\/sherg.az\/\" target=\"_blank\">sherg.az<\/a>&#8220;, &#8220;<a rel=\"noreferrer noopener\" href=\"http:\/\/carci.az\/\" target=\"_blank\">carci.az<\/a>&#8220;, &#8220;<a rel=\"noreferrer noopener\" href=\"http:\/\/edebiyyatqazeti.az\/\" target=\"_blank\">edebiyyatqazeti.az<\/a>&#8220;, &#8220;<a rel=\"noreferrer noopener\" href=\"http:\/\/mediaxeberleri.az\/\" target=\"_blank\">mediaxeberleri.az<\/a>&#8221; &#8220;<a rel=\"noreferrer noopener\" href=\"http:\/\/azxeber.com\/\" target=\"_blank\">azxeber.com<\/a>&#8220;, &#8220;<a rel=\"noreferrer noopener\" href=\"http:\/\/oxu.az\/\" target=\"_blank\">oxu.az<\/a>&#8221; v\u0259 s. saytlarda yay\u0131nlan\u0131b.<br>Az\u0259rbaycan Jurnalistl\u0259r Birliyi Sumqay\u0131t \u015f\u0259h\u0259r t\u0259\u015fkilat\u0131n\u0131n t\u0259\u015f\u0259bb\u00fcs\u00fc il\u0259 ger\u00e7\u0259kl\u0259\u015fdiril\u0259n &#8220;Yeni n\u0259sil Az\u0259rbaycan g\u0259ncliyinin inki\u015faf\u0131na d\u0259st\u0259k\u0432&#8221; &#8221; layih\u0259si \u00e7\u0259r\u00e7iv\u0259sind\u0259 \u015feirl\u0259ri, m\u0259qal\u0259l\u0259ri &#8220;K\u00fcmbet&#8221;, &#8220;Usare&#8221;, &#8220;Kardelen&#8221;, &#8220;Hece Ta\u015flar\u0131&#8221;, &#8220;Alk\u0131\u015f&#8221; d\u0259rgil\u0259rind\u0259, &#8220;\u00d6nce Vatan&#8221; q\u0259zetind\u0259 d\u0259rc olunaraq, ictimaiyy\u0259t n\u00fcmay\u0259nd\u0259l\u0259rinin n\u0259z\u0259rin\u0259 \u00e7atd\u0131\u0131rl\u0131b.<\/p>\n\n\n\n<p><\/p>\n","protected":false},"excerpt":{"rendered":"<p>Kamran MURQUZOV (Murquzov Kamran Ayd\u0131n o\u011flu) 1989-cu il oktyabr ay\u0131n\u0131n 25-d\u0259 Bak\u0131 \u015f\u0259h\u0259rind\u0259 ziyal\u0131 ail\u0259sind\u0259 anadan olub. 2008-2013-c\u00fc ill\u0259rd\u0259 Az\u0259rbaycan D\u00f6vl\u0259t \u0130qitisad Universitetinin M\u00fchasibat U\u00e7otu v\u0259 Audit fak\u00fclt\u0259sind\u0259 bakalavr d\u0259r\u0259c\u0259si \u00fczr\u0259 ali t\u0259hsil al\u0131b. 2013-c\u00fc ilin avqust ay\u0131n\u0131n 28-d\u0259 etibar\u0259n, G\u00fcnd\u0259lik Analitik \u0130nformasiya Agentliyinin Ba\u015f redaktorudur. 2012-ci il fevral ay\u0131n\u0131n 14-d\u0259n etibar\u0259n, Az\u0259rbaycan\u0131n M\u0259d\u0259niyy\u0259t v\u0259 [&hellip;]<\/p>\n","protected":false},"author":2,"featured_media":0,"comment_status":"open","ping_status":"open","sticky":false,"template":"","format":"standard","meta":{"footnotes":""},"categories":[4],"tags":[],"class_list":["post-43497","post","type-post","status-publish","format-standard","hentry","category-edeb"],"_links":{"self":[{"href":"https:\/\/edebiyyat-az.com\/index.php?rest_route=\/wp\/v2\/posts\/43497","targetHints":{"allow":["GET"]}}],"collection":[{"href":"https:\/\/edebiyyat-az.com\/index.php?rest_route=\/wp\/v2\/posts"}],"about":[{"href":"https:\/\/edebiyyat-az.com\/index.php?rest_route=\/wp\/v2\/types\/post"}],"author":[{"embeddable":true,"href":"https:\/\/edebiyyat-az.com\/index.php?rest_route=\/wp\/v2\/users\/2"}],"replies":[{"embeddable":true,"href":"https:\/\/edebiyyat-az.com\/index.php?rest_route=%2Fwp%2Fv2%2Fcomments&post=43497"}],"version-history":[{"count":2,"href":"https:\/\/edebiyyat-az.com\/index.php?rest_route=\/wp\/v2\/posts\/43497\/revisions"}],"predecessor-version":[{"id":43526,"href":"https:\/\/edebiyyat-az.com\/index.php?rest_route=\/wp\/v2\/posts\/43497\/revisions\/43526"}],"wp:attachment":[{"href":"https:\/\/edebiyyat-az.com\/index.php?rest_route=%2Fwp%2Fv2%2Fmedia&parent=43497"}],"wp:term":[{"taxonomy":"category","embeddable":true,"href":"https:\/\/edebiyyat-az.com\/index.php?rest_route=%2Fwp%2Fv2%2Fcategories&post=43497"},{"taxonomy":"post_tag","embeddable":true,"href":"https:\/\/edebiyyat-az.com\/index.php?rest_route=%2Fwp%2Fv2%2Ftags&post=43497"}],"curies":[{"name":"wp","href":"https:\/\/api.w.org\/{rel}","templated":true}]}}