{"id":43562,"date":"2022-12-31T10:00:00","date_gmt":"2022-12-31T06:00:00","guid":{"rendered":"http:\/\/edebiyyat-az.com\/?p=43562"},"modified":"2023-01-02T10:33:12","modified_gmt":"2023-01-02T06:33:12","slug":"ilham-%c9%99liyevin-dunya-az%c9%99rbaycanlilarinin-h%c9%99mr%c9%99yliyi-gunu-v%c9%99-yeni-il-munasib%c9%99til%c9%99-muraci%c9%99ti","status":"publish","type":"post","link":"https:\/\/edebiyyat-az.com\/?p=43562","title":{"rendered":"\u0130lham \u018fliyevin D\u00fcnuya Az\u0259rbaycanl\u0131lar\u0131n\u0131n H\u0259mr\u0259yliyi G\u00fcn\u00fc v\u0259 Yeni il m\u00fcnasib\u0259til\u0259 m\u00fcraci\u0259ti"},"content":{"rendered":"\n<figure class=\"wp-block-image size-large\"><a href=\"http:\/\/edebiyyat-az.com\/wp-content\/uploads\/2023\/01\/7a78523008d62adb3c3a4bde2b818c9d_9811067.jpg\"><img loading=\"lazy\" decoding=\"async\" width=\"1024\" height=\"519\" src=\"http:\/\/edebiyyat-az.com\/wp-content\/uploads\/2023\/01\/7a78523008d62adb3c3a4bde2b818c9d_9811067-1024x519.jpg\" alt=\"\" class=\"wp-image-43563\" srcset=\"https:\/\/edebiyyat-az.com\/wp-content\/uploads\/2023\/01\/7a78523008d62adb3c3a4bde2b818c9d_9811067-1024x519.jpg 1024w, https:\/\/edebiyyat-az.com\/wp-content\/uploads\/2023\/01\/7a78523008d62adb3c3a4bde2b818c9d_9811067-300x152.jpg 300w, https:\/\/edebiyyat-az.com\/wp-content\/uploads\/2023\/01\/7a78523008d62adb3c3a4bde2b818c9d_9811067-768x389.jpg 768w, https:\/\/edebiyyat-az.com\/wp-content\/uploads\/2023\/01\/7a78523008d62adb3c3a4bde2b818c9d_9811067-1536x778.jpg 1536w, https:\/\/edebiyyat-az.com\/wp-content\/uploads\/2023\/01\/7a78523008d62adb3c3a4bde2b818c9d_9811067-2048x1038.jpg 2048w\" sizes=\"auto, (max-width: 1024px) 100vw, 1024px\" \/><\/a><\/figure>\n\n\n\n<p>&#8211; \u018fziz h\u0259mv\u0259t\u0259nl\u0259r.<\/p>\n\n\n\n<p>Bir il \u0259vv\u0259l Yeni il bayram\u0131 m\u00fcnasib\u0259til\u0259 Az\u0259rbaycan xalq\u0131na m\u00fcraci\u0259t ed\u0259rk\u0259n demi\u015fdim ki, \u0259min\u0259m, 2022-ci il d\u0259 \u00f6lk\u0259miz \u00fc\u00e7\u00fcn u\u011furlu olacaq. Bel\u0259 d\u0259 oldu. Qar\u015f\u0131m\u0131zda duran b\u00fct\u00fcn v\u0259zif\u0259l\u0259r icra edildi, Az\u0259rbaycan daha da g\u00fccl\u0259ndi.<\/p>\n\n\n\n<p>\u0130ki il \u0259vv\u0259l d\u00f6y\u00fc\u015f meydan\u0131nda qazand\u0131\u011f\u0131m\u0131z tarixi Q\u0259l\u0259b\u0259mizi siyasi m\u00fcst\u0259vid\u0259 daha da m\u00f6hk\u0259ml\u0259ndirdik. Bu ilin oktyabr ay\u0131nda Praqa v\u0259 So\u00e7i g\u00f6r\u00fc\u015fl\u0259rind\u0259 Erm\u0259nistan \u00f6lk\u0259mizin \u0259razi b\u00fct\u00f6vl\u00fcy\u00fcn\u00fc v\u0259 suverenliyini r\u0259sm\u0259n tan\u0131d\u0131. Hesab edir\u0259m ki, bundan sonra Az\u0259rbaycan il\u0259 Erm\u0259nistan aras\u0131nda s\u00fclh m\u00fcqavil\u0259sinin imzalanmas\u0131 \u00fc\u00e7\u00fcn b\u00fct\u00fcn \u015f\u0259rtl\u0259r t\u0259min edildi v\u0259 Az\u0259rbaycan t\u0259r\u0259find\u0259n t\u0259klif olunmu\u015f m\u0259lum be\u015f prinsip \u0259sas\u0131nda s\u00fclh m\u00fcqavil\u0259si imzalana bil\u0259r.<\/p>\n\n\n\n<p>Bu il biz h\u0259rbi g\u00fcc\u00fcm\u00fcz\u00fc daha da art\u0131rm\u0131\u015f\u0131q, bu sah\u0259y\u0259 daim b\u00f6y\u00fck diqq\u0259t g\u00f6st\u0259rilir. Az\u0259rbaycan h\u0259m \u0130kinci Qaraba\u011f m\u00fcharib\u0259si d\u00f6vr\u00fcnd\u0259 \u00f6z h\u0259rbi g\u00fcc\u00fcn\u00fc g\u00f6st\u0259rmi\u015fdir, eyni zamanda, m\u00fcharib\u0259d\u0259n ke\u00e7\u0259n iki il \u0259rzind\u0259 biz apar\u0131lan islahatlar n\u0259tic\u0259sind\u0259, yeni silahl\u0131 birl\u0259\u015fm\u0259l\u0259rin yarad\u0131lmas\u0131 n\u0259tic\u0259sind\u0259, silahlar v\u0259 m\u00fcasir texnika il\u0259 ordumuzu t\u0259chiz etm\u0259yimiz n\u0259tic\u0259sind\u0259 daha da b\u00f6y\u00fck h\u0259rbi potensiala malik olduq.<\/p>\n\n\n\n<p>Bu il bir ne\u00e7\u0259 h\u0259rbi \u0259m\u0259liyyat ke\u00e7irildi v\u0259 bu \u0259m\u0259liyyatlar d\u00f6y\u00fc\u015f qabiliyy\u0259timizin y\u00fcks\u0259k s\u0259viyy\u0259d\u0259 olmas\u0131n\u0131 bir daha t\u0259sdiql\u0259di. F\u0259rrux \u0259m\u0259liyyat\u0131, \u201cQisas\u201d \u0259m\u0259liyyat\u0131, eyni zamanda, sentyabr ay\u0131nda Az\u0259rbaycan v\u0259 Erm\u0259nistan s\u0259rh\u0259di istiqam\u0259tind\u0259 ged\u0259n toqqu\u015fmalar bizim n\u00f6vb\u0259ti parlaq q\u0259l\u0259b\u0259mizl\u0259 n\u0259tic\u0259l\u0259ndi. S\u0259rh\u0259d toqqu\u015fmalar\u0131 n\u0259tic\u0259sind\u0259 Az\u0259rbaycan bir \u00e7ox \u0259lveri\u015fli strateji y\u00fcks\u0259klikl\u0259rd\u0259 \u00f6z m\u00f6vqel\u0259rini daha da m\u00f6hk\u0259ml\u0259ndir\u0259 bilmi\u015fdir.<\/p>\n\n\n\n<p>Avqustun 26-da &#8211; n\u0259z\u0259rd\u0259 tutulmu\u015f vaxtdan xeyli \u0259vv\u0259l biz La\u00e7\u0131n \u015f\u0259h\u0259rini d\u0259 azad etdik v\u0259 eyni zamanda, La\u00e7\u0131n rayonunun Zabux v\u0259 Sus k\u0259ndl\u0259rin\u0259 d\u0259 qay\u0131td\u0131q. Bu da b\u00f6y\u00fck nailiyy\u0259tdir. Art\u0131q La\u00e7\u0131n \u015f\u0259h\u0259rind\u0259 \u00e7ox geni\u015fmiqyasl\u0131 quruculuq-b\u0259rpa i\u015fl\u0259ri apar\u0131l\u0131r. \u018fmin\u0259m ki, biz 2023-c\u00fc ild\u0259 la\u00e7\u0131nl\u0131lar\u0131 La\u00e7\u0131na qaytaraca\u011f\u0131q, ilk ke\u00e7mi\u015f k\u00f6\u00e7k\u00fcnl\u0259r \u00f6z do\u011fma torpa\u011f\u0131na qay\u0131dacaqlar.<\/p>\n\n\n\n<p>Eyni zamanda, bu il A\u011fal\u0131 k\u0259ndind\u0259 h\u0259yat art\u0131q b\u0259rpa edilib. Birinci layih\u0259 icra edilmi\u015fdir v\u0259 z\u0259ngilanl\u0131lar \u00f6z do\u011fma torpa\u011f\u0131na qay\u0131tm\u0131\u015flar. Bu, tarixi hadis\u0259dir. \u00c7\u00fcnki m\u00fcharib\u0259d\u0259n iki il ke\u00e7m\u0259d\u0259n \u2013 c\u0259mi il yar\u0131mdan sonra biz art\u0131q birinci ke\u00e7mi\u015f k\u00f6\u00e7k\u00fcnl\u0259ri \u00f6z do\u011fma torpaqlar\u0131na qaytarm\u0131\u015f\u0131q, onlar \u00fc\u00e7\u00fcn g\u00f6z\u0259l \u015f\u0259rait yaratm\u0131\u015f\u0131q. Bu, bir daha onu g\u00f6st\u0259rir ki, d\u00f6vl\u0259timiz g\u00fccl\u00fcd\u00fcr v\u0259 irad\u0259miz yerind\u0259dir. Eyni zamanda, bu, xalq\u0131m\u0131z\u0131n b\u00f6y\u00fckl\u00fcy\u00fcn\u00fc g\u00f6st\u0259rir. Onu g\u00f6st\u0259rir ki, bizim v\u0259t\u0259nda\u015flar\u0131m\u0131z \u00f6z d\u0259d\u0259-baba torpaqlar\u0131na ba\u011fl\u0131d\u0131r, nec\u0259 dey\u0259rl\u0259r, torpaq \u00e7\u0259kir. H\u0259tta he\u00e7 vaxt o yerl\u0259ri g\u00f6rm\u0259y\u0259n g\u0259ncl\u0259r, u\u015faqlar, m\u0259kt\u0259blil\u0259r b\u00f6y\u00fck h\u0259v\u0259sl\u0259 A\u011fal\u0131ya qay\u0131d\u0131blar v\u0259 bu, bir daha xalq\u0131m\u0131z\u0131n b\u00f6y\u00fckl\u00fcy\u00fcn\u00fc g\u00f6st\u0259rir. Onu g\u00f6st\u0259rir ki, m\u0259cburi k\u00f6\u00e7k\u00fcnl\u0259r qay\u0131d\u0131\u015f g\u00fcn\u00fcn\u00fc s\u0259birsizlikl\u0259 g\u00f6zl\u0259yirl\u0259r.<\/p>\n\n\n\n<p>B\u00f6y\u00fck Qay\u0131d\u0131\u015f Proqram\u0131 u\u011furla icra edilir. Bir ne\u00e7\u0259 \u015f\u0259h\u0259rd\u0259 art\u0131q in\u015faat i\u015fl\u0259ri geni\u015f v\u00fcs\u0259t alm\u0131\u015fd\u0131r. \u0130lk n\u00f6vb\u0259d\u0259 \u015eu\u015fa, eyni zamanda, A\u011fdam, F\u00fczuli, Z\u0259ngilan, La\u00e7\u0131n \u015f\u0259h\u0259rl\u0259rind\u0259 geni\u015f quruculuq i\u015fl\u0259ri gedir, x\u0259st\u0259xanalar, m\u0259kt\u0259bl\u0259r, ya\u015fay\u0131\u015f binalar\u0131 in\u015fa edilir. Bununla b\u0259rab\u0259r, 10-dan \u00e7ox k\u0259ndin Ba\u015f plan\u0131 t\u0259sdiql\u0259ndi v\u0259 bir ne\u00e7\u0259 k\u0259ndin t\u0259m\u0259lini m\u0259n \u015f\u0259xs\u0259n qoymu\u015fam. B\u00fct\u00f6vl\u00fckd\u0259 dem\u0259liy\u0259m ki, azad edilmi\u015f b\u00fct\u00fcn \u015f\u0259h\u0259rl\u0259rimizin v\u0259 q\u0259s\u0259b\u0259l\u0259rimizin Ba\u015f planlar\u0131 haz\u0131rland\u0131, t\u0259sdiql\u0259ndi. B\u00fct\u00fcn i\u015fl\u0259r Ba\u015f planlar \u0259sas\u0131nda ged\u0259c\u0259k. Eyni zamanda, B\u00f6y\u00fck Qay\u0131d\u0131\u015f Proqram\u0131nda bizim b\u00fct\u00fcn planlar\u0131m\u0131z \u00f6z \u0259ksini tap\u0131b v\u0259 \u0259min\u0259m ki, y\u00fcz minl\u0259rl\u0259 ke\u00e7mi\u015f k\u00f6\u00e7k\u00fcn yax\u0131n g\u0259l\u0259c\u0259kd\u0259 \u00f6z do\u011fma torpa\u011f\u0131na qay\u0131dacaq.<\/p>\n\n\n\n<p>\u018flb\u0259tt\u0259 ki, bununla paralel olaraq, minat\u0259mizl\u0259m\u0259 i\u015fl\u0259ri apar\u0131l\u0131r. \u018ffsuslar olsun ki, Erm\u0259nistan biz\u0259 d\u0259qiq mina x\u0259rit\u0259l\u0259rini verm\u0259yib, 300-\u0259 yax\u0131n az\u0259rbaycanl\u0131 m\u00fcharib\u0259d\u0259n sonrak\u0131 d\u00f6vrd\u0259 mina faci\u0259si n\u0259tic\u0259sind\u0259 ya h\u0259lak olmu\u015f, ya da a\u011f\u0131r yaralanm\u0131\u015fd\u0131r.<\/p>\n\n\n\n<p>Bu il biz Z\u0259ngilan Beyn\u0259lxalq Hava Liman\u0131n\u0131n a\u00e7\u0131l\u0131\u015f\u0131n\u0131 etdik. Bu, azad edilmi\u015f torpaqlarda ikinci hava liman\u0131d\u0131r. \u00dc\u00e7\u00fcnc\u00fc hava liman\u0131 is\u0259 maksimum iki ild\u0259n sonra istifad\u0259y\u0259 veril\u0259c\u0259k.<\/p>\n\n\n\n<p>Z\u0259ng\u0259zur d\u0259hlizinin a\u00e7\u0131lmas\u0131 il\u0259 \u0259laq\u0259dar geni\u015fmiqyasl\u0131 i\u015fl\u0259r apar\u0131l\u0131r, d\u0259mir yollar\u0131, avtomobil yollar\u0131 \u00e7\u0259kilir. Z\u0259ng\u0259zur d\u0259hlizinin a\u00e7\u0131lmas\u0131 m\u00fctl\u0259q olmal\u0131d\u0131r, Erm\u0259nistan bunu ist\u0259s\u0259 d\u0259, ist\u0259m\u0259s\u0259 d\u0259. Biz ortaya g\u00fccl\u00fc irad\u0259 qoymu\u015fuq, b\u00fct\u00fcn i\u015fl\u0259r plan \u00fczr\u0259 gedir. Bizim t\u0259l\u0259bimiz \u0259sasl\u0131d\u0131r v\u0259 \u0259dal\u0259tlidir. Az\u0259rbaycan\u0131n \u0259sas hiss\u0259si il\u0259 onun ayr\u0131lmaz hiss\u0259si olan Nax\u00e7\u0131van Muxtar Respublikas\u0131 il\u0259 bizim ba\u011flant\u0131m\u0131z olmal\u0131d\u0131r v\u0259 olacaqd\u0131r.<\/p>\n\n\n\n<p>Azad edilmi\u015f \u0259razil\u0259rd\u0259 bizim tarixi binalar\u0131m\u0131z, o c\u00fcml\u0259d\u0259n m\u0259scidl\u0259rimiz \u0259sasl\u0131 \u015f\u0259kild\u0259 b\u0259rpa edilir v\u0259 yenid\u0259n in\u015fa olunur. M\u0259n bu r\u0259q\u0259mi s\u0259sl\u0259ndirmi\u015fdim, erm\u0259nil\u0259r i\u015f\u011fal d\u00f6vr\u00fcnd\u0259 67 m\u0259scidd\u0259n 65-ni tamamil\u0259 yerl\u0259-yeksan etmi\u015fl\u0259r. Onlar\u0131n b\u0259rpas\u0131, yenid\u0259n qurulmas\u0131 faktiki olaraq art\u0131q ba\u015flam\u0131\u015fd\u0131r v\u0259 t\u0259mir\u0259 ehtiyac\u0131 olan m\u0259scidl\u0259r d\u0259 t\u0259mir edilir. Onu da bildirm\u0259liy\u0259m, bizim dini abid\u0259l\u0259rimizin in\u015fas\u0131 v\u0259 t\u0259miri il\u0259 ba\u011fl\u0131 \u0259sas rolu Heyd\u0259r \u018fliyev Fondu oynay\u0131r. Faktiki olaraq b\u00fct\u00fcn m\u0259scidl\u0259r Heyd\u0259r \u018fliyev Fondunun x\u0259tti il\u0259 yenid\u0259n in\u015fa edilir.<\/p>\n\n\n\n<p>\u018flb\u0259tt\u0259 ki, b\u00fct\u00fcn bu nailiyy\u0259tl\u0259r\u0259 \u00e7atmaq \u00fc\u00e7\u00fcn bizim g\u00fccl\u00fc iqtisadiyyat\u0131m\u0131z olmal\u0131d\u0131r v\u0259 iqtisadi m\u00fcst\u0259qillik \u00e7oxdan t\u0259min edilib. Bu g\u00fcn Az\u0259rbaycan d\u00fcnya miqyas\u0131nda nadir \u00f6lk\u0259l\u0259rd\u0259ndir ki, he\u00e7 kimd\u0259n iqtisadi v\u0259 siyasi c\u0259h\u0259td\u0259n as\u0131l\u0131 deyil. \u018fg\u0259r bu ilin iqtisadi g\u00f6st\u0259ricil\u0259rin\u0259 n\u0259z\u0259r salsaq g\u00f6r\u0259rik ki, postpandemiya d\u00f6vr\u00fc \u00fc\u00e7\u00fcn n\u0259tic\u0259l\u0259r q\u0259na\u0259tb\u0259x\u015fdir. \u0130qtisadiyyat t\u0259xmin\u0259n 5 faiz art\u0131b, qeyri-neft sektorunda 9 faizd\u0259n \u00e7ox art\u0131b. Bununla b\u0259rab\u0259r, bizim \u00fcmumi daxili m\u0259hsulumuz bu il rekord h\u0259dd\u0259 &#8211; 130 milyard manata \u00e7at\u0131b. Bu, tarixi nailiyy\u0259tdir. Bununla paralel olaraq bizim xarici d\u00f6vl\u0259t borcumuz xeyli azal\u0131b. Bu v\u0259zif\u0259ni bir ne\u00e7\u0259 il bundan qabaq m\u0259n h\u00f6kum\u0259t qar\u015f\u0131s\u0131nda qoymu\u015fdum ki, bizim xarici borcumuz \u00fcmumi daxili m\u0259hsulumuzun 10 faizinin alt\u0131nda olmal\u0131d\u0131r. Ke\u00e7\u0259n il 17 faiz idi, bu ilin son n\u0259tic\u0259l\u0259rin\u0259 g\u00f6r\u0259 9,5 faizdir. M\u00fcqayis\u0259 \u00fc\u00e7\u00fcn dey\u0259 bil\u0259r\u0259m ki, b\u0259zi inki\u015faf etmi\u015f \u00f6lk\u0259l\u0259rd\u0259 xarici borc \u00fcmumi daxili m\u0259hsulun 100, 120, h\u0259tta 150 faizini t\u0259\u015fkil edir. Y\u0259ni, biz tamamil\u0259 beyn\u0259lxalq maliyy\u0259 institutlar\u0131ndan as\u0131l\u0131 deyilik.<\/p>\n\n\n\n<p>\u018flb\u0259tt\u0259, biz \u00fcmid edirik ki, beyn\u0259lxalq donor t\u0259\u015fkilatlar\u0131 \u00f6z diqq\u0259tini biz\u0259 d\u0259 istiqam\u0259tl\u0259ndir\u0259c\u0259kl\u0259r. \u00c7\u00fcnki bu d\u0259r\u0259c\u0259d\u0259 b\u00f6y\u00fck da\u011f\u0131nt\u0131lar tarixd\u0259 olmay\u0131b. Y\u0259ni, Az\u0259rbaycan b\u00f6y\u00fck ekoloji f\u0259lak\u0259tl\u0259, urbisidl\u0259 \u00fczl\u0259\u015fib. Ancaq \u0259fsuslar olsun ki, beyn\u0259lxalq donor t\u0259\u015fkilatlar\u0131 biz\u0259 bir manat, ya bir dollar k\u00f6m\u0259k etm\u0259yibl\u0259r. N\u0259inki donor t\u0259\u015fkilatlar\u0131, he\u00e7 kim biz\u0259 k\u00f6m\u0259k etmir, b\u00fct\u00fcn b\u0259rpa i\u015fl\u0259rini \u00f6z hesab\u0131m\u0131za apar\u0131r\u0131q v\u0259 aparaca\u011f\u0131q.<\/p>\n\n\n\n<p>Bu il energetika sah\u0259sind\u0259 \u00e7ox \u0259lam\u0259tdar hadis\u0259l\u0259r ba\u015f verib. \u0130lin ortas\u0131nda Az\u0259rbaycan il\u0259 Avropa \u0130ttifaq\u0131 aras\u0131nda enerji sah\u0259sind\u0259 strateji t\u0259r\u0259fda\u015fl\u0131\u011fa dair memorandum imzalanm\u0131\u015fd\u0131r. Art\u0131q bu memorandum icra edilir, Az\u0259rbaycan d\u00fcnya bazarlar\u0131na \u00f6z t\u0259bii qaz\u0131n\u0131n ixracat\u0131n\u0131 art\u0131r\u0131r. Bu ilin sonunda &#8211; dekabr\u0131n 17-d\u0259 is\u0259 yeni b\u00f6y\u00fck meqalayih\u0259y\u0259 start verildi. Qara d\u0259nizin dibi il\u0259 elektrik kabelinin \u00e7\u0259kili\u015fi imkan ver\u0259c\u0259k ki, Az\u0259rbaycan bu sah\u0259d\u0259 d\u0259 \u00f6z rolunu daha geni\u015f miqyasda oynas\u0131n. \u00c7\u00fcnki bu elektrik enerjisinin \u0259sas t\u0259chizat\u00e7\u0131s\u0131 Az\u0259rbaycan olacaq v\u0259 bu, ya\u015f\u0131l enerji olacaqd\u0131r. M\u0259n art\u0131q bir ne\u00e7\u0259 d\u0259f\u0259 demi\u015fdim ki, Qaraba\u011f v\u0259 \u015e\u0259rqi Z\u0259ng\u0259zur ya\u015f\u0131l enerji zonas\u0131 olmal\u0131d\u0131r. Art\u0131q biz buna nail oluruq v\u0259 olaca\u011f\u0131q. Eyni zamanda, Az\u0259rbaycan\u0131n \u00e7ox geni\u015f b\u0259rpaolunan enerji m\u0259nb\u0259l\u0259ri h\u0259m \u00f6lk\u0259miz \u00fc\u00e7\u00fcn, h\u0259m d\u0259 d\u00fcnya \u00fc\u00e7\u00fcn b\u00f6y\u00fck \u0259h\u0259miyy\u0259t k\u0259sb edir. M\u0259n bu r\u0259q\u0259ml\u0259ri bu yax\u0131nlarda s\u0259sl\u0259ndirmi\u015fdim, t\u0259sdiq edilmi\u015f b\u0259rpaolunan enerji m\u0259nb\u0259l\u0259rinin potensial\u0131 184 min meqavatd\u0131r. Bunun 157 mini X\u0259z\u0259r d\u0259nizinin Az\u0259rbaycan sektorunda m\u00f6vcuddur. Y\u0259ni, bu, \u00f6lk\u0259mizi \u0259v\u0259zolunmaz t\u0259r\u0259fda\u015fa, enerji sah\u0259sind\u0259 \u0259v\u0259zolunmaz t\u0259r\u0259fda\u015fa \u00e7evir\u0259c\u0259kdir.<\/p>\n\n\n\n<p>Biz \u0259n\u0259n\u0259vi olaraq regional inki\u015faf proqram\u0131 il\u0259 ciddi m\u0259\u015f\u011ful olmu\u015fuq. M\u0259nim regionlara bu il 30 s\u0259f\u0259rim olubdur, o c\u00fcml\u0259d\u0259n 21 s\u0259f\u0259r azad edilmi\u015f torpaqlarad\u0131r.<\/p>\n\n\n\n<p>M\u0259n bu ili \u201c\u015eu\u015fa \u0130li\u201d elan etmi\u015fdim. \u015eu\u015fan\u0131n 270 illiyini biz \u00e7ox geni\u015f v\u0259 b\u00f6y\u00fck t\u0259nt\u0259n\u0259 il\u0259 qeyd etdik. G\u0259l\u0259n il is\u0259 \u201cHeyd\u0259r \u018fliyev \u0130li\u201d elan edilib. G\u0259l\u0259n il biz Ulu \u00d6nd\u0259rin 100 illik yubileyini qeyd ed\u0259c\u0259yik. Heyd\u0259r \u018fliyevin xatir\u0259sin\u0259 \u0259n b\u00f6y\u00fck h\u00f6rm\u0259timiz onun yoluna s\u0259daq\u0259timizdir. Biz bu yolla gedirik v\u0259 bu g\u00fcn Az\u0259rbaycan reall\u0131qlar\u0131, u\u011furlar, q\u0259l\u0259b\u0259l\u0259r, bax, bu yolun t\u0259m\u0259lind\u0259 dayan\u0131b.<\/p>\n\n\n\n<p>Bu g\u00fcn D\u00fcnya Az\u0259rbaycanl\u0131lar\u0131n\u0131n H\u0259mr\u0259yliyi G\u00fcn\u00fcd\u00fcr. D\u00fcnyada ya\u015fayan b\u00fct\u00fcn soyda\u015flar\u0131m\u0131z\u0131 \u0259n\u0259n\u0259vi olaraq s\u0259mimiyy\u0259tl\u0259 salamlay\u0131r, onlara u\u011furlar arzulay\u0131ram. Onlar bilirl\u0259r ki, g\u00fccl\u00fc m\u00fcst\u0259qil Az\u0259rbaycan d\u00f6vl\u0259ti var v\u0259 onlar\u0131n arxas\u0131nda dayan\u0131r. \u018fmin\u0259m, bu g\u00fcn xaricd\u0259 ya\u015fayan az\u0259rbaycanl\u0131lar haql\u0131 olaraq f\u0259xr edirl\u0259r ki, m\u00fcst\u0259qil Az\u0259rbaycan\u0131n, m\u00fcz\u0259ff\u0259r Az\u0259rbaycan\u0131n \u00f6vladlar\u0131d\u0131r.<\/p>\n\n\n\n<p>Bu il \u015eu\u015fada ke\u00e7irilmi\u015f D\u00fcnya Az\u0259rbaycanl\u0131lar\u0131n\u0131n Qurultay\u0131 tarixi hadis\u0259 idi. Bu qurultay\u0131n m\u0259hz \u015eu\u015fada ke\u00e7irilm\u0259si \u00e7ox b\u00f6y\u00fck r\u0259mzi m\u0259na da\u015f\u0131y\u0131rd\u0131. Nec\u0259 ki, Az\u0259rbaycan c\u0259miyy\u0259ti, Az\u0259rbaycan v\u0259t\u0259nda\u015flar\u0131 bir yumruq kimi birl\u0259\u015fib, \u0259min\u0259m, d\u00fcnya az\u0259rbaycanl\u0131lar\u0131, onlar\u0131n m\u00fctl\u0259q \u0259ks\u0259riyy\u0259ti d\u0259 eyni yana\u015fma g\u00f6st\u0259r\u0259c\u0259kl\u0259r. H\u0259r halda g\u00fccl\u00fc Az\u0259rbaycan d\u00f6vl\u0259ti onlar \u00fc\u00e7\u00fcn b\u00f6y\u00fck dayaqd\u0131r.<\/p>\n\n\n\n<p>\u018fziz h\u0259mv\u0259t\u0259nl\u0259r.<\/p>\n\n\n\n<p>M\u0259n sizi Yeni il bayram\u0131 v\u0259 D\u00fcnya Az\u0259rbaycanl\u0131lar\u0131n\u0131n H\u0259mr\u0259yliyi G\u00fcn\u00fc m\u00fcnasib\u0259til\u0259 \u00fcr\u0259kd\u0259n t\u0259brik edir, cansa\u011fl\u0131\u011f\u0131, u\u011furlar arzulay\u0131ram.<\/p>\n\n\n\n<p>Bayram\u0131n\u0131z m\u00fcbar\u0259k olsun!<\/p>\n\n\n\n<figure class=\"wp-block-embed is-type-video is-provider-youtube wp-block-embed-youtube wp-embed-aspect-16-9 wp-has-aspect-ratio\"><div class=\"wp-block-embed__wrapper\">\n<iframe loading=\"lazy\" title=\"\u0130lham \u018fliyevin D\u00fcnya Az\u0259rbaycanl\u0131lar\u0131n\u0131n H\u0259mr\u0259yliyi G\u00fcn\u00fc v\u0259 Yeni il m\u00fcnasib\u0259til\u0259 m\u00fcraci\u0259ti\" width=\"500\" height=\"281\" src=\"https:\/\/www.youtube.com\/embed\/R9-rKmCgpm8?feature=oembed\" frameborder=\"0\" allow=\"accelerometer; autoplay; clipboard-write; encrypted-media; gyroscope; picture-in-picture; web-share\" referrerpolicy=\"strict-origin-when-cross-origin\" allowfullscreen><\/iframe>\n<\/div><\/figure>\n\n\n\n<p><strong>M\u0259nb\u0259:&nbsp;<a href=\"https:\/\/culture.gov.az\/\">https:\/\/president.az\/<\/a><\/strong><\/p>\n","protected":false},"excerpt":{"rendered":"<p>&#8211; \u018fziz h\u0259mv\u0259t\u0259nl\u0259r. Bir il \u0259vv\u0259l Yeni il bayram\u0131 m\u00fcnasib\u0259til\u0259 Az\u0259rbaycan xalq\u0131na m\u00fcraci\u0259t ed\u0259rk\u0259n demi\u015fdim ki, \u0259min\u0259m, 2022-ci il d\u0259 \u00f6lk\u0259miz \u00fc\u00e7\u00fcn u\u011furlu olacaq. Bel\u0259 d\u0259 oldu. Qar\u015f\u0131m\u0131zda duran b\u00fct\u00fcn v\u0259zif\u0259l\u0259r icra edildi, Az\u0259rbaycan daha da g\u00fccl\u0259ndi. \u0130ki il \u0259vv\u0259l d\u00f6y\u00fc\u015f meydan\u0131nda qazand\u0131\u011f\u0131m\u0131z tarixi Q\u0259l\u0259b\u0259mizi siyasi m\u00fcst\u0259vid\u0259 daha da m\u00f6hk\u0259ml\u0259ndirdik. Bu ilin oktyabr ay\u0131nda Praqa [&hellip;]<\/p>\n","protected":false},"author":2,"featured_media":0,"comment_status":"open","ping_status":"open","sticky":false,"template":"","format":"standard","meta":{"footnotes":""},"categories":[46],"tags":[],"class_list":["post-43562","post","type-post","status-publish","format-standard","hentry","category-azerbaycanprezidenti"],"_links":{"self":[{"href":"https:\/\/edebiyyat-az.com\/index.php?rest_route=\/wp\/v2\/posts\/43562","targetHints":{"allow":["GET"]}}],"collection":[{"href":"https:\/\/edebiyyat-az.com\/index.php?rest_route=\/wp\/v2\/posts"}],"about":[{"href":"https:\/\/edebiyyat-az.com\/index.php?rest_route=\/wp\/v2\/types\/post"}],"author":[{"embeddable":true,"href":"https:\/\/edebiyyat-az.com\/index.php?rest_route=\/wp\/v2\/users\/2"}],"replies":[{"embeddable":true,"href":"https:\/\/edebiyyat-az.com\/index.php?rest_route=%2Fwp%2Fv2%2Fcomments&post=43562"}],"version-history":[{"count":5,"href":"https:\/\/edebiyyat-az.com\/index.php?rest_route=\/wp\/v2\/posts\/43562\/revisions"}],"predecessor-version":[{"id":43572,"href":"https:\/\/edebiyyat-az.com\/index.php?rest_route=\/wp\/v2\/posts\/43562\/revisions\/43572"}],"wp:attachment":[{"href":"https:\/\/edebiyyat-az.com\/index.php?rest_route=%2Fwp%2Fv2%2Fmedia&parent=43562"}],"wp:term":[{"taxonomy":"category","embeddable":true,"href":"https:\/\/edebiyyat-az.com\/index.php?rest_route=%2Fwp%2Fv2%2Fcategories&post=43562"},{"taxonomy":"post_tag","embeddable":true,"href":"https:\/\/edebiyyat-az.com\/index.php?rest_route=%2Fwp%2Fv2%2Ftags&post=43562"}],"curies":[{"name":"wp","href":"https:\/\/api.w.org\/{rel}","templated":true}]}}