{"id":43698,"date":"2023-01-09T06:00:00","date_gmt":"2023-01-09T02:00:00","guid":{"rendered":"https:\/\/edebiyyat-az.com\/?p=43698"},"modified":"2023-01-09T15:56:51","modified_gmt":"2023-01-09T11:56:51","slug":"dask%c9%99ndd%c9%99ki-az%c9%99rbaycan-m%c9%99d%c9%99niyy%c9%99t-m%c9%99rk%c9%99zi-susa-ili-il%c9%99-bagli-coxsayli-layih%c9%99l%c9%99r-h%c9%99yata-kecirib","status":"publish","type":"post","link":"https:\/\/edebiyyat-az.com\/?p=43698","title":{"rendered":"Da\u015fk\u0259ndd\u0259ki Az\u0259rbaycan M\u0259d\u0259niyy\u0259t M\u0259rk\u0259zi \u201c\u015eu\u015fa \u0130li\u201d il\u0259 ba\u011fl\u0131 \u00e7oxsayl\u0131 layih\u0259l\u0259r h\u0259yata ke\u00e7irib"},"content":{"rendered":"\n<figure class=\"wp-block-image size-large\"><img decoding=\"async\" src=\"https:\/\/culture.gov.az\/medias\/news\/big\/10\/47421\/4.jpg\" alt=\"\"\/><\/figure>\n\n\n\n<p>Yola sald\u0131\u011f\u0131m\u0131z \u201c\u015eu\u015fa \u0130li\u201d \u00f6lk\u0259mizd\u0259 v\u0259 xaricd\u0259 \u00e7oxsayl\u0131 layih\u0259l\u0259rl\u0259 yadda qal\u0131b. Da\u015fk\u0259ndd\u0259ki Heyd\u0259r \u018fliyev ad\u0131na Az\u0259rbaycan M\u0259d\u0259niyy\u0259t M\u0259rk\u0259zi (AMM) d\u0259 maraql\u0131 \u0259d\u0259bi-m\u0259d\u0259ni t\u0259dbirl\u0259rl\u0259 il\u0259 \u00f6z t\u00f6hf\u0259sini verib. \u0130l \u0259rzind\u0259 qarda\u015f \u00f6lk\u0259d\u0259 konfranslar, poeziya m\u0259clisl\u0259ri t\u0259\u015fkil edilib, K\u0130V-d\u0259 m\u0259qal\u0259l\u0259r d\u0259rc olunub, televiziya verili\u015fl\u0259ri yay\u0131mlan\u0131b, mediaturlar, m\u00fcsabiq\u0259l\u0259r, s\u0259rgil\u0259r v\u0259 n\u0259\u015fr layih\u0259l\u0259ri h\u0259yata ke\u00e7irilib.&nbsp;<\/p>\n\n\n\n<p>AMM-in t\u0259\u015fkilat\u00e7\u0131l\u0131\u011f\u0131 il\u0259 \u00d6zb\u0259kistan Jurnalistl\u0259r Birliyi v\u0259 \u201c\u00d6zb\u0259kistan-Az\u0259rbaycan\u201d Dostluq C\u0259miyy\u0259ti il\u0259 birlikd\u0259 qarda\u015f \u00f6lk\u0259d\u0259 Az\u0259rbaycan haqq\u0131nda media i\u015f\u00e7il\u0259ri aras\u0131nda \u0259n yax\u015f\u0131 m\u0259qal\u0259 m\u00fcsabiq\u0259si t\u0259\u015fkil olunub. M\u00fcsabiq\u0259nin nominasiyalar\u0131ndan biri \u201c\u015eu\u015fa \u2013 Az\u0259rbaycan\u0131n m\u0259d\u0259niyy\u0259t paytaxt\u0131\u201d adland\u0131r\u0131l\u0131b. Bundan \u0259lav\u0259, \u00f6zb\u0259kistanl\u0131 jurnalistl\u0259rin \u00f6lk\u0259miz\u0259, eyni zamanda i\u015f\u011faldan azad edilmi\u015f \u0259razil\u0259rimiz\u0259 media-turu ke\u00e7irilib.&nbsp;<\/p>\n\n\n\n<p>\u00d6zb\u0259kistan Televiziyas\u0131nda jurnalist Manu\u00e7ehr Q\u0259l\u0259nd\u0259rzad\u0259nin apar\u0131c\u0131l\u0131\u011f\u0131 il\u0259 efir\u0259 ged\u0259n verili\u015fd\u0259 Az\u0259rbaycan\u0131n musiqi v\u0259 poeziya be\u015fiyi, \u201cQafqaz\u0131n konservatoriyas\u0131\u201d, Az\u0259rbaycan m\u0259d\u0259niyy\u0259tinin paytaxt\u0131 \u015eu\u015fa \u015f\u0259h\u0259ri haqq\u0131nda geni\u015f m\u0259lumat verilib.<\/p>\n\n\n\n<p>\u201c\u015eu\u015fa \u0130li\u201d il\u0259 ba\u011fl\u0131 AMM-in layih\u0259si il\u0259 Da\u015fk\u0259ndd\u0259ki \u201cTuran\u201d Kitabxana-\u0130nformasiya M\u0259rk\u0259zind\u0259 yarad\u0131lan \u201cQaraba\u011f gu\u015f\u0259si\u201dn\u0259 Qaraba\u011f\u0131n m\u0259d\u0259ni irsi, abid\u0259l\u0259rin\u0259 dair n\u0259\u015frl\u0259r, xal\u00e7alar, suvenirl\u0259r, milli geyiml\u0259r h\u0259diyy\u0259 edilib.&nbsp; \u00d6zb\u0259kistan\u0131n Surxand\u0259rya vilay\u0259tind\u0259 ke\u00e7iril\u0259n Az\u0259rbaycan m\u0259d\u0259niyy\u0259ti g\u00fcnl\u0259ri \u00e7\u0259r\u00e7iv\u0259sind\u0259 Termiz D\u00f6vl\u0259t Universitetind\u0259 Xur\u015fidbanu Nat\u0259van ad\u0131na \u201cAz\u0259rbaycan oca\u011f\u0131\u201dn\u0131n a\u00e7\u0131l\u0131\u015f\u0131 olub. \u201cAz\u0259rbaycan oca\u011f\u0131\u201dnda Xan q\u0131z\u0131n\u0131n b\u00f6y\u00fck portreti, \u015fair\u0259nin h\u0259yat v\u0259 yarad\u0131c\u0131l\u0131\u011f\u0131 haqq\u0131nda m\u0259lumat l\u00f6vh\u0259si, habel\u0259 \u015eu\u015fa v\u0259 Qaraba\u011fa aid bannerl\u0259r, r\u0259sm v\u0259 fotolar yerl\u0259\u015fdirilib. Burada \u00f6lk\u0259miz\u0259 dair m\u00fcxt\u0259lif n\u0259\u015frl\u0259r d\u0259 toplan\u0131b.<\/p>\n\n\n\n<p>\u201c\u015eu\u015fa \u0130li\u201d \u00e7\u0259r\u00e7iv\u0259sind\u0259 AMM-in t\u0259\u015f\u0259bb\u00fcs\u00fc v\u0259 t\u0259\u015fkilat\u00e7\u0131l\u0131\u011f\u0131 il\u0259 XIX \u0259srin ikinci yar\u0131s\u0131nda \u015eu\u015fada f\u0259aliyy\u0259t g\u00f6st\u0259rmi\u015f \u201cM\u0259clisi-f\u0259ramu\u015fan\u201d (\u201cUnudulmu\u015flar m\u0259clisi\u201d) poeziya m\u0259clisi yenid\u0259n b\u0259rpa edilib, ilk olaraq Az\u0259rbaycan\u0131n v\u0259 \u00d6zb\u0259kistan\u0131n g\u0259nc \u015fairl\u0259rinin i\u015ftirak\u0131 il\u0259 ad\u0131\u00e7\u0259kil\u0259n \u0259d\u0259bi m\u0259clisin ilk toplant\u0131s\u0131 ke\u00e7irilib. Eyni zamanda \u015eu\u015fada Az\u0259rbaycan v\u0259 \u00d6zb\u0259kistan \u015fairl\u0259rinin i\u015ftirak\u0131 il\u0259 \u201cM\u0259clisi-f\u0259ramu\u015fan\u201d \u015fairl\u0259r m\u0259clisinin r\u0259smi a\u00e7\u0131l\u0131\u015f\u0131 olub.<\/p>\n\n\n\n<p>\u00c7\u0131x\u0131\u015flardan sonra Molla P\u0259nah Vaqifin m\u0259qb\u0259r\u0259si \u00f6n\u00fcnd\u0259 xalq \u015fairi N\u0259riman H\u0259s\u0259nzad\u0259, yazarlardan \u0130lqar F\u0259hmi, Sayman Aruz, \u00d6zb\u0259kistan Yaz\u0131\u00e7\u0131lar Birliyinin s\u0259dr m\u00fcavini, \u015fair Qayrat M\u0259cid, t\u0259rc\u00fcm\u0259\u00e7i-\u0259d\u0259biyyat\u015f\u00fcnas Babaxan \u015e\u0259rif v\u0259 ba\u015fqalar\u0131 T\u00fcrk d\u00fcnyas\u0131, birlik, h\u0259mr\u0259ylik m\u00f6vzusunda \u015feirl\u0259r s\u0259sl\u0259ndiribl\u0259r. N\u00f6vb\u0259ti ill\u0259rd\u0259 Az\u0259rbaycan M\u0259d\u0259niyy\u0259t Nazirliyi v\u0259 T\u00dcRKSOY-un d\u0259st\u0259yi il\u0259 \u015fairl\u0259r m\u0259clisinin T\u00fcrk D\u00f6vl\u0259tl\u0259ri T\u0259\u015fkilat\u0131n\u0131n dig\u0259r \u00fczv \u00f6lk\u0259l\u0259rinin \u015fairl\u0259rinin i\u015ftirak\u0131 il\u0259 \u015eu\u015fada ke\u00e7irilm\u0259si planla\u015fd\u0131r\u0131l\u0131r.<\/p>\n\n\n\n<p>\u201c\u015eu\u015fa \u0130li\u201d il\u0259 \u00e7\u0259r\u00e7iv\u0259sind\u0259 Xur\u015fidbanu Nat\u0259van\u0131n&nbsp; anadan olmas\u0131n\u0131n 190 illiyi m\u00fcnasib\u0259til\u0259 AMM t\u0259r\u0259find\u0259n onun \u0259s\u0259rl\u0259rinin \u00f6zb\u0259k dilin\u0259 t\u0259rc\u00fcm\u0259 v\u0259 n\u0259\u015fr layih\u0259si d\u0259 h\u0259yata ke\u00e7irilib, \u201cXur\u015fidbanu Nat\u0259van \u2013 xur\u015fid\u0259 yet\u0259r ba\u015f\u0131m\u201d adl\u0131 kitab i\u015f\u0131q \u00fcz\u00fc g\u00f6r\u00fcb. N\u0259\u015frd\u0259 \u015fair\u0259nin \u00f6z\u00fc t\u0259r\u0259find\u0259n \u00e7\u0259kdiyi r\u0259sml\u0259rin fotolar\u0131, \u015f\u0259xsi kolleksiyas\u0131na aid \u015f\u0259kill\u0259r d\u0259 yer al\u0131b. Az\u0259rbaycan v\u0259 \u00f6zb\u0259k dill\u0259rind\u0259 i\u015f\u0131q \u00fcz\u00fc g\u00f6rm\u00fc\u015f kitab h\u0259r iki \u00f6lk\u0259d\u0259 b\u00f6y\u00fck maraqla qar\u015f\u0131lan\u0131b. N\u0259\u015frin Bak\u0131da ke\u00e7iril\u0259n 8-ci Beyn\u0259lxalq Kitab S\u0259rgisind\u0259, habel\u0259 Da\u015fk\u0259ndd\u0259 t\u0259\u015fkil olunan&nbsp; Beyn\u0259lxalq Kitab S\u0259rgi-Yarmarkas\u0131nda t\u0259qdimatlar\u0131 realla\u015f\u0131b.<\/p>\n\n\n\n<ul class=\"wp-block-list\" id=\"image-gallery\">\n<li><a href=\"https:\/\/culture.gov.az\/medias\/news\/big\/10\/47421\/4.jpg\"><\/a><\/li>\n<\/ul>\n\n\n\n<ul class=\"wp-block-list\">\n<li><strong><a href=\"https:\/\/edebiyyatqazeti.az\/\"><strong>M\u0259nb\u0259:&nbsp;<\/strong><\/a><strong><a href=\"https:\/\/culture.gov.az\/\">https:\/\/culture.gov.az<\/a><\/strong><\/strong><\/li>\n<\/ul>\n","protected":false},"excerpt":{"rendered":"<p>Yola sald\u0131\u011f\u0131m\u0131z \u201c\u015eu\u015fa \u0130li\u201d \u00f6lk\u0259mizd\u0259 v\u0259 xaricd\u0259 \u00e7oxsayl\u0131 layih\u0259l\u0259rl\u0259 yadda qal\u0131b. Da\u015fk\u0259ndd\u0259ki Heyd\u0259r \u018fliyev ad\u0131na Az\u0259rbaycan M\u0259d\u0259niyy\u0259t M\u0259rk\u0259zi (AMM) d\u0259 maraql\u0131 \u0259d\u0259bi-m\u0259d\u0259ni t\u0259dbirl\u0259rl\u0259 il\u0259 \u00f6z t\u00f6hf\u0259sini verib. \u0130l \u0259rzind\u0259 qarda\u015f \u00f6lk\u0259d\u0259 konfranslar, poeziya m\u0259clisl\u0259ri t\u0259\u015fkil edilib, K\u0130V-d\u0259 m\u0259qal\u0259l\u0259r d\u0259rc olunub, televiziya verili\u015fl\u0259ri yay\u0131mlan\u0131b, mediaturlar, m\u00fcsabiq\u0259l\u0259r, s\u0259rgil\u0259r v\u0259 n\u0259\u015fr layih\u0259l\u0259ri h\u0259yata ke\u00e7irilib.&nbsp; AMM-in t\u0259\u015fkilat\u00e7\u0131l\u0131\u011f\u0131 il\u0259 \u00d6zb\u0259kistan [&hellip;]<\/p>\n","protected":false},"author":2,"featured_media":0,"comment_status":"open","ping_status":"open","sticky":false,"template":"","format":"standard","meta":{"footnotes":""},"categories":[49],"tags":[],"class_list":["post-43698","post","type-post","status-publish","format-standard","hentry","category-medeniyyat"],"_links":{"self":[{"href":"https:\/\/edebiyyat-az.com\/index.php?rest_route=\/wp\/v2\/posts\/43698","targetHints":{"allow":["GET"]}}],"collection":[{"href":"https:\/\/edebiyyat-az.com\/index.php?rest_route=\/wp\/v2\/posts"}],"about":[{"href":"https:\/\/edebiyyat-az.com\/index.php?rest_route=\/wp\/v2\/types\/post"}],"author":[{"embeddable":true,"href":"https:\/\/edebiyyat-az.com\/index.php?rest_route=\/wp\/v2\/users\/2"}],"replies":[{"embeddable":true,"href":"https:\/\/edebiyyat-az.com\/index.php?rest_route=%2Fwp%2Fv2%2Fcomments&post=43698"}],"version-history":[{"count":2,"href":"https:\/\/edebiyyat-az.com\/index.php?rest_route=\/wp\/v2\/posts\/43698\/revisions"}],"predecessor-version":[{"id":43743,"href":"https:\/\/edebiyyat-az.com\/index.php?rest_route=\/wp\/v2\/posts\/43698\/revisions\/43743"}],"wp:attachment":[{"href":"https:\/\/edebiyyat-az.com\/index.php?rest_route=%2Fwp%2Fv2%2Fmedia&parent=43698"}],"wp:term":[{"taxonomy":"category","embeddable":true,"href":"https:\/\/edebiyyat-az.com\/index.php?rest_route=%2Fwp%2Fv2%2Fcategories&post=43698"},{"taxonomy":"post_tag","embeddable":true,"href":"https:\/\/edebiyyat-az.com\/index.php?rest_route=%2Fwp%2Fv2%2Ftags&post=43698"}],"curies":[{"name":"wp","href":"https:\/\/api.w.org\/{rel}","templated":true}]}}