{"id":43699,"date":"2023-01-09T07:00:00","date_gmt":"2023-01-09T03:00:00","guid":{"rendered":"https:\/\/edebiyyat-az.com\/?p=43699"},"modified":"2023-01-09T15:57:18","modified_gmt":"2023-01-09T11:57:18","slug":"milli-kitabxanada-nizami-g%c9%99nc%c9%99vinin-nadir-%c9%99lyazmalarinin-digital-nusx%c9%99l%c9%99rinin-t%c9%99qdimati-olacaq","status":"publish","type":"post","link":"https:\/\/edebiyyat-az.com\/?p=43699","title":{"rendered":"Milli Kitabxanada Nizami  G\u0259nc\u0259vinin nadir \u0259lyazmalar\u0131n\u0131n digital n\u00fcsx\u0259l\u0259rinin t\u0259qdimat\u0131 olacaq"},"content":{"rendered":"\n<figure class=\"wp-block-image size-large\"><img decoding=\"async\" src=\"https:\/\/azertag.az\/files\/2023\/1\/1200x630\/1673245949191745626_1200x630.jpg\" alt=\"\"\/><\/figure>\n\n\n\n<p>Az\u0259rbaycan Milli Kitabxanas\u0131 M\u0259d\u0259niyy\u0259t Nazirliyi il\u0259 birg\u0259 h\u0259yata ke\u00e7irdiyi \u201cMilli-m\u0259n\u0259vi s\u0259rv\u0259tl\u0259rimizin V\u0259t\u0259n\u0259 qay\u0131d\u0131\u015f\u0131\u201d layih\u0259si \u00e7\u0259r\u00e7iv\u0259sind\u0259 d\u00fcnyan\u0131n \u0259n z\u0259ngin kitabxanalar\u0131nda m\u00fchafiz\u0259 olunan b\u00f6y\u00fck Az\u0259rbaycan \u015fairi Nizami G\u0259nc\u0259vinin 156 nadir \u0259lyazmas\u0131n\u0131n digital (elektron) n\u00fcsx\u0259l\u0259rinin \u00f6lk\u0259miz\u0259 g\u0259tirilm\u0259sini t\u0259min edib.<\/p>\n\n\n\n<p>Milli Kitabxanadan&nbsp;<a href=\"https:\/\/azertag.az\/\" target=\"_blank\" rel=\"noreferrer noopener\">AZ\u018fRTAC<\/a>-a bildirilib ki, bu qiym\u0259tli \u0259lyazmalar\u0131n 30 n\u00fcsx\u0259si h\u0259r biri 1 n\u00fcsx\u0259 olmaqla n\u0259fis \u015f\u0259kild\u0259 \u00e7ap olunaraq nadir kitablar fonduna daxil olunub.<\/p>\n\n\n\n<p>Ara\u015fd\u0131rma zaman\u0131 onlar\u0131n aras\u0131nda dahi Nizaminin \u015feirl\u0259rinin d\u0259 yer ald\u0131\u011f\u0131 1295-ci ild\u0259 k\u00f6\u00e7\u00fcr\u00fcl\u0259n v\u0259 b\u00f6y\u00fck \u015fairin \u0259n q\u0259dim \u0259lyazmas\u0131 oldu\u011fu ehtimal edil\u0259n n\u00fcsx\u0259nin oldu\u011fu v\u0259 1312-ci ild\u0259 k\u00f6\u00e7\u00fcr\u00fclm\u00fc\u015f \u0259n q\u0259dim \u201cX\u0259ms\u0259\u201d \u0259lyazmas\u0131 da a\u015fkar olunub.<\/p>\n\n\n\n<p>Yanvar\u0131n 10-da Milli Kitabxanada h\u0259min nad<\/p>\n\n\n\n<p><strong><a href=\"https:\/\/edebiyyatqazeti.az\/\"><strong>M\u0259nb\u0259:&nbsp;<\/strong><\/a><strong><a href=\"https:\/\/culture.gov.az\/\">https:\/\/azertag.az<\/a><\/strong><\/strong><\/p>\n\n\n\n<p><\/p>\n","protected":false},"excerpt":{"rendered":"<p>Az\u0259rbaycan Milli Kitabxanas\u0131 M\u0259d\u0259niyy\u0259t Nazirliyi il\u0259 birg\u0259 h\u0259yata ke\u00e7irdiyi \u201cMilli-m\u0259n\u0259vi s\u0259rv\u0259tl\u0259rimizin V\u0259t\u0259n\u0259 qay\u0131d\u0131\u015f\u0131\u201d layih\u0259si \u00e7\u0259r\u00e7iv\u0259sind\u0259 d\u00fcnyan\u0131n \u0259n z\u0259ngin kitabxanalar\u0131nda m\u00fchafiz\u0259 olunan b\u00f6y\u00fck Az\u0259rbaycan \u015fairi Nizami G\u0259nc\u0259vinin 156 nadir \u0259lyazmas\u0131n\u0131n digital (elektron) n\u00fcsx\u0259l\u0259rinin \u00f6lk\u0259miz\u0259 g\u0259tirilm\u0259sini t\u0259min edib. Milli Kitabxanadan&nbsp;AZ\u018fRTAC-a bildirilib ki, bu qiym\u0259tli \u0259lyazmalar\u0131n 30 n\u00fcsx\u0259si h\u0259r biri 1 n\u00fcsx\u0259 olmaqla n\u0259fis \u015f\u0259kild\u0259 \u00e7ap olunaraq nadir [&hellip;]<\/p>\n","protected":false},"author":2,"featured_media":0,"comment_status":"open","ping_status":"open","sticky":false,"template":"","format":"standard","meta":{"footnotes":""},"categories":[49],"tags":[],"class_list":["post-43699","post","type-post","status-publish","format-standard","hentry","category-medeniyyat"],"_links":{"self":[{"href":"https:\/\/edebiyyat-az.com\/index.php?rest_route=\/wp\/v2\/posts\/43699","targetHints":{"allow":["GET"]}}],"collection":[{"href":"https:\/\/edebiyyat-az.com\/index.php?rest_route=\/wp\/v2\/posts"}],"about":[{"href":"https:\/\/edebiyyat-az.com\/index.php?rest_route=\/wp\/v2\/types\/post"}],"author":[{"embeddable":true,"href":"https:\/\/edebiyyat-az.com\/index.php?rest_route=\/wp\/v2\/users\/2"}],"replies":[{"embeddable":true,"href":"https:\/\/edebiyyat-az.com\/index.php?rest_route=%2Fwp%2Fv2%2Fcomments&post=43699"}],"version-history":[{"count":2,"href":"https:\/\/edebiyyat-az.com\/index.php?rest_route=\/wp\/v2\/posts\/43699\/revisions"}],"predecessor-version":[{"id":43744,"href":"https:\/\/edebiyyat-az.com\/index.php?rest_route=\/wp\/v2\/posts\/43699\/revisions\/43744"}],"wp:attachment":[{"href":"https:\/\/edebiyyat-az.com\/index.php?rest_route=%2Fwp%2Fv2%2Fmedia&parent=43699"}],"wp:term":[{"taxonomy":"category","embeddable":true,"href":"https:\/\/edebiyyat-az.com\/index.php?rest_route=%2Fwp%2Fv2%2Fcategories&post=43699"},{"taxonomy":"post_tag","embeddable":true,"href":"https:\/\/edebiyyat-az.com\/index.php?rest_route=%2Fwp%2Fv2%2Ftags&post=43699"}],"curies":[{"name":"wp","href":"https:\/\/api.w.org\/{rel}","templated":true}]}}