{"id":43700,"date":"2023-01-09T08:00:00","date_gmt":"2023-01-09T04:00:00","guid":{"rendered":"https:\/\/edebiyyat-az.com\/?p=43700"},"modified":"2023-01-09T15:57:29","modified_gmt":"2023-01-09T11:57:29","slug":"vizual-informasiya-dasiyicilari-v%c9%99-isigah%c9%99ssas-materiallar-adli-d%c9%99rslik-cap-olunub","status":"publish","type":"post","link":"https:\/\/edebiyyat-az.com\/?p=43700","title":{"rendered":"\u201cVizual informasiya  da\u015f\u0131y\u0131c\u0131lar\u0131 v\u0259 i\u015f\u0131\u011fah\u0259ssas materiallar\u201d adl\u0131 d\u0259rslik \u00e7ap olunub"},"content":{"rendered":"\n<figure class=\"wp-block-image size-large\"><img decoding=\"async\" src=\"https:\/\/azertag.az\/files\/2023\/1\/1200x630\/1673249574480303672_1200x630.jpg\" alt=\"\"\/><\/figure>\n\n\n\n<p>\u018fm\u0259kdar inc\u0259s\u0259n\u0259t xadimi, professor Rafiq Quliyevin uzun ill\u0259rin t\u0259cr\u00fcb\u0259sind\u0259n b\u0259hr\u0259l\u0259n\u0259r\u0259k yazd\u0131\u011f\u0131 \u201cVizual informasiya da\u015f\u0131y\u0131c\u0131lar\u0131 v\u0259 i\u015f\u0131\u011fah\u0259ssas materiallar\u201d adl\u0131 d\u0259rslik i\u015f\u0131q \u00fcz\u00fc g\u00f6r\u00fcb.<\/p>\n\n\n\n<p><a href=\"https:\/\/azertag.az\/\" target=\"_blank\" rel=\"noreferrer noopener\">AZ\u018fRTAC<\/a>&nbsp;x\u0259b\u0259r verir ki, d\u0259rslikd\u0259 pe\u015f\u0259kar kino-teleoperator v\u0259 fotoqraflara kinematoqrafiya v\u0259 foto s\u0259n\u0259tind\u0259 istifad\u0259 olunan informasiya da\u015f\u0131y\u0131c\u0131lar\u0131 v\u0259 i\u015f\u0131\u011fah\u0259ssas q\u0259buledicil\u0259r, real g\u00f6r\u00fcnt\u00fcn\u00fcn r\u0259q\u0259msal informasiyaya v\u0259 daha sonra optik t\u0259svir\u0259 transformasiya \u00fcsullar\u0131, i\u015f\u0131\u011fah\u0259ssas q\u0259buledicil\u0259rin h\u0259nd\u0259si parametrl\u0259ri, onlar\u0131n fotoqrafik xass\u0259l\u0259ri, \u00e7\u0259kili\u015f an\u0131nda v\u0259 yaxud sonrak\u0131 m\u0259rh\u0259l\u0259l\u0259rd\u0259 h\u0259min xass\u0259 g\u00f6st\u0259ricil\u0259rinin t\u0259nziml\u0259nm\u0259 metodlar\u0131 haqq\u0131nda, kino-fotolent v\u0259 i\u015f\u0131\u011fah\u0259ssas sensorlar\u0131n fotoqrafik xass\u0259l\u0259ri aras\u0131nda m\u00f6vcud olan ox\u015far v\u0259 f\u0259rqli c\u0259h\u0259tl\u0259rl\u0259 ba\u011fl\u0131 bilgil\u0259r \u00f6z \u0259ksini tap\u0131b.<\/p>\n\n\n\n<p>Rafiq Quliyev bildirib ki, son ill\u0259rd\u0259 tan\u0131nm\u0131\u015f kinooperatorlar\u0131n u\u011furlu t\u0259cr\u00fcb\u0259sin\u0259 \u0259sas\u0259n h\u0259tta, r\u0259q\u0259msal kameralardan istifad\u0259 etm\u0259kl\u0259 y\u00fcks\u0259k fotoqrafik keyfiyy\u0259t\u0259, m\u00fc\u0259llifl\u0259rin n\u0259z\u0259rd\u0259 tutduqlar\u0131 psixoestetik t\u0259sir\u0259 malik ekran g\u00f6r\u00fcnt\u00fcl\u0259rin\u0259 nail olmaq m\u00fcmk\u00fcnd\u00fcr: \u201cBunun \u00fc\u00e7\u00fcn daim t\u0259kmill\u0259\u015f\u0259n r\u0259q\u0259msal i\u015f\u0131\u011fah\u0259ssas q\u0259buledicil\u0259rin h\u0259nd\u0259si, fotoqrafik parametrl\u0259ri, onlar\u0131n t\u0259nziml\u0259nm\u0259 \u00fcsullar\u0131, ilkin g\u00f6r\u00fcnt\u00fcl\u0259rin transformasiyas\u0131n\u0131n, r\u0259ng ayarlamalar\u0131n\u0131n d\u00fczg\u00fcn apar\u0131lmas\u0131 il\u0259 ba\u011fl\u0131 bilikl\u0259r\u0259 yiy\u0259l\u0259nm\u0259k z\u0259ruridir\u201d.<\/p>\n\n\n\n<p>D\u0259rsliyin elmi redaktoru \u018fm\u0259kdar inc\u0259s\u0259n\u0259t xadimi, rejissor C\u0259mil Quliyev, r\u0259y\u00e7il\u0259ri &#8211; \u018fm\u0259kdar inc\u0259s\u0259n\u0259t xadiml\u0259ri R\u0259fail Q\u0259mb\u0259rov, Adil Abbasov v\u0259 Nizami Abbasovdur.<\/p>\n\n\n\n<p>Az\u0259rbaycan D\u00f6vl\u0259t M\u0259d\u0259niyy\u0259t v\u0259 \u0130nc\u0259s\u0259n\u0259t Universitetinin Elmi \u015euras\u0131n\u0131n q\u0259rar\u0131 il\u0259 \u00e7apa t\u00f6vsiy\u0259 edil\u0259n d\u0259rsliyin n\u0259\u015fri Az\u0259rbaycan Kinematoqraf\u00e7\u0131lar \u0130ttifaq\u0131 t\u0259r\u0259find\u0259n maliyy\u0259l\u0259\u015fdirilib.<\/p>\n\n\n\n<p>Xat\u0131rladaq ki, Rafiq Quliyev 20-d\u0259n art\u0131q b\u0259dii, 40-a yax\u0131n s\u0259n\u0259dli film \u00fcz\u0259rind\u0259 rejissor, operator v\u0259 ssenari m\u00fc\u0259llifi kimi \u00e7al\u0131\u015f\u0131b.<\/p>\n\n\n\n<p><strong><a href=\"https:\/\/edebiyyatqazeti.az\/\"><strong>M\u0259nb\u0259:&nbsp;<\/strong><\/a><strong><a href=\"https:\/\/culture.gov.az\/\">https:\/\/azertag.az<\/a><\/strong><\/strong><\/p>\n","protected":false},"excerpt":{"rendered":"<p>\u018fm\u0259kdar inc\u0259s\u0259n\u0259t xadimi, professor Rafiq Quliyevin uzun ill\u0259rin t\u0259cr\u00fcb\u0259sind\u0259n b\u0259hr\u0259l\u0259n\u0259r\u0259k yazd\u0131\u011f\u0131 \u201cVizual informasiya da\u015f\u0131y\u0131c\u0131lar\u0131 v\u0259 i\u015f\u0131\u011fah\u0259ssas materiallar\u201d adl\u0131 d\u0259rslik i\u015f\u0131q \u00fcz\u00fc g\u00f6r\u00fcb. AZ\u018fRTAC&nbsp;x\u0259b\u0259r verir ki, d\u0259rslikd\u0259 pe\u015f\u0259kar kino-teleoperator v\u0259 fotoqraflara kinematoqrafiya v\u0259 foto s\u0259n\u0259tind\u0259 istifad\u0259 olunan informasiya da\u015f\u0131y\u0131c\u0131lar\u0131 v\u0259 i\u015f\u0131\u011fah\u0259ssas q\u0259buledicil\u0259r, real g\u00f6r\u00fcnt\u00fcn\u00fcn r\u0259q\u0259msal informasiyaya v\u0259 daha sonra optik t\u0259svir\u0259 transformasiya \u00fcsullar\u0131, i\u015f\u0131\u011fah\u0259ssas q\u0259buledicil\u0259rin h\u0259nd\u0259si [&hellip;]<\/p>\n","protected":false},"author":2,"featured_media":0,"comment_status":"open","ping_status":"open","sticky":false,"template":"","format":"standard","meta":{"footnotes":""},"categories":[49],"tags":[],"class_list":["post-43700","post","type-post","status-publish","format-standard","hentry","category-medeniyyat"],"_links":{"self":[{"href":"https:\/\/edebiyyat-az.com\/index.php?rest_route=\/wp\/v2\/posts\/43700","targetHints":{"allow":["GET"]}}],"collection":[{"href":"https:\/\/edebiyyat-az.com\/index.php?rest_route=\/wp\/v2\/posts"}],"about":[{"href":"https:\/\/edebiyyat-az.com\/index.php?rest_route=\/wp\/v2\/types\/post"}],"author":[{"embeddable":true,"href":"https:\/\/edebiyyat-az.com\/index.php?rest_route=\/wp\/v2\/users\/2"}],"replies":[{"embeddable":true,"href":"https:\/\/edebiyyat-az.com\/index.php?rest_route=%2Fwp%2Fv2%2Fcomments&post=43700"}],"version-history":[{"count":2,"href":"https:\/\/edebiyyat-az.com\/index.php?rest_route=\/wp\/v2\/posts\/43700\/revisions"}],"predecessor-version":[{"id":43745,"href":"https:\/\/edebiyyat-az.com\/index.php?rest_route=\/wp\/v2\/posts\/43700\/revisions\/43745"}],"wp:attachment":[{"href":"https:\/\/edebiyyat-az.com\/index.php?rest_route=%2Fwp%2Fv2%2Fmedia&parent=43700"}],"wp:term":[{"taxonomy":"category","embeddable":true,"href":"https:\/\/edebiyyat-az.com\/index.php?rest_route=%2Fwp%2Fv2%2Fcategories&post=43700"},{"taxonomy":"post_tag","embeddable":true,"href":"https:\/\/edebiyyat-az.com\/index.php?rest_route=%2Fwp%2Fv2%2Ftags&post=43700"}],"curies":[{"name":"wp","href":"https:\/\/api.w.org\/{rel}","templated":true}]}}