{"id":43702,"date":"2023-01-09T10:00:00","date_gmt":"2023-01-09T06:00:00","guid":{"rendered":"https:\/\/edebiyyat-az.com\/?p=43702"},"modified":"2023-01-09T15:58:01","modified_gmt":"2023-01-09T11:58:01","slug":"boyuk-sair-v%c9%99-d%c9%99y%c9%99rli-el-agsaqqali-soltan-abbas","status":"publish","type":"post","link":"https:\/\/edebiyyat-az.com\/?p=43702","title":{"rendered":"B\u00f6y\u00fck \u015fair v\u0259 d\u0259y\u0259rli el a\u011fsaqqal\u0131, Soltan Abbas!"},"content":{"rendered":"\n<figure class=\"wp-block-image size-full is-resized\"><a href=\"https:\/\/edebiyyat-az.com\/wp-content\/uploads\/2023\/01\/Soltan_Abbas.jpg\"><img loading=\"lazy\" decoding=\"async\" src=\"https:\/\/edebiyyat-az.com\/wp-content\/uploads\/2023\/01\/Soltan_Abbas.jpg\" alt=\"\" class=\"wp-image-43709\" width=\"708\" height=\"708\" srcset=\"https:\/\/edebiyyat-az.com\/wp-content\/uploads\/2023\/01\/Soltan_Abbas.jpg 538w, https:\/\/edebiyyat-az.com\/wp-content\/uploads\/2023\/01\/Soltan_Abbas-300x300.jpg 300w, https:\/\/edebiyyat-az.com\/wp-content\/uploads\/2023\/01\/Soltan_Abbas-150x150.jpg 150w\" sizes=\"auto, (max-width: 708px) 100vw, 708px\" \/><\/a><\/figure>\n\n\n\n<p>&nbsp;&nbsp;&nbsp;&nbsp;&nbsp;&nbsp;&nbsp;&nbsp; Sizi 90 illik yubileyiniz m\u00fcnasib\u0259ti il\u0259 \u00fcr\u0259kd\u0259n t\u0259brik edir,&nbsp; Uca Tanr\u0131n\u0131n izni il\u0259 sa\u011flam \u015f\u0259kild\u0259 100 ya\u015f\u0131 adlay\u0131b ke\u00e7m\u0259nizi dil\u0259yir\u0259m.<\/p>\n\n\n\n<p>&nbsp;&nbsp;&nbsp;&nbsp;&nbsp;&nbsp;&nbsp; Siz \u00e7a\u011fda\u015f Az\u0259rbaycan \u0259d\u0259biyyat\u0131nda \u00f6z\u00fcn\u0259m\u0259xsus s\u00f6z\u00fc, yeri v\u0259 n\u0259f\u0259si olan \u015fairl\u0259rimizd\u0259n birisiz. \u00d6z\u00fcm\u00fc xo\u015fb\u0259xt say\u0131ram ki,&nbsp; Sizi \u015f\u0259xs\u0259n tan\u0131maq, d\u0259f\u0259l\u0259rl\u0259 h\u0259ms\u00f6hb\u0259t olmaq, h\u0259yata v\u0259 d\u00fcnyaya m\u00fcdrik bax\u0131\u015flar\u0131n\u0131z\u0131n ifad\u0259si olan d\u0259rin m\u0259zmunlu s\u00f6hb\u0259tl\u0259rinizi dinl\u0259m\u0259k s\u0259ad\u0259tini ya\u015fam\u0131\u015fam.<\/p>\n\n\n\n<p>&nbsp;&nbsp;&nbsp;&nbsp;&nbsp;&nbsp;&nbsp; Mu\u011fan b\u00f6lg\u0259sind\u0259 s\u00f6z\u00fcn daha \u00e7ox d\u0259y\u0259r qazanmas\u0131nda, poeziyan\u0131n, \u00fcmumilikd\u0259 \u0259d\u0259bi d\u0259y\u0259rl\u0259rin xalq aras\u0131nda sevilm\u0259sind\u0259 Sizin b\u00f6y\u00fck \u0259m\u0259yiniz dan\u0131lmazd\u0131r. Siz 1971-ci ild\u0259 Salyanda yaranan \u201cK\u00fcr\u00fcn t\u00f6hf\u0259si\u201d \u018fd\u0259bi Birliyinin ilk s\u0259dri olmusuz. Bir ne\u00e7\u0259 il bu \u0259d\u0259bi quruma r\u0259hb\u0259rlik etdikd\u0259n sonra Neft\u00e7alada yaranan \u201cX\u0259z\u0259r n\u0259\u011fm\u0259l\u0259ri\u201d \u018fd\u0259bi Birliyin\u0259 s\u0259dr se\u00e7ilmisiz. N\u0259 mutlu m\u0259n\u0259 ki, ilk s\u0259dri Siz oldu\u011funuz \u201cK\u00fcr\u00fcn t\u00f6hf\u0259si\u201d \u018fd\u0259bi Birliyin\u0259 8 il \u2013 2000-ci ild\u0259n 2008-ci il\u0259 q\u0259d\u0259r r\u0259hb\u0259rlik etdim. O zamanlar m\u0259n\u0259 ilk xeyir-dua ver\u0259n a\u011fsaqqallardan biri Siz oldunuz. 2008-ci ild\u0259 Az\u0259rbaycan Yaz\u0131\u00e7\u0131lar Birliyi Mu\u011fan B\u00f6lm\u0259sinin Salyanda ke\u00e7iril\u0259n t\u0259sis konfrans\u0131nda Xalq yaz\u0131\u00e7\u0131s\u0131 Anar\u0131n t\u0259klifi il\u0259 B\u00f6lm\u0259nin s\u0259dri se\u00e7ildim. B\u00f6lm\u0259y\u0259 r\u0259hb\u0259rlik etdiyim bu 7 ild\u0259 d\u0259 h\u0259r zaman &nbsp;Sizin m\u0259n\u0259vi d\u0259st\u0259yinizi hiss etdim. Son 40-50 ild\u0259 Mu\u011fan b\u00f6lg\u0259sind\u0259 do\u011fulub boya-ba\u015fa \u00e7atan q\u0259l\u0259m adamlar\u0131n\u0131n \u00e7oxu Sizi \u00f6z\u00fcn\u0259 ustad, m\u00fc\u0259llim hesab edir, Sizd\u0259n \u00f6yr\u0259nir, b\u0259hr\u0259l\u0259nirl\u0259r. Siz bu g\u00fcn d\u0259 \u00f6mr\u00fcn\u00fcz\u00fcn m\u00fcdrik \u00e7a\u011f\u0131nda yaz\u0131b-yarad\u0131rs\u0131z, Neft\u00e7alada \u201cX\u0259z\u0259r n\u0259\u011fm\u0259l\u0259ri\u201d \u018fd\u0259bi Birliyin\u0259 r\u0259hb\u0259rlik edirsiz, onlarla yarad\u0131c\u0131 g\u0259nc\u0259 y\u00f6n verirsiz.<\/p>\n\n\n\n<p>&nbsp;&nbsp;&nbsp;&nbsp;&nbsp; Siz z\u0259ngin h\u0259yat yolu ke\u00e7misiz. L\u0259yaq\u0259tli \u00f6m\u00fcr ya\u015fam\u0131s\u0131z. Mill\u0259timiz v\u0259 d\u00f6vl\u0259timiz ad\u0131na alq\u0131\u015fa layiq \u0259m\u0259ll\u0259r\u0259 imza atm\u0131s\u0131z.&nbsp; B\u00f6y\u00fck \u015fairimiz X\u0259lil Rza Ulut\u00fcrk\u00fcn dediyi kimi saniy\u0259nizi q\u0131z\u0131l kimi x\u0259rcl\u0259misiz. Bu n\u0259d\u0259nl\u0259 90 ya\u015f\u0131n\u0131zda Mu\u011fan elinin a\u011fsaqqal\u0131 kimi qutsal bir titulu haqq etmisiz. Bel\u0259 \u00f6m\u00fcr v\u0259 bel\u0259 a\u011fsaqqall\u0131q h\u0259r Tanr\u0131 b\u0259nd\u0259sin\u0259 n\u0259sib olmur.<\/p>\n\n\n\n<p>&nbsp;&nbsp;&nbsp;&nbsp;&nbsp;&nbsp; D\u0259y\u0259rli \u015fairimiz, \u0259ziz a\u011fsaqqal\u0131m\u0131z, Soltan Abbas!<\/p>\n\n\n\n<p>&nbsp;&nbsp;&nbsp;&nbsp;&nbsp;&nbsp; Sizi bir daha 90 illik yubileyiniz m\u00fcnasib\u0259ti il\u0259 \u00fcr\u0259kd\u0259n t\u0259brik edir\u0259m. Can\u0131n\u0131z h\u0259r zaman&nbsp; sa\u011flam, ba\u015f\u0131n\u0131z uca olsun.<\/p>\n\n\n\n<p>&nbsp;&nbsp;&nbsp;&nbsp;&nbsp;&nbsp;&nbsp;&nbsp;&nbsp; Tanr\u0131n\u0131n izni il\u0259 100 ya\u015f\u0131n\u0131zda g\u00f6r\u00fc\u015f\u0259n\u0259d\u0259k.<\/p>\n\n\n\n<p>&nbsp;&nbsp;&nbsp;&nbsp;&nbsp;&nbsp;&nbsp;&nbsp;&nbsp;&nbsp;&nbsp;&nbsp;&nbsp;&nbsp;&nbsp;&nbsp;&nbsp;&nbsp;&nbsp;&nbsp;&nbsp;&nbsp;&nbsp;&nbsp;&nbsp;&nbsp;&nbsp;&nbsp;&nbsp;&nbsp;&nbsp;&nbsp;&nbsp;&nbsp;&nbsp;&nbsp;&nbsp;&nbsp;&nbsp;&nbsp;&nbsp;&nbsp;&nbsp;&nbsp;&nbsp;&nbsp;&nbsp;&nbsp;&nbsp;&nbsp;&nbsp;&nbsp;&nbsp;&nbsp; Say\u011f\u0131lar\u0131mla;<\/p>\n\n\n\n<p>&nbsp;&nbsp;&nbsp;&nbsp;&nbsp;&nbsp;&nbsp;&nbsp;&nbsp;&nbsp;&nbsp;&nbsp;&nbsp;&nbsp;&nbsp;&nbsp;&nbsp;&nbsp;&nbsp;&nbsp;&nbsp;&nbsp;&nbsp;&nbsp;&nbsp;&nbsp;&nbsp;&nbsp;&nbsp;&nbsp;&nbsp;&nbsp;&nbsp;&nbsp;&nbsp;&nbsp;&nbsp;&nbsp;&nbsp;&nbsp;&nbsp;&nbsp;&nbsp;&nbsp;&nbsp;&nbsp;&nbsp;&nbsp;&nbsp;&nbsp;&nbsp;&nbsp;&nbsp;&nbsp; <strong>Namiq Hac\u0131heyd\u0259rli<\/strong><\/p>\n\n\n\n<p>&nbsp;&nbsp;&nbsp;&nbsp;&nbsp;&nbsp;&nbsp;&nbsp;&nbsp;&nbsp;&nbsp;&nbsp;&nbsp;&nbsp;&nbsp;&nbsp;&nbsp;&nbsp;&nbsp;&nbsp;&nbsp;&nbsp;&nbsp;&nbsp;&nbsp;&nbsp;&nbsp;&nbsp;&nbsp;&nbsp;&nbsp;&nbsp;&nbsp;&nbsp;&nbsp;&nbsp;&nbsp;&nbsp;&nbsp;&nbsp;&nbsp;&nbsp;&nbsp;&nbsp;&nbsp;&nbsp;&nbsp;&nbsp;&nbsp;&nbsp;&nbsp;&nbsp;&nbsp;&nbsp; Prezident M\u00fckafat\u00e7\u0131s\u0131<\/p>\n\n\n\n<p>&nbsp;&nbsp;&nbsp;&nbsp;&nbsp;&nbsp;&nbsp;&nbsp;&nbsp;&nbsp;&nbsp;&nbsp;&nbsp;&nbsp;&nbsp;&nbsp;&nbsp;&nbsp;&nbsp;&nbsp;&nbsp;&nbsp;&nbsp;&nbsp;&nbsp;&nbsp;&nbsp;&nbsp;&nbsp;&nbsp;&nbsp;&nbsp;&nbsp;&nbsp; &nbsp;&nbsp;&nbsp;&nbsp;&nbsp;&nbsp;&nbsp;&nbsp;&nbsp;&nbsp;&nbsp;&nbsp;&nbsp;&nbsp;&nbsp;&nbsp;&nbsp;&nbsp;&nbsp;&nbsp;\u015eair, ara\u015fd\u0131rma\u00e7\u0131<\/p>\n","protected":false},"excerpt":{"rendered":"<p>&nbsp;&nbsp;&nbsp;&nbsp;&nbsp;&nbsp;&nbsp;&nbsp; Sizi 90 illik yubileyiniz m\u00fcnasib\u0259ti il\u0259 \u00fcr\u0259kd\u0259n t\u0259brik edir,&nbsp; Uca Tanr\u0131n\u0131n izni il\u0259 sa\u011flam \u015f\u0259kild\u0259 100 ya\u015f\u0131 adlay\u0131b ke\u00e7m\u0259nizi dil\u0259yir\u0259m. &nbsp;&nbsp;&nbsp;&nbsp;&nbsp;&nbsp;&nbsp; Siz \u00e7a\u011fda\u015f Az\u0259rbaycan \u0259d\u0259biyyat\u0131nda \u00f6z\u00fcn\u0259m\u0259xsus s\u00f6z\u00fc, yeri v\u0259 n\u0259f\u0259si olan \u015fairl\u0259rimizd\u0259n birisiz. \u00d6z\u00fcm\u00fc xo\u015fb\u0259xt say\u0131ram ki,&nbsp; Sizi \u015f\u0259xs\u0259n tan\u0131maq, d\u0259f\u0259l\u0259rl\u0259 h\u0259ms\u00f6hb\u0259t olmaq, h\u0259yata v\u0259 d\u00fcnyaya m\u00fcdrik bax\u0131\u015flar\u0131n\u0131z\u0131n ifad\u0259si olan d\u0259rin m\u0259zmunlu s\u00f6hb\u0259tl\u0259rinizi dinl\u0259m\u0259k [&hellip;]<\/p>\n","protected":false},"author":2,"featured_media":0,"comment_status":"open","ping_status":"open","sticky":false,"template":"","format":"standard","meta":{"footnotes":""},"categories":[5],"tags":[],"class_list":["post-43702","post","type-post","status-publish","format-standard","hentry","category-pub"],"_links":{"self":[{"href":"https:\/\/edebiyyat-az.com\/index.php?rest_route=\/wp\/v2\/posts\/43702","targetHints":{"allow":["GET"]}}],"collection":[{"href":"https:\/\/edebiyyat-az.com\/index.php?rest_route=\/wp\/v2\/posts"}],"about":[{"href":"https:\/\/edebiyyat-az.com\/index.php?rest_route=\/wp\/v2\/types\/post"}],"author":[{"embeddable":true,"href":"https:\/\/edebiyyat-az.com\/index.php?rest_route=\/wp\/v2\/users\/2"}],"replies":[{"embeddable":true,"href":"https:\/\/edebiyyat-az.com\/index.php?rest_route=%2Fwp%2Fv2%2Fcomments&post=43702"}],"version-history":[{"count":2,"href":"https:\/\/edebiyyat-az.com\/index.php?rest_route=\/wp\/v2\/posts\/43702\/revisions"}],"predecessor-version":[{"id":43747,"href":"https:\/\/edebiyyat-az.com\/index.php?rest_route=\/wp\/v2\/posts\/43702\/revisions\/43747"}],"wp:attachment":[{"href":"https:\/\/edebiyyat-az.com\/index.php?rest_route=%2Fwp%2Fv2%2Fmedia&parent=43702"}],"wp:term":[{"taxonomy":"category","embeddable":true,"href":"https:\/\/edebiyyat-az.com\/index.php?rest_route=%2Fwp%2Fv2%2Fcategories&post=43702"},{"taxonomy":"post_tag","embeddable":true,"href":"https:\/\/edebiyyat-az.com\/index.php?rest_route=%2Fwp%2Fv2%2Ftags&post=43702"}],"curies":[{"name":"wp","href":"https:\/\/api.w.org\/{rel}","templated":true}]}}