{"id":43717,"date":"2023-01-09T12:00:00","date_gmt":"2023-01-09T08:00:00","guid":{"rendered":"http:\/\/edebiyyat-az.com\/?p=43717"},"modified":"2023-01-09T16:03:07","modified_gmt":"2023-01-09T12:03:07","slug":"bu-gun-xalq-sairi-z%c9%99limxan-yaqubun-anim-gunudu","status":"publish","type":"post","link":"https:\/\/edebiyyat-az.com\/?p=43717","title":{"rendered":"Bu g\u00fcn Xalq \u015fairi Z\u0259limxan YAQUBun an\u0131m g\u00fcn\u00fcd\u00fc"},"content":{"rendered":"\n<figure class=\"wp-block-image size-full\"><a href=\"http:\/\/edebiyyat-az.com\/wp-content\/uploads\/2023\/01\/image-6.png\"><img decoding=\"async\" src=\"http:\/\/edebiyyat-az.com\/wp-content\/uploads\/2023\/01\/image-6.png\" alt=\"\" class=\"wp-image-43718\"\/><\/a><\/figure>\n\n\n\n<p><strong>Z\u0259limxan Yaqub<\/strong>&nbsp;(<a href=\"https:\/\/az.wikipedia.org\/wiki\/Az%C9%99rbaycan_dili\"><em>az\u0259rb.<\/em><\/a>&nbsp;<em>Z\u0259limxan Yusif o\u011flu Yaqubov<\/em>\u200e;&nbsp;<a href=\"https:\/\/az.wikipedia.org\/wiki\/21_yanvar\">21 yanvar<\/a>&nbsp;<a href=\"https:\/\/az.wikipedia.org\/wiki\/1950\">1950<\/a>,&nbsp;<a href=\"https:\/\/az.wikipedia.org\/wiki\/K%C9%99p%C9%99n%C9%99k%C3%A7i_(Bolnisi)\">K\u0259p\u0259n\u0259k\u00e7i<\/a>,&nbsp;<a href=\"https:\/\/az.wikipedia.org\/wiki\/Bolnisi_b%C9%99l%C9%99diyy%C9%99si\">Bolnisi rayonu<\/a>&nbsp;\u2013&nbsp;<a href=\"https:\/\/az.wikipedia.org\/wiki\/9_yanvar\">9 yanvar<\/a>&nbsp;<a href=\"https:\/\/az.wikipedia.org\/wiki\/2016\">2016<\/a>,&nbsp;<a href=\"https:\/\/az.wikipedia.org\/wiki\/Bak%C4%B1\">Bak\u0131<\/a>) \u2014 Az\u0259rbaycan\u0131n xalq \u015fairi (2005), ictimai xadim.&nbsp;<a href=\"https:\/\/az.wikipedia.org\/wiki\/Az%C9%99rbaycan_Respublikas%C4%B1n%C4%B1n_Milli_M%C9%99clisi\">Az\u0259rbaycan Respublikas\u0131n\u0131n Milli M\u0259clisinin<\/a>&nbsp;deputat\u0131 (1995\u20132005)<\/p>\n\n\n\n<h2 class=\"wp-block-heading\">H\u0259yat\u0131[<a href=\"https:\/\/az.wikipedia.org\/w\/index.php?title=Z%C9%99limxan_Yaqub&amp;veaction=edit&amp;section=1\">redakt\u0259<\/a>&nbsp;|&nbsp;<a href=\"https:\/\/az.wikipedia.org\/w\/index.php?title=Z%C9%99limxan_Yaqub&amp;action=edit&amp;section=1\">m\u0259nb\u0259ni redakt\u0259 et<\/a>]<\/h2>\n\n\n\n<p>Z\u0259limxan Yaqub 1950-ci il yanvar\u0131n 21-d\u0259 Bor\u00e7al\u0131n\u0131n&nbsp;<a href=\"https:\/\/az.wikipedia.org\/wiki\/Bolnisi\">Bolnisi<\/a>&nbsp;rayonunun&nbsp;<a href=\"https:\/\/az.wikipedia.org\/wiki\/Bolus_K%C9%99p%C9%99n%C9%99k%C3%A7isi\">K\u0259p\u0259n\u0259k\u00e7i<\/a>&nbsp;k\u0259ndind\u0259 anadan olmu\u015fdur.<sup><a href=\"https:\/\/az.wikipedia.org\/wiki\/Z%C9%99limxan_Yaqub#cite_note-oxu.az-1\">[1]<\/a><\/sup><\/p>\n\n\n\n<p>1967-ci ild\u0259 do\u011fuldu\u011fu k\u0259ndd\u0259 orta m\u0259kt\u0259bi, 1972-ci ild\u0259 is\u0259&nbsp;<a href=\"https:\/\/az.wikipedia.org\/wiki\/Az%C9%99rbaycan_D%C3%B6vl%C9%99t_Universiteti\">Az\u0259rbaycan D\u00f6vl\u0259t Universitetinin<\/a>&nbsp;kitabxana\u00e7\u0131l\u0131q fak\u00fclt\u0259sini bitirmi\u015fdir.<sup><a href=\"https:\/\/az.wikipedia.org\/wiki\/Z%C9%99limxan_Yaqub#cite_note-timeturk.com-2\">[2]<\/a><\/sup><\/p>\n\n\n\n<p>1973-c\u00fc ild\u0259n 1978-ci il\u0259 q\u0259d\u0259r \u201cAz\u0259rkitab\u201d sistemind\u0259, \u201cKitab pasaj\u0131\u201d adl\u0131 kitab d\u00fckan\u0131nda sat\u0131c\u0131, ba\u015f sat\u0131c\u0131, \u015f\u00f6b\u0259 m\u00fcdiri, 1975-ci ild\u0259n 1985-ci il\u0259 q\u0259d\u0259r Az\u0259rbaycan K\u00f6n\u00fcll\u00fc Kitabsev\u0259rl\u0259r C\u0259miyy\u0259tind\u0259 t\u0259bli\u011fat \u015f\u00f6b\u0259sind\u0259 redaktor, \u015f\u00f6b\u0259 m\u00fcdiri, 1987-ci ild\u0259n 1994-c\u00fc il\u0259 q\u0259d\u0259r&nbsp;<a href=\"https:\/\/az.wikipedia.org\/wiki\/Yaz%C4%B1%C3%A7%C4%B1_n%C9%99%C5%9Friyyat%C4%B1\">\u201cYaz\u0131\u00e7\u0131\u201d n\u0259\u015friyyat\u0131nda<\/a>&nbsp;poeziya \u015f\u00f6b\u0259sind\u0259 redaktor, \u015f\u00f6b\u0259 m\u00fcdiri v\u0259zif\u0259l\u0259rind\u0259 \u00e7al\u0131\u015f\u0131b.<sup><a href=\"https:\/\/az.wikipedia.org\/wiki\/Z%C9%99limxan_Yaqub#cite_note-oxu.az-1\">[1]<\/a><\/sup><\/p>\n\n\n\n<p>1995\u20132005-ci ill\u0259rd\u0259&nbsp;<a href=\"https:\/\/az.wikipedia.org\/wiki\/Az%C9%99rbaycan_Respublikas%C4%B1n%C4%B1n_Milli_M%C9%99clisi\">Az\u0259rbaycan Respublikas\u0131n\u0131n Milli M\u0259clisinin<\/a>&nbsp;deputat\u0131 olmu\u015fdur.<\/p>\n\n\n\n<p>\u0130lk \u015feiri 1966-c\u0131 il oktyabr\u0131n 4-d\u0259, G\u00fcrc\u00fcstan SSR Bolnisi rayon q\u0259zeti \u201cQ\u0259l\u0259b\u0259 bayra\u011f\u0131\u201dnda d\u0259rc edilib.<\/p>\n\n\n\n<p><a href=\"https:\/\/az.wikipedia.org\/wiki\/Fayl:Z%C9%99limxan_Yaqub_v%C9%99_B%C9%99hm%C9%99n_V%C9%99t%C9%99no%C4%9Flu.jpg\"><\/a><\/p>\n\n\n\n<p><a href=\"https:\/\/az.wikipedia.org\/wiki\/Fayl:Z%C9%99limxan_Yaqub_v%C9%99_B%C9%99hm%C9%99n_V%C9%99t%C9%99no%C4%9Flu.jpg\"><\/a><\/p>\n\n\n\n<p><a href=\"https:\/\/az.wikipedia.org\/wiki\/B%C9%99hm%C9%99n_V%C9%99t%C9%99no%C4%9Flu\">B\u0259hm\u0259n V\u0259t\u0259no\u011flu<\/a>&nbsp;v\u0259 Z\u0259limxan Yaqub<\/p>\n\n\n\n<p>1983-c\u00fc ild\u0259n&nbsp;<a href=\"https:\/\/az.wikipedia.org\/wiki\/Az%C9%99rbaycan_Yaz%C4%B1%C3%A7%C4%B1lar_Birliyi\">AYB<\/a>-n\u0131n \u00fczv\u00fcd\u00fcr.<sup><a href=\"https:\/\/az.wikipedia.org\/wiki\/Z%C9%99limxan_Yaqub#cite_note-oxu.az-1\">[1]<\/a><\/sup><\/p>\n\n\n\n<p>2008-ci il avqust ay\u0131n\u0131n 29-da Az\u0259rbaycan a\u015f\u0131qlar\u0131n\u0131n V qurultay\u0131nda&nbsp;<a href=\"https:\/\/az.wikipedia.org\/wiki\/Az%C9%99rbaycan_A%C5%9F%C4%B1qlar_Birliyi\">Az\u0259rbaycan A\u015f\u0131qlar Birliyinin<\/a>&nbsp;s\u0259dri se\u00e7ilib.<sup><a href=\"https:\/\/az.wikipedia.org\/wiki\/Z%C9%99limxan_Yaqub#cite_note-OD-1-3\">[3]<\/a><\/sup><\/p>\n\n\n\n<p>1994-c\u00fc ild\u0259n Az\u0259rbaycan Respublika Prezidenti yan\u0131nda \u018ffv Komissiyas\u0131n\u0131n \u00fczv\u00fcd\u00fcr.<\/p>\n\n\n\n<p>R\u0259smi n\u00fcmay\u0259nd\u0259 hey\u0259tinin t\u0259rkibind\u0259 1995\u20132000-ci ill\u0259rd\u0259&nbsp;<a href=\"https:\/\/az.wikipedia.org\/wiki\/%C3%87in\">\u00c7ind\u0259<\/a>,&nbsp;<a href=\"https:\/\/az.wikipedia.org\/wiki\/S%C9%99udiyy%C9%99_%C6%8Fr%C9%99bistan%C4%B1\">S\u0259udiyy\u0259 \u018fr\u0259bistan\u0131nda<\/a>,&nbsp;<a href=\"https:\/\/az.wikipedia.org\/wiki\/Almaniya\">Almaniyada<\/a>,&nbsp;<a href=\"https:\/\/az.wikipedia.org\/wiki\/Amerika_Birl%C9%99%C5%9Fmi%C5%9F_%C5%9Etatlar%C4%B1\">AB\u015e<\/a>-da,&nbsp;<a href=\"https:\/\/az.wikipedia.org\/wiki\/%C4%B0sve%C3%A7\">\u0130sve\u00e7d\u0259<\/a>,&nbsp;<a href=\"https:\/\/az.wikipedia.org\/wiki\/%C4%B0sve%C3%A7r%C9%99\">\u0130sve\u00e7r\u0259d\u0259<\/a>,&nbsp;<a href=\"https:\/\/az.wikipedia.org\/wiki\/Q%C4%B1r%C4%9F%C4%B1z%C4%B1stan\">Q\u0131r\u011f\u0131z\u0131standa<\/a>,&nbsp;<a href=\"https:\/\/az.wikipedia.org\/wiki\/T%C3%BCrkiy%C9%99\">T\u00fcrkiy\u0259d\u0259<\/a>,&nbsp;<a href=\"https:\/\/az.wikipedia.org\/wiki\/Fransa\">Fransada<\/a>&nbsp;v\u0259&nbsp;<a href=\"https:\/\/az.wikipedia.org\/wiki\/%C4%B0raq\">\u0130raqda<\/a>&nbsp;i\u015fg\u00fczar s\u0259f\u0259rl\u0259rd\u0259 olub.<\/p>\n\n\n\n<p>Z\u0259limxan Yaqub uzun m\u00fcdd\u0259t&nbsp;<a href=\"https:\/\/az.wikipedia.org\/w\/index.php?title=B%C3%B6yr%C9%99k_%C3%A7at%C4%B1%C5%9Fmazl%C4%B1%C4%9F%C4%B1&amp;action=edit&amp;redlink=1\">b\u00f6yr\u0259k \u00e7at\u0131\u015fmazl\u0131\u011f\u0131ndan<\/a>&nbsp;\u0259ziyy\u0259t \u00e7\u0259kib.&nbsp;<a href=\"https:\/\/az.wikipedia.org\/wiki\/T%C3%BCrkiy%C9%99\">T\u00fcrkiy\u0259<\/a>,&nbsp;<a href=\"https:\/\/az.wikipedia.org\/wiki\/Almaniya\">Almaniya<\/a>&nbsp;kimi \u00f6lk\u0259l\u0259rd\u0259 m\u00fcalic\u0259 kursu ke\u00e7ib. H\u0259r iki&nbsp;<a href=\"https:\/\/az.wikipedia.org\/wiki\/B%C3%B6yr%C9%99k\">b\u00f6yr\u0259yi<\/a>&nbsp;olmayan ictimai xadim \u00f6mr\u00fcn\u00fcn son ill\u0259rind\u0259 dializ q\u0259bul etm\u0259kl\u0259 ya\u015fay\u0131b. O, 2016-c\u0131 il&nbsp;<a href=\"https:\/\/az.wikipedia.org\/wiki\/9_yanvar\">yanvar\u0131n 9<\/a>-da d\u00fcnyas\u0131n\u0131 d\u0259yi\u015fib.<\/p>\n\n\n\n<h2 class=\"wp-block-heading\">M\u00fckafatlar\u0131[<a href=\"https:\/\/az.wikipedia.org\/w\/index.php?title=Z%C9%99limxan_Yaqub&amp;veaction=edit&amp;section=2\">redakt\u0259<\/a>&nbsp;|&nbsp;<a href=\"https:\/\/az.wikipedia.org\/w\/index.php?title=Z%C9%99limxan_Yaqub&amp;action=edit&amp;section=2\">m\u0259nb\u0259ni redakt\u0259 et<\/a>]<\/h2>\n\n\n\n<p><a href=\"https:\/\/az.wikipedia.org\/w\/index.php?title=M%C9%99mm%C9%99d_Araz_m%C3%BCkafat%C4%B1&amp;action=edit&amp;redlink=1\">M\u0259mm\u0259d Araz \u0259d\u0259bi m\u00fckafat\u0131<\/a>&nbsp;(1995) il\u0259, \u201c\u015eair haray\u0131\u201d, \u201cV\u0259t\u0259n yaralar\u201d, \u201cSizi q\u0131nam\u0131ram\u201d v\u0259 \u201cZiyar\u0259tin q\u0259bul olsun\u201d kitab\u0131na g\u00f6r\u0259&nbsp;<a href=\"https:\/\/az.wikipedia.org\/w\/index.php?title=Hac%C4%B1_Zeynalabdin_Ta%C4%9F%C4%B1yev_m%C3%BCkafat%C4%B1&amp;action=edit&amp;redlink=1\">H.Z.Ta\u011f\u0131yev ad\u0131na m\u00fckafatla<\/a>&nbsp;(1995),&nbsp;<a href=\"https:\/\/az.wikipedia.org\/wiki\/%22%C5%9E%C3%B6hr%C9%99t%22_ordeni_(Az%C9%99rbaycan)\">\u201c\u015e\u00f6hr\u0259t\u201d ordeni<\/a>&nbsp;v\u0259&nbsp;<a href=\"https:\/\/az.wikipedia.org\/wiki\/G%C3%BCrc%C3%BCstan\">G\u00fcrc\u00fcstan<\/a>&nbsp;Respublikas\u0131n\u0131n \u201c\u015e\u0259r\u0259f\u201d ordeni il\u0259 t\u0259ltif edilmi\u015fdir.<sup><a href=\"https:\/\/az.wikipedia.org\/wiki\/Z%C9%99limxan_Yaqub#cite_note-timeturk.com-2\">[2]<\/a><\/sup><\/p>\n\n\n\n<p>2005-ci ild\u0259 \u201c<a href=\"https:\/\/az.wikipedia.org\/wiki\/Az%C9%99rbaycan%C4%B1n_xalq_%C5%9Fairi\">Az\u0259rbaycan\u0131n xalq \u015fairi<\/a>\u201d f\u0259xri ad\u0131na layiq g\u00f6r\u00fcl\u00fcb.<sup><a href=\"https:\/\/az.wikipedia.org\/wiki\/Z%C9%99limxan_Yaqub#cite_note-timeturk.com-2\">[2]<\/a><\/sup><\/p>\n\n\n\n<p>5 oktyabr 2012-ci ild\u0259 Xalq \u015fairi Z\u0259limxan Yaqubun indiy\u0259d\u0259k qazand\u0131\u011f\u0131 m\u00fckafatlar s\u0131ras\u0131na biri d\u0259 \u0259lav\u0259 olunub. Amerika Birl\u0259\u015fmi\u015f \u015etatlar\u0131nda f\u0259aliyy\u0259t g\u00f6st\u0259r\u0259n Az\u0259rbaycan Nyu-York Assosiasiyas\u0131 xalq \u015fairini F\u0259xri diplom v\u0259 medalla t\u0259ltif edib<sup><a href=\"https:\/\/az.wikipedia.org\/wiki\/Z%C9%99limxan_Yaqub#cite_note-4\">[4]<\/a><\/sup>.<\/p>\n\n\n\n<p>Ankaradak\u0131 T\u00fcrk D\u00fcnyas\u0131 Ara\u015fd\u0131rmalar\u0131 Beyn\u0259lxalq Elml\u0259r Akademiyas\u0131n\u0131n beyn\u0259lxalq \u00d6d\u00fcl Komit\u0259sinin 7 fevral 2014-c\u00fc il tarixli q\u0259rar\u0131yla Az\u0259rbaycan\u0131n xalq \u015fairi Z\u0259limxan Yaqub T\u00fcrk \u0259d\u0259biyyat\u0131na y\u00fcks\u0259k xidm\u0259tl\u0259rin\u0259 g\u00f6r\u0259&nbsp;<a href=\"https:\/\/az.wikipedia.org\/wiki\/Beyn%C9%99lxalq_Nazim_Hikm%C9%99t_%C5%9Eeir_M%C3%BCkafat%C4%B1\">Beyn\u0259lxalq Nazim Hikm\u0259t \u015eeir M\u00fckafat\u0131<\/a>&nbsp;il\u0259 t\u0259ltif olunub. Xat\u0131rladaq ki, iki ild\u0259 bir d\u0259f\u0259 T\u00fcrk d\u00fcnyas\u0131 yazarlar\u0131 aras\u0131ndan bir n\u0259f\u0259rin t\u0259ltif olundu\u011fu bu m\u00fckafata Az\u0259rbaycandan ilk d\u0259f\u0259 layiq g\u00f6r\u00fcl\u0259n Z\u0259limxan Yaqubdur<sup><a href=\"https:\/\/az.wikipedia.org\/wiki\/Z%C9%99limxan_Yaqub#cite_note-5\">[5]<\/a><\/sup>.<\/p>\n\n\n\n<h2 class=\"wp-block-heading\">F\u0259xri \u00fczvl\u00fckl\u0259ri[<a href=\"https:\/\/az.wikipedia.org\/w\/index.php?title=Z%C9%99limxan_Yaqub&amp;veaction=edit&amp;section=3\">redakt\u0259<\/a>&nbsp;|&nbsp;<a href=\"https:\/\/az.wikipedia.org\/w\/index.php?title=Z%C9%99limxan_Yaqub&amp;action=edit&amp;section=3\">m\u0259nb\u0259ni redakt\u0259 et<\/a>]<\/h2>\n\n\n\n<p>2009-cu il iyunun 6-da T\u00fcrk D\u00fcnyas\u0131 Ara\u015fd\u0131rmalar\u0131 Uluslararas\u0131 Elml\u0259r Akademiyas\u0131n\u0131n \u201cT\u00fcrk d\u00fcnyas\u0131na hizm\u0259t\u201d m\u00fckafat\u0131na layiq g\u00f6r\u00fcl\u0259r\u0259k h\u0259min Akademiyan\u0131n f\u0259xri doktoru se\u00e7ilib.<\/p>\n\n\n\n<p>2010-cu ild\u0259 Z\u0259limxan Yaquba G\u00fcrc\u00fcstan-Az\u0259rbaycan dostlu\u011fu m\u00f6vzusunun poetik i\u015f\u0131qland\u0131r\u0131lmas\u0131nda x\u00fcsusi xidm\u0259tl\u0259rin\u0259 g\u00f6r\u0259&nbsp;<a href=\"https:\/\/az.wikipedia.org\/wiki\/Heyd%C9%99r_%C6%8Fliyev_ad%C4%B1na_G%C3%BCrc%C3%BCstan-Az%C9%99rbaycan_T%C9%99dris_Universiteti\">Heyd\u0259r \u018fliyev ad\u0131na G\u00fcrc\u00fcstan-Az\u0259rbaycan T\u0259dris Universitetinin<\/a>&nbsp;f\u0259xri doktoru ad\u0131 verilmi\u015fdir<sup><a href=\"https:\/\/az.wikipedia.org\/wiki\/Z%C9%99limxan_Yaqub#cite_note-6\">[6]<\/a><\/sup>.<\/p>\n\n\n\n<h2 class=\"wp-block-heading\">Haqq\u0131nda yaz\u0131lanlar[<a href=\"https:\/\/az.wikipedia.org\/w\/index.php?title=Z%C9%99limxan_Yaqub&amp;veaction=edit&amp;section=4\">redakt\u0259<\/a>&nbsp;|&nbsp;<a href=\"https:\/\/az.wikipedia.org\/w\/index.php?title=Z%C9%99limxan_Yaqub&amp;action=edit&amp;section=4\">m\u0259nb\u0259ni redakt\u0259 et<\/a>]<\/h2>\n\n\n\n<p>Z\u0259limxan Yaqubun g\u00f6rk\u0259mli d\u00f6vl\u0259t xadimi&nbsp;<a href=\"https:\/\/az.wikipedia.org\/wiki\/Heyd%C9%99r_%C6%8Fliyev\">Heyd\u0259r \u018fliyev\u0259<\/a>&nbsp;ithaf etdiyi \u201c\u018fb\u0259diyy\u0259t dastan\u0131\u201d poemas\u0131 haqq\u0131nda \u015fair-publisist&nbsp;<a href=\"https:\/\/az.wikipedia.org\/wiki\/%C6%8Fli_Rza_X%C9%99l%C9%99fli\">\u018fli Rza X\u0259l\u0259fli<\/a>&nbsp;\u201c\u00d6lm\u0259zlik n\u0259\u011fm\u0259si\u201d (\u201cV\u0259t\u0259n\u201d n\u0259\u015friyyat\u0131, 2013) adl\u0131 kitab yazm\u0131\u015f v\u0259 n\u0259fis t\u0259rtibatda \u00e7ap etdirmi\u015fdir<sup><a href=\"https:\/\/az.wikipedia.org\/wiki\/Z%C9%99limxan_Yaqub#cite_note-7\">[7]<\/a><\/sup>.<\/p>\n\n\n\n<p>2016-c\u0131 ild\u0259 Xalq \u015fairi&nbsp;<a href=\"https:\/\/az.wikipedia.org\/wiki\/X%C9%99lil_Rza_Ulut%C3%BCrk\">X\u0259lil Rza Ulut\u00fcrk\u00fcn<\/a>&nbsp;\u201c\u018fb\u0259di Prometey\u201d adl\u0131 kitab\u0131 n\u0259\u015fr olunmu\u015fdur. Kitab\u0131 \u018fm\u0259kdar m\u0259d\u0259niyy\u0259t i\u015f\u00e7isi&nbsp;<a href=\"https:\/\/az.wikipedia.org\/wiki\/Musa_N%C9%99bio%C4%9Flu\">Musa N\u0259bio\u011flu<\/a>&nbsp;n\u0259\u015fr\u0259 haz\u0131rlam\u0131\u015f v\u0259 \u201cElm v\u0259 t\u0259hsil\u201d n\u0259\u015friyyat\u0131nda n\u0259fis t\u0259rtibatla \u00e7ap olunmu\u015fdur. Kitabda, Z\u0259limxan Yaqubu \u201c\u018fb\u0259di Prometey, \u0259b\u0259di S\u0259m\u0259nd\u0259r qu\u015fu\u201d adland\u0131ran, onu \u201c\u015feirimizin, poeziyam\u0131z\u0131n, Az\u0259rbaycan xalq\u0131n\u0131n ba\u015fucal\u0131\u011f\u0131\u201d hesab ed\u0259n, h\u0259l\u0259 30 il bundan \u0259vv\u0259l \u201cZ\u0259limxan yegan\u0259 \u015fairdir ki, Az\u0259rbaycanda he\u00e7 bir t\u0259bli\u011fata ehtiyac\u0131 yoxdur\u201d, \u2014 dey\u0259n X.R.Ulut\u00fcrk\u00fcn Z\u0259limxan Yaqub yarad\u0131c\u0131l\u0131\u011f\u0131na h\u0259sr etdiyi m\u0259qal\u0259l\u0259ri, vaxtil\u0259 g\u00fcnd\u0259liyind\u0259 onunla ba\u011fl\u0131 etdiyi qeydl\u0259r toplan\u0131b.<sup><a href=\"https:\/\/az.wikipedia.org\/wiki\/Z%C9%99limxan_Yaqub#cite_note-8\">[8]<\/a><\/sup><\/p>\n\n\n\n<h2 class=\"wp-block-heading\">Kitablar\u0131[<a href=\"https:\/\/az.wikipedia.org\/w\/index.php?title=Z%C9%99limxan_Yaqub&amp;veaction=edit&amp;section=5\">redakt\u0259<\/a>&nbsp;|&nbsp;<a href=\"https:\/\/az.wikipedia.org\/w\/index.php?title=Z%C9%99limxan_Yaqub&amp;action=edit&amp;section=5\">m\u0259nb\u0259ni redakt\u0259 et<\/a>]<\/h2>\n\n\n\n<p><a href=\"https:\/\/commons.wikimedia.org\/wiki\/File:Z%C9%99limxan_Yaqub_13_cild.JPG\"><\/a><\/p>\n\n\n\n<p><a href=\"https:\/\/az.wikipedia.org\/wiki\/Fayl:Z%C9%99limxan_Yaqub_13_cild.JPG\"><\/a><\/p>\n\n\n\n<p>Z\u0259limxan Yaqubun 13 cildlik Se\u00e7ilmi\u015f \u0259s\u0259rl\u0259ri<\/p>\n\n\n\n<ul class=\"wp-block-list\">\n<li>\u015eair haray\u0131<\/li>\n\n\n\n<li>V\u0259t\u0259n yaralar<\/li>\n\n\n\n<li>Sizi q\u0131nam\u0131ram<\/li>\n\n\n\n<li>Ziyar\u0259tin q\u0259bul olsun<\/li>\n\n\n\n<li>Od ald\u0131\u011f\u0131m ocaqlar 1986<\/li>\n\n\n\n<li>M\u0259n s\u0259nin q\u0259lbin\u0259 nec\u0259 yol tap\u0131m 2003<\/li>\n\n\n\n<li>B\u00f6y\u00fck \u00f6mr\u00fcn dastan\u0131 2004<\/li>\n\n\n\n<li>Qay\u0131daq \u0259vv\u0259lki xatir\u0259l\u0259r\u0259 2004<\/li>\n\n\n\n<li>G\u00f6zl\u0259rimin nurudu do\u011fuldu\u011fum bu torpaq 2005<\/li>\n\n\n\n<li>M\u0259n bir da\u011f \u00e7ay\u0131yam 2006<\/li>\n\n\n\n<li><a href=\"https:\/\/az.wikipedia.org\/wiki\/%C6%8Fb%C9%99diyy%C9%99t_dastan%C4%B1_(poema)\">\u018fb\u0259diyy\u0259t dastan\u0131<\/a>. 2008<\/li>\n\n\n\n<li>\u0421\u043a\u0430\u0437\u044b \u0441\u0430\u0437\u0430 2008<\/li>\n\n\n\n<li>Pey\u011f\u0259mb\u0259r (poema) 2009<\/li>\n\n\n\n<li>\u00d6z\u00fcn basd\u0131rd\u0131\u011f\u0131n a\u011faca s\u00f6yk\u0259n (I cild). Bak\u0131. \u201c\u015e\u0259rq-Q\u0259rb\u201d, 2010, 284 s\u0259h. \u015f\u0259killi<\/li>\n\n\n\n<li>\u00d6z\u00fcn basd\u0131rd\u0131\u011f\u0131n a\u011faca s\u00f6yk\u0259n (II cild). Bak\u0131. \u201c\u015e\u0259rq-Q\u0259rb\u201d, 2010,<\/li>\n\n\n\n<li>M\u00f6vlana. Bak\u0131: \u201cV\u0259t\u0259n\u201d, 2012. \u2014 194 s\u0259h.<\/li>\n\n\n\n<li>Se\u00e7ilmi\u015f \u0259s\u0259rl\u0259ri,<\/li>\n\n\n\n<li>M\u0259ni sabah\u0131ma qovu\u015fdur, ana. Bak\u0131. \u201cElm v\u0259 t\u0259hsil\u201d, 2015,<sup><a href=\"https:\/\/az.wikipedia.org\/wiki\/Z%C9%99limxan_Yaqub#cite_note-9\">[9]<\/a><\/sup><\/li>\n\n\n\n<li>Se\u00e7ilmi\u015f \u0259s\u0259rl\u0259ri. 2020 (\u201cXalq \u0259man\u0259ti\u201d layih\u0259si \u00e7\u0259r\u00e7iv\u0259sind\u0259)<sup><a href=\"https:\/\/az.wikipedia.org\/wiki\/Z%C9%99limxan_Yaqub#cite_note-10\">[10]<\/a><\/sup><sup><a href=\"https:\/\/az.wikipedia.org\/wiki\/Z%C9%99limxan_Yaqub#cite_note-11\">[11]<\/a><\/sup><sup><a href=\"https:\/\/az.wikipedia.org\/wiki\/Z%C9%99limxan_Yaqub#cite_note-12\">[12]<\/a><\/sup><\/li>\n<\/ul>\n\n\n\n<h2 class=\"wp-block-heading\">Filmoqrafiya[<a href=\"https:\/\/az.wikipedia.org\/w\/index.php?title=Z%C9%99limxan_Yaqub&amp;veaction=edit&amp;section=6\">redakt\u0259<\/a>&nbsp;|&nbsp;<a href=\"https:\/\/az.wikipedia.org\/w\/index.php?title=Z%C9%99limxan_Yaqub&amp;action=edit&amp;section=6\">m\u0259nb\u0259ni redakt\u0259 et<\/a>]<\/h2>\n\n\n\n<ul class=\"wp-block-list\">\n<li>Tikdim ki, izim qala (film, 1997)<\/li>\n\n\n\n<li><a href=\"https:\/\/az.wikipedia.org\/w\/index.php?title=B%C3%B6y%C3%BCk_%C3%B6mr%C3%BCn_davam%C4%B1_(film,_2007)&amp;action=edit&amp;redlink=1\">B\u00f6y\u00fck \u00f6mr\u00fcn davam\u0131 (film, 2007)<\/a><\/li>\n\n\n\n<li><a href=\"https:\/\/az.wikipedia.org\/wiki\/Z%C9%99limxan_dastan%C4%B1_(film,_2007)\">Z\u0259limxan dastan\u0131 (film, 2007)<\/a><\/li>\n\n\n\n<li><a href=\"https:\/\/az.wikipedia.org\/w\/index.php?title=M%C9%99n_H%C3%BCseyn_Arif%C9%99m..._(film,_2010)&amp;action=edit&amp;redlink=1\">M\u0259n H\u00fcseyn Arif\u0259m\u2026 (film, 2010)<\/a><\/li>\n\n\n\n<li><a href=\"https:\/\/az.wikipedia.org\/w\/index.php?title=Atalar_yolu_(film,_2010)&amp;action=edit&amp;redlink=1\">Atalar yolu (film, 2010)<\/a><\/li>\n<\/ul>\n\n\n\n<h2 class=\"wp-block-heading\">\u0130stinadlar[<a href=\"https:\/\/az.wikipedia.org\/w\/index.php?title=Z%C9%99limxan_Yaqub&amp;veaction=edit&amp;section=7\">redakt\u0259<\/a>&nbsp;|&nbsp;<a href=\"https:\/\/az.wikipedia.org\/w\/index.php?title=Z%C9%99limxan_Yaqub&amp;action=edit&amp;section=7\">m\u0259nb\u0259ni redakt\u0259 et<\/a>]<\/h2>\n\n\n\n<ol class=\"wp-block-list\">\n<li>\u2191&nbsp;<a href=\"https:\/\/az.wikipedia.org\/wiki\/Z%C9%99limxan_Yaqub#cite_ref-oxu.az_1-0\">Jump up to:<sup><em>1<\/em><\/sup><\/a>&nbsp;<a href=\"https:\/\/az.wikipedia.org\/wiki\/Z%C9%99limxan_Yaqub#cite_ref-oxu.az_1-1\"><sup><em>2<\/em><\/sup><\/a>&nbsp;<a href=\"https:\/\/az.wikipedia.org\/wiki\/Z%C9%99limxan_Yaqub#cite_ref-oxu.az_1-2\"><sup><em>3<\/em><\/sup><\/a>&nbsp;<em>Ayt\u0259n Sad\u0131qzad\u0259.&nbsp;<\/em><a href=\"http:\/\/oxu.az\/culture\/12030\">\u201cZ\u0259limxan Yaqub \u2013 64\u201d<\/a>&nbsp;(az.). oxu.az. 21.01.2014.&nbsp;<small>2016-03-04 tarixind\u0259&nbsp;<a href=\"https:\/\/web.archive.org\/web\/20160304190524\/http:\/\/oxu.az\/culture\/12030\">arxivl\u0259\u015fdirilib<\/a><\/small>.&nbsp;<small>\u0130stifad\u0259 tarixi:&nbsp;2015-06-05<\/small>.<\/li>\n\n\n\n<li>\u2191&nbsp;<a href=\"https:\/\/az.wikipedia.org\/wiki\/Z%C9%99limxan_Yaqub#cite_ref-timeturk.com_2-0\">Jump up to:<sup><em>1<\/em><\/sup><\/a>&nbsp;<a href=\"https:\/\/az.wikipedia.org\/wiki\/Z%C9%99limxan_Yaqub#cite_ref-timeturk.com_2-1\"><sup><em>2<\/em><\/sup><\/a>&nbsp;<a href=\"https:\/\/az.wikipedia.org\/wiki\/Z%C9%99limxan_Yaqub#cite_ref-timeturk.com_2-2\"><sup><em>3<\/em><\/sup><\/a>&nbsp;<a href=\"https:\/\/web.archive.org\/web\/20160308015214\/http:\/\/www.timeturk.com\/az\/2011\/06\/30\/zelimxan-yaqub-kimdir.html\">\u201cZ\u0259limxan Yaqub kimdir?\u201d<\/a>. kimkimdir.az&nbsp;(az.). timeturk.com. 30 Haziran 2011.&nbsp;<small>2016-03-08 tarixind\u0259&nbsp;<a href=\"http:\/\/www.timeturk.com\/az\/2011\/06\/30\/zelimxan-yaqub-kimdir.html\">orijinal\u0131ndan<\/a>&nbsp;arxivl\u0259\u015fdirilib<\/small>.&nbsp;<small>\u0130stifad\u0259 tarixi:&nbsp;2015-06-05<\/small>.<\/li>\n\n\n\n<li><a href=\"https:\/\/az.wikipedia.org\/wiki\/Z%C9%99limxan_Yaqub#cite_ref-OD-1_3-0\">\u2191<\/a>&nbsp;<a href=\"https:\/\/web.archive.org\/web\/20160307181221\/http:\/\/www.azab.az\/Ozan\/OZAN-1-.pdf\">\u201cAz\u0259rbaycan a\u015f\u0131qlar\u0131n\u0131n V qurultay\u0131. \u201cOzan d\u00fcnyas\u0131\u201d jurnal\u0131. \u21161(1), 2010. s\u0259h.4-5\u2033<\/a>&nbsp;(PDF).&nbsp;<small>2016-03-07 tarixind\u0259&nbsp;<a href=\"http:\/\/www.azab.az\/Ozan\/OZAN-1-.pdf\">orijinal\u0131ndan<\/a>&nbsp;(PDF)&nbsp;arxivl\u0259\u015fdirilib<\/small>.&nbsp;<small>\u0130stifad\u0259 tarixi:&nbsp;2015-11-15<\/small>.<\/li>\n\n\n\n<li><a href=\"https:\/\/az.wikipedia.org\/wiki\/Z%C9%99limxan_Yaqub#cite_ref-4\">\u2191<\/a>&nbsp;<a href=\"http:\/\/modern.az\/articles\/29524\/1\/\">\u201cZ\u0259limxan Yaquba m\u00fckafat verildi\u201d<\/a>.&nbsp;<small>2015-04-08 tarixind\u0259&nbsp;<a href=\"https:\/\/web.archive.org\/web\/20150408041842\/http:\/\/modern.az\/articles\/29524\/1\/\">arxivl\u0259\u015fdirilib<\/a><\/small>.&nbsp;<small>\u0130stifad\u0259 tarixi:&nbsp;2012-10-06<\/small>.<\/li>\n\n\n\n<li><a href=\"https:\/\/az.wikipedia.org\/wiki\/Z%C9%99limxan_Yaqub#cite_ref-5\">\u2191<\/a>&nbsp;<a href=\"http:\/\/olaylar.az\/news\/culture\/74470\">\u201cZ\u0259limxan Yaqub daha bir m\u00fckafata layiq g\u00f6r\u00fcl\u00fcb \u2014&nbsp;<strong>olaylar.az<\/strong>&nbsp;sayt\u0131. Yay\u0131mlan\u0131b 31.03.2014 13:43\u2033<\/a>.&nbsp;<small>2015-04-17 tarixind\u0259&nbsp;<a href=\"https:\/\/web.archive.org\/web\/20150417154439\/http:\/\/olaylar.az\/news\/culture\/74470\">arxivl\u0259\u015fdirilib<\/a><\/small>.&nbsp;<small>\u0130stifad\u0259 tarixi:&nbsp;2014-04-01<\/small>.<\/li>\n\n\n\n<li><a href=\"https:\/\/az.wikipedia.org\/wiki\/Z%C9%99limxan_Yaqub#cite_ref-6\">\u2191<\/a>&nbsp;<a href=\"https:\/\/apa.az\/az\/xeber\/edebiyyat\/-189974\">\u201cZ\u0259limxan Yaqub G\u00fcrc\u00fcstan-Az\u0259rbaycan T\u0259dris Universitetinin f\u0259xri doktoru ad\u0131na layiq g\u00f6r\u00fcl\u00fcb\u201d<\/a>. APA.<\/li>\n\n\n\n<li><a href=\"https:\/\/az.wikipedia.org\/wiki\/Z%C9%99limxan_Yaqub#cite_ref-7\">\u2191<\/a>&nbsp;<a href=\"http:\/\/modern.az\/articles\/32971\/1\/\">\u201cZ\u0259limxan Yaqubun yarad\u0131c\u0131l\u0131\u011f\u0131na dair yeni kitab\u201d<\/a>.&nbsp;<small>2021-10-25 tarixind\u0259&nbsp;<a href=\"https:\/\/web.archive.org\/web\/20211025110345\/https:\/\/modern.az\/articles\/32971\/1\/\">arxivl\u0259\u015fdirilib<\/a><\/small>.&nbsp;<small>\u0130stifad\u0259 tarixi:&nbsp;2013-01-07<\/small>.<\/li>\n\n\n\n<li><a href=\"https:\/\/az.wikipedia.org\/wiki\/Z%C9%99limxan_Yaqub#cite_ref-8\">\u2191<\/a>&nbsp;<a href=\"http:\/\/azab.az\/xeber\/425-xalq-eadrd-zzhldmxan-yaqub-haqda-yend-kdtab.html\">Xalq \u015fairi Z\u0259limxan Yaqub haqda yeni kitab<\/a><sup>[<em><a href=\"https:\/\/en.wikipedia.org\/wiki\/W:Wikipedia:Link_rot\">\u00f6l\u00fc ke\u00e7id<\/a><\/em>]<\/sup><\/li>\n\n\n\n<li><a href=\"https:\/\/az.wikipedia.org\/wiki\/Z%C9%99limxan_Yaqub#cite_ref-9\">\u2191<\/a>&nbsp;<a href=\"https:\/\/web.archive.org\/web\/20160307175332\/http:\/\/azab.az\/xeber\/423-xalq-eadrd-zzhldmxan-yaqubun-yend-kdtabi-deiq-gzg.html\">\u201cXalq \u015fairi Z\u0259limxan Yaqubun yeni kitab\u0131 i\u015f\u0131q \u00fcz\u00fc g\u00f6r\u00fcb\u201d<\/a>.&nbsp;<small>2016-03-07 tarixind\u0259&nbsp;<a href=\"http:\/\/azab.az\/xeber\/423-xalq-eadrd-zzhldmxan-yaqubun-yend-kdtabi-deiq-gzg.html\">orijinal\u0131ndan<\/a>&nbsp;arxivl\u0259\u015fdirilib<\/small>.&nbsp;<small>\u0130stifad\u0259 tarixi:&nbsp;2016-01-07<\/small>.<\/li>\n\n\n\n<li><a href=\"https:\/\/az.wikipedia.org\/wiki\/Z%C9%99limxan_Yaqub#cite_ref-10\">\u2191<\/a>&nbsp;<em>ARB TV.&nbsp;<\/em><a href=\"https:\/\/www.youtube.com\/watch?v=ieExi_Qq1Ws\">\u201cZ\u0259limxan Yaqubun kitab\u0131 t\u0259qdim olundu\u201d<\/a>&nbsp;(az.).&nbsp;<a href=\"https:\/\/youtube.com\/\">Youtube.com<\/a>. 18.12.2020.&nbsp;<small>2022-03-29 tarixind\u0259&nbsp;<a href=\"https:\/\/web.archive.org\/web\/20220329121635\/https:\/\/www.youtube.com\/watch?v=ieExi_Qq1Ws\">arxivl\u0259\u015fdirilib<\/a><\/small>.&nbsp;<small>\u0130stifad\u0259 tarixi:&nbsp;2020-12-19<\/small>.<\/li>\n\n\n\n<li><a href=\"https:\/\/az.wikipedia.org\/wiki\/Z%C9%99limxan_Yaqub#cite_ref-11\">\u2191<\/a>&nbsp;<em>Real TV.&nbsp;<\/em><a href=\"https:\/\/www.youtube.com\/watch?v=tGR_FSsRXS4\">\u201cXalq \u018fman\u0259ti-Z\u0259limxan Yaqub\u201d<\/a>&nbsp;(az.).&nbsp;<a href=\"https:\/\/youtube.com\/\">Youtube.com<\/a>. 19.12.2020.&nbsp;<small>2022-03-29 tarixind\u0259&nbsp;<a href=\"https:\/\/web.archive.org\/web\/20220329154029\/https:\/\/www.youtube.com\/watch?v=tGR_FSsRXS4\">arxivl\u0259\u015fdirilib<\/a><\/small>.&nbsp;<small>\u0130stifad\u0259 tarixi:&nbsp;2020-12-19<\/small>.<\/li>\n\n\n\n<li><a href=\"https:\/\/az.wikipedia.org\/wiki\/Z%C9%99limxan_Yaqub#cite_ref-12\">\u2191<\/a>&nbsp;<em>\u0130ctimai TV.&nbsp;<\/em><a href=\"https:\/\/www.youtube.com\/watch?v=z0eSTmrQlaQ\">\u201c\u201dXalq \u018fman\u0259ti\u201d layih\u0259sinin XX n\u0259\u015fri \u2013 Z\u0259limxan Yaqub\u201d<\/a>&nbsp;(az.).&nbsp;<a href=\"https:\/\/youtube.com\/\">Youtube.com<\/a>. 18.12.2020.&nbsp;<small>2022-03-29 tarixind\u0259&nbsp;<a href=\"https:\/\/web.archive.org\/web\/20220329121648\/https:\/\/www.youtube.com\/watch?v=z0eSTmrQlaQ\">arxivl\u0259\u015fdirilib<\/a><\/small>.&nbsp;<small>\u0130stifad\u0259 tarixi:&nbsp;2020-12-19<\/small>.<\/li>\n<\/ol>\n\n\n\n<h2 class=\"wp-block-heading\">Xarici ke\u00e7idl\u0259r[<a href=\"https:\/\/az.wikipedia.org\/w\/index.php?title=Z%C9%99limxan_Yaqub&amp;veaction=edit&amp;section=8\">redakt\u0259<\/a>&nbsp;|&nbsp;<a href=\"https:\/\/az.wikipedia.org\/w\/index.php?title=Z%C9%99limxan_Yaqub&amp;action=edit&amp;section=8\">m\u0259nb\u0259ni redakt\u0259 et<\/a>]<\/h2>\n\n\n\n<figure class=\"wp-block-image\"><a href=\"https:\/\/az.wikipedia.org\/wiki\/Vikianbar\"><img decoding=\"async\" src=\"https:\/\/upload.wikimedia.org\/wikipedia\/commons\/thumb\/7\/76\/Notification-icon-Commons-logo.svg\/40px-Notification-icon-Commons-logo.svg.png\" alt=\"Vikianbar\u0131n loqosu\"\/><\/a><\/figure>\n\n\n\n<ul class=\"wp-block-list\">\n<li><a href=\"http:\/\/www.dgtyb.org\/news\/1246.html\">dgtyb.org<\/a>&nbsp;<a href=\"https:\/\/web.archive.org\/web\/20101228110552\/http:\/\/www.dgtyb.org\/news\/1246.html\">Arxivl\u0259\u015fdirilib<\/a>&nbsp;2010-12-28 at the&nbsp;<a href=\"https:\/\/az.wikipedia.org\/wiki\/Wayback_Machine\">Wayback Machine<\/a><\/li>\n\n\n\n<li><a href=\"http:\/\/www.zalimxanyaqub.com\/\">zalimxanyaqub.com<\/a><\/li>\n<\/ul>\n\n\n\n<p><a href=\"http:\/\/edebiyyat-az.com\/wp-admin\/post.php?post=43711&amp;action=edit\">Edit&#8221;Bu g\u00fcn Xalq \u015fairi Z\u0259limxan YAQUBun an\u0131m g\u00fcn\u00fcd\u00fc&#8221;<\/a><\/p>\n\n\n\n<h2 class=\"wp-block-heading\">Yaz\u0131 naviqasiyas\u0131<\/h2>\n","protected":false},"excerpt":{"rendered":"<p>Z\u0259limxan Yaqub&nbsp;(az\u0259rb.&nbsp;Z\u0259limxan Yusif o\u011flu Yaqubov\u200e;&nbsp;21 yanvar&nbsp;1950,&nbsp;K\u0259p\u0259n\u0259k\u00e7i,&nbsp;Bolnisi rayonu&nbsp;\u2013&nbsp;9 yanvar&nbsp;2016,&nbsp;Bak\u0131) \u2014 Az\u0259rbaycan\u0131n xalq \u015fairi (2005), ictimai xadim.&nbsp;Az\u0259rbaycan Respublikas\u0131n\u0131n Milli M\u0259clisinin&nbsp;deputat\u0131 (1995\u20132005) H\u0259yat\u0131[redakt\u0259&nbsp;|&nbsp;m\u0259nb\u0259ni redakt\u0259 et] Z\u0259limxan Yaqub 1950-ci il yanvar\u0131n 21-d\u0259 Bor\u00e7al\u0131n\u0131n&nbsp;Bolnisi&nbsp;rayonunun&nbsp;K\u0259p\u0259n\u0259k\u00e7i&nbsp;k\u0259ndind\u0259 anadan olmu\u015fdur.[1] 1967-ci ild\u0259 do\u011fuldu\u011fu k\u0259ndd\u0259 orta m\u0259kt\u0259bi, 1972-ci ild\u0259 is\u0259&nbsp;Az\u0259rbaycan D\u00f6vl\u0259t Universitetinin&nbsp;kitabxana\u00e7\u0131l\u0131q fak\u00fclt\u0259sini bitirmi\u015fdir.[2] 1973-c\u00fc ild\u0259n 1978-ci il\u0259 q\u0259d\u0259r \u201cAz\u0259rkitab\u201d sistemind\u0259, \u201cKitab pasaj\u0131\u201d adl\u0131 kitab [&hellip;]<\/p>\n","protected":false},"author":2,"featured_media":0,"comment_status":"open","ping_status":"open","sticky":false,"template":"","format":"standard","meta":{"footnotes":""},"categories":[49],"tags":[],"class_list":["post-43717","post","type-post","status-publish","format-standard","hentry","category-medeniyyat"],"_links":{"self":[{"href":"https:\/\/edebiyyat-az.com\/index.php?rest_route=\/wp\/v2\/posts\/43717","targetHints":{"allow":["GET"]}}],"collection":[{"href":"https:\/\/edebiyyat-az.com\/index.php?rest_route=\/wp\/v2\/posts"}],"about":[{"href":"https:\/\/edebiyyat-az.com\/index.php?rest_route=\/wp\/v2\/types\/post"}],"author":[{"embeddable":true,"href":"https:\/\/edebiyyat-az.com\/index.php?rest_route=\/wp\/v2\/users\/2"}],"replies":[{"embeddable":true,"href":"https:\/\/edebiyyat-az.com\/index.php?rest_route=%2Fwp%2Fv2%2Fcomments&post=43717"}],"version-history":[{"count":2,"href":"https:\/\/edebiyyat-az.com\/index.php?rest_route=\/wp\/v2\/posts\/43717\/revisions"}],"predecessor-version":[{"id":43720,"href":"https:\/\/edebiyyat-az.com\/index.php?rest_route=\/wp\/v2\/posts\/43717\/revisions\/43720"}],"wp:attachment":[{"href":"https:\/\/edebiyyat-az.com\/index.php?rest_route=%2Fwp%2Fv2%2Fmedia&parent=43717"}],"wp:term":[{"taxonomy":"category","embeddable":true,"href":"https:\/\/edebiyyat-az.com\/index.php?rest_route=%2Fwp%2Fv2%2Fcategories&post=43717"},{"taxonomy":"post_tag","embeddable":true,"href":"https:\/\/edebiyyat-az.com\/index.php?rest_route=%2Fwp%2Fv2%2Ftags&post=43717"}],"curies":[{"name":"wp","href":"https:\/\/api.w.org\/{rel}","templated":true}]}}