{"id":43739,"date":"2023-01-09T16:00:00","date_gmt":"2023-01-09T12:00:00","guid":{"rendered":"http:\/\/edebiyyat-az.com\/?p=43739"},"modified":"2023-01-09T16:04:13","modified_gmt":"2023-01-09T12:04:13","slug":"leyla-sah-s%c9%99nsizliyin-dadi","status":"publish","type":"post","link":"https:\/\/edebiyyat-az.com\/?p=43739","title":{"rendered":"Leyla \u015eAH.&#8221;S\u018fNS\u0130ZL\u0130Y\u0130N DADI&#8221;"},"content":{"rendered":"\n<figure class=\"wp-block-image size-full is-resized\"><a href=\"http:\/\/edebiyyat-az.com\/wp-content\/uploads\/2023\/01\/image-9.png\"><img loading=\"lazy\" decoding=\"async\" src=\"http:\/\/edebiyyat-az.com\/wp-content\/uploads\/2023\/01\/image-9.png\" alt=\"\" class=\"wp-image-43740\" width=\"703\" height=\"713\" srcset=\"https:\/\/edebiyyat-az.com\/wp-content\/uploads\/2023\/01\/image-9.png 483w, https:\/\/edebiyyat-az.com\/wp-content\/uploads\/2023\/01\/image-9-296x300.png 296w\" sizes=\"auto, (max-width: 703px) 100vw, 703px\" \/><\/a><\/figure>\n\n\n\n<p><strong>Az\u0259rbaycan Yaz\u0131\u00e7\u0131lar Birliyinin \u00fczv\u00fc,&nbsp;\u201c\u0130lin g\u0259nci\u201d m\u00fckafat\u00e7\u0131s\u0131, Prezident t\u0259qa\u00fcd\u00e7\u00fcs\u00fc<\/strong><\/p>\n\n\n\n<p>S\u0259nsizliyin dad\u0131&#8230;<br>D\u00f6z\u00fclm\u0259z bir a\u011fr\u0131d\u0131r o.<br>\u0130\u015f\u0131q yoxdur, qaranl\u0131qd\u0131r.<br>K\u00fcl\u0259kl\u0259r d\u0259 sazaql\u0131d\u0131r.<br>\u00c7ox ac\u0131d\u0131r&#8230;<br>S\u0259nsizliyin dad\u0131&#8230;<br>\u018flacs\u0131z bir d\u0259rd kimidir,<br>Daldalanm\u0131\u015f \u0259r kimidir.<br>Tapdalanm\u0131\u015f m\u0259rd kimidir.<br>S\u0259nsizliyin dad\u0131&#8230;<br>B\u00fct\u00fcn nal\u0259m, ah-f\u0259ryad\u0131m,<br>D\u0259rdl\u0259 a\u00e7\u0131lan sabah\u0131m.<br>Bu d\u0259rdi m\u0259n nec\u0259 yaz\u0131m?<br>S\u0259ns\u0259n \u0259n b\u00f6y\u00fck g\u00fcnah\u0131m.<\/p>\n\n\n\n<p><\/p>\n","protected":false},"excerpt":{"rendered":"<p>Az\u0259rbaycan Yaz\u0131\u00e7\u0131lar Birliyinin \u00fczv\u00fc,&nbsp;\u201c\u0130lin g\u0259nci\u201d m\u00fckafat\u00e7\u0131s\u0131, Prezident t\u0259qa\u00fcd\u00e7\u00fcs\u00fc S\u0259nsizliyin dad\u0131&#8230;D\u00f6z\u00fclm\u0259z bir a\u011fr\u0131d\u0131r o.\u0130\u015f\u0131q yoxdur, qaranl\u0131qd\u0131r.K\u00fcl\u0259kl\u0259r d\u0259 sazaql\u0131d\u0131r.\u00c7ox ac\u0131d\u0131r&#8230;S\u0259nsizliyin dad\u0131&#8230;\u018flacs\u0131z bir d\u0259rd kimidir,Daldalanm\u0131\u015f \u0259r kimidir.Tapdalanm\u0131\u015f m\u0259rd kimidir.S\u0259nsizliyin dad\u0131&#8230;B\u00fct\u00fcn nal\u0259m, ah-f\u0259ryad\u0131m,D\u0259rdl\u0259 a\u00e7\u0131lan sabah\u0131m.Bu d\u0259rdi m\u0259n nec\u0259 yaz\u0131m?S\u0259ns\u0259n \u0259n b\u00f6y\u00fck g\u00fcnah\u0131m.<\/p>\n","protected":false},"author":2,"featured_media":0,"comment_status":"open","ping_status":"open","sticky":false,"template":"","format":"standard","meta":{"footnotes":""},"categories":[4],"tags":[],"class_list":["post-43739","post","type-post","status-publish","format-standard","hentry","category-edeb"],"_links":{"self":[{"href":"https:\/\/edebiyyat-az.com\/index.php?rest_route=\/wp\/v2\/posts\/43739","targetHints":{"allow":["GET"]}}],"collection":[{"href":"https:\/\/edebiyyat-az.com\/index.php?rest_route=\/wp\/v2\/posts"}],"about":[{"href":"https:\/\/edebiyyat-az.com\/index.php?rest_route=\/wp\/v2\/types\/post"}],"author":[{"embeddable":true,"href":"https:\/\/edebiyyat-az.com\/index.php?rest_route=\/wp\/v2\/users\/2"}],"replies":[{"embeddable":true,"href":"https:\/\/edebiyyat-az.com\/index.php?rest_route=%2Fwp%2Fv2%2Fcomments&post=43739"}],"version-history":[{"count":2,"href":"https:\/\/edebiyyat-az.com\/index.php?rest_route=\/wp\/v2\/posts\/43739\/revisions"}],"predecessor-version":[{"id":43750,"href":"https:\/\/edebiyyat-az.com\/index.php?rest_route=\/wp\/v2\/posts\/43739\/revisions\/43750"}],"wp:attachment":[{"href":"https:\/\/edebiyyat-az.com\/index.php?rest_route=%2Fwp%2Fv2%2Fmedia&parent=43739"}],"wp:term":[{"taxonomy":"category","embeddable":true,"href":"https:\/\/edebiyyat-az.com\/index.php?rest_route=%2Fwp%2Fv2%2Fcategories&post=43739"},{"taxonomy":"post_tag","embeddable":true,"href":"https:\/\/edebiyyat-az.com\/index.php?rest_route=%2Fwp%2Fv2%2Ftags&post=43739"}],"curies":[{"name":"wp","href":"https:\/\/api.w.org\/{rel}","templated":true}]}}