{"id":44411,"date":"2023-02-10T07:00:00","date_gmt":"2023-02-10T03:00:00","guid":{"rendered":"https:\/\/edebiyyat-az.com\/?p=44411"},"modified":"2023-02-10T08:11:21","modified_gmt":"2023-02-10T04:11:21","slug":"milli-kitabxanada-huseyn-cavidl%c9%99-bagli-kitablarin-t%c9%99qdimati-olub","status":"publish","type":"post","link":"https:\/\/edebiyyat-az.com\/?p=44411","title":{"rendered":"Milli Kitabxanada H\u00fcseyn Cavidl\u0259 ba\u011fl\u0131 kitablar\u0131n t\u0259qdimat\u0131 olub"},"content":{"rendered":"\n<figure class=\"wp-block-image size-large\"><img decoding=\"async\" src=\"https:\/\/azertag.az\/files\/galleryphoto\/2023\/1\/1000x669\/16759522022962140352_1000x669.jpg\" alt=\"\"\/><\/figure>\n\n\n\n<p>Fevral\u0131n 9-da Az\u0259rbaycan Milli Kitabxanas\u0131nda M\u0259d\u0259niyy\u0259t Nazirliyi, Milli Kitabxana v\u0259 H\u00fcseyn Cavidin ev-muzeyinin t\u0259\u015fkilati d\u0259st\u0259yi il\u0259 \u201cH\u00fcseyn Cavid: Biblioqrafiya\u201d v\u0259 \u201cH\u00fcseyn Cavid: Biblioqrafik g\u00f6st\u0259rici\u201d kitablar\u0131n\u0131n t\u0259qdimat m\u0259rasimi ke\u00e7irilib.<\/p>\n\n\n\n<p>Kitabxanadan&nbsp;<a href=\"https:\/\/azertag.az\/\" target=\"_blank\" rel=\"noreferrer noopener\">AZ\u018fRTAC<\/a>-a bildirilib ki, g\u00f6rk\u0259mli Az\u0259rbaycan \u015fairi v\u0259 dramaturqu H\u00fcseyn Cavidin 140 illiyi m\u00fcnasib\u0259til\u0259 haz\u0131rlanan n\u0259\u015frl\u0259r Az\u0259rbaycan Milli Kitabxanas\u0131 v\u0259 H\u00fcseyn Cavidin ev-muzeyi t\u0259r\u0259find\u0259n n\u0259\u015fr edilib.<\/p>\n\n\n\n<p>Milli Kitabxanan\u0131n direktoru, professor K\u0259rim Tahirov \u00e7\u0131x\u0131\u015f ed\u0259r\u0259k bildirib ki, XX \u0259srin \u0259vv\u0259ll\u0259rind\u0259 C\u0259lil M\u0259mm\u0259dquluzad\u0259 \u201cMolla N\u0259sr\u0259ddin\u201d \u0259d\u0259bi m\u0259kt\u0259binin, Mirz\u0259 \u018fl\u0259kb\u0259r Sabir satirik \u015feir m\u0259kt\u0259binin \u0259sas\u0131n\u0131 qoydu\u011fu kimi, H\u00fcseyn Cavid d\u0259 Az\u0259rbaycan \u0259d\u0259biyyat\u0131nda romantik \u015feirin, m\u0259nzum romantik dramaturgiyan\u0131n v\u0259 n\u0259hay\u0259t, romantizm \u0259d\u0259bi c\u0259r\u0259yan\u0131n\u0131n banisi olaraq q\u0259bul edilir. Direktor \u00f6z \u00e7\u0131x\u0131\u015f\u0131nda qeyd edib ki, Ulu \u00d6nd\u0259r Heyd\u0259r \u018fliyev H\u00fcseyn Cavidi Az\u0259rbaycan xalq\u0131na ikinci d\u0259f\u0259 qaytar\u0131b. Sovet ideologiyas\u0131n\u0131n q\u0131z\u011f\u0131n \u00e7a\u011flar\u0131nda onun n\u0259\u015finin Az\u0259rbaycana g\u0259tirilm\u0259sini h\u0259yata ke\u00e7irib. Bu, Az\u0259rbaycan \u0259d\u0259biyyat\u0131 \u00fc\u00e7\u00fcn \u00e7ox b\u00f6y\u00fck xidm\u0259t hesab edilir. Ulu \u00d6nd\u0259rin siyas\u0259tinin davam\u0131 kimi Prezident \u0130lham \u018fliyevin imzalad\u0131\u011f\u0131 s\u0259r\u0259ncamlarla H\u00fcseyn Cavidin 125, 130, 135 illik yubileyl\u0259ri y\u00fcks\u0259k s\u0259viyy\u0259d\u0259 ke\u00e7irilib. K.Tahirov qeyd edib ki, H\u00fcseyn Cavidin anadan olmas\u0131n\u0131n 140 illiyi m\u00fcnasib\u0259til\u0259 haz\u0131rlanan \u201cH\u00fcseyn Cavid: Biblioqrafiya\u201d, h\u0259m d\u0259 \u201cH\u00fcseyn Cavid: biblioqrafik g\u00f6st\u0259rici\u201d \u015fairin yarad\u0131c\u0131l\u0131q \u00fc\u00e7\u00fcn b\u00f6y\u00fck t\u00f6hf\u0259dir. Haz\u0131rlanan biblioqrafiyalar m\u0259zmun bax\u0131m\u0131ndan bir-birini t\u0259krar etmir, \u0259ksin\u0259 tamamlay\u0131r.<\/p>\n\n\n\n<p>AMEA-n\u0131n prezidenti, Nizami G\u0259nc\u0259vi ad\u0131na \u018fd\u0259biyyat \u0130nstitutunun ba\u015f direktoru, akademik \u0130sa H\u0259bibb\u0259yli \u00e7\u0131x\u0131\u015f\u0131nda qeyd edib ki, H\u00fcseyn Cavid \u00e7ox\u0259srlik Az\u0259rbaycan \u0259d\u0259biyyat\u0131n\u0131 yeni janrlarla daha da z\u0259nginl\u0259\u015fdirib. B\u00f6y\u00fck \u015fair ilk d\u0259f\u0259 olaraq XX \u0259srin \u0259vv\u0259ll\u0259ri Az\u0259rbaycan poeziyas\u0131na Q\u0259rb \u015feiri \u00fc\u00e7\u00fcn s\u0259ciyy\u0259vi olan sonet janr\u0131n\u0131 g\u0259tirib. O, \u00f6z \u00e7\u0131x\u0131\u015f\u0131 zaman\u0131 H\u00fcseyn Cavidin ev-muzeyi t\u0259r\u0259find\u0259n onun bir \u00e7ox \u0259s\u0259rl\u0259rinin Az\u0259rbaycan dilind\u0259 v\u0259 bir \u00e7ox xarici dill\u0259rd\u0259 n\u0259\u015frind\u0259n v\u0259 H\u00fcseyn Cavidin h\u0259yat v\u0259 yarad\u0131c\u0131l\u0131\u011f\u0131 bar\u0259d\u0259 materiallar\u0131 \u0259ks etdir\u0259n 30 cildlik \u201cCavid\u015f\u00fcnasl\u0131q\u201d ara\u015fd\u0131rmalar toplusunun \u0259h\u0259miyy\u0259tind\u0259n d\u0259 b\u0259hs edib. Alim h\u0259r iki biblioqrafiyan\u0131n cavid\u015f\u00fcnasl\u0131\u011fa b\u00f6y\u00fck t\u00f6hf\u0259 oldu\u011funu i\u015ftirak\u00e7\u0131lar\u0131n diqq\u0259tin\u0259 \u00e7atd\u0131raraq b\u00fct\u00fcn \u0259m\u0259yi ke\u00e7\u0259nl\u0259r\u0259 t\u0259\u015f\u0259kk\u00fcr\u00fcn\u00fc bildirib.<\/p>\n\n\n\n<p>Xalq yaz\u0131\u00e7\u0131s\u0131 El\u00e7in s\u00f6yl\u0259yib ki, dahi dramaturq \u00f6z yarad\u0131c\u0131l\u0131\u011f\u0131nda \u00e7oxlu sayda faci\u0259l\u0259r yaratsa da, onun \u00f6z h\u0259yat\u0131 da b\u00f6y\u00fck faci\u0259 olmu\u015fdur. H\u00fcseyn Cavidin c\u0259naz\u0259sinin Az\u0259rbaycana g\u0259tirilm\u0259si Az\u0259rbaycan \u0259d\u0259biyyat\u0131 salnam\u0259sinin \u015f\u0259r\u0259fli s\u0259hif\u0259sidir v\u0259 bu s\u0259hif\u0259ni Ulu \u00d6nd\u0259r Heyd\u0259r \u018fliyev yazm\u0131\u015fd\u0131r. \u00dcmumiyy\u0259tl\u0259 Heyd\u0259r \u018fliyevin Az\u0259rbaycan m\u0259d\u0259niyy\u0259ti qar\u015f\u0131s\u0131nda xidm\u0259tl\u0259ri \u00e7ox b\u00f6y\u00fckd\u00fcr.<\/p>\n\n\n\n<p>AMEA-n\u0131n \u018flyazmalar \u0130nstitutunun ba\u015f direktoru, akademik Teymur K\u0259rimli, Az\u0259rbaycanda Atat\u00fcrk M\u0259rk\u0259zinin direktoru, Milli M\u0259clisin deputat\u0131, akademik Nizami C\u0259f\u0259rov, Milli M\u0259clisin deputat\u0131, yaz\u0131\u00e7\u0131-publisist Fazil Mustafa, \u0259d\u0259biyyat\u015f\u00fcnas alim, professor Asif R\u00fcst\u0259mli H\u00fcseyn Cavidin \u0259d\u0259biyyata g\u0259tirdiyi yenilikl\u0259rd\u0259n, onun \u00e7oxc\u0259h\u0259tli v\u0259 z\u0259ngin yarad\u0131c\u0131l\u0131\u011f\u0131n\u0131n Az\u0259rbaycan \u0259d\u0259biyyat\u0131 tarixin\u0259 yaratd\u0131\u011f\u0131 yeni m\u0259rh\u0259l\u0259d\u0259n b\u0259hs edibl\u0259r. Qeyd olunub ki, Az\u0259rbaycan \u0259d\u0259biyyat\u0131nda romantik m\u0259nzum faci\u0259 janr\u0131n\u0131n yaranmas\u0131 v\u0259 inki\u015faf\u0131 da birba\u015fa H\u00fcseyn Cavidin ad\u0131 il\u0259 ba\u011fl\u0131d\u0131r. \u00c7\u0131x\u0131\u015f\u00e7\u0131lar Milli Kitabxana v\u0259 H\u00fcseyn Cavidin ev-muzeyi t\u0259r\u0259find\u0259n haz\u0131rlanan biblioqrafik v\u0259saitl\u0259rin \u0259h\u0259miyy\u0259tind\u0259n d\u0259 b\u0259hs edibl\u0259r.<\/p>\n\n\n\n<p>T\u0259dbirin sonunda qonaqlar \u201c\u018fb\u0259diyy\u0259t \u015fairi \u2013 H\u00fcseyn Cavid\u201d m\u00f6vzusunda geni\u015f kitab s\u0259rgisi v\u0259 Milli Kitabxanan\u0131n \u0259m\u0259kda\u015flar\u0131 t\u0259r\u0259find\u0259n haz\u0131rlanan \u201c\u018fd\u0259biyyat\u0131m\u0131z\u0131n \u0259b\u0259diyy\u0259t r\u0259mzi \u2013 H\u00fcseyn Cavid\u201d adl\u0131 elektron m\u0259lumat bazas\u0131 il\u0259 tan\u0131\u015f olublar.<\/p>\n\n\n\n<p>Qeyd ed\u0259k ki, m\u0259lumat bazas\u0131 \u00fc\u00e7 dild\u0259 (Az\u0259rbaycan, rus, ingilis dill\u0259rind\u0259) istifad\u0259\u00e7il\u0259r\u0259 t\u0259qdim olunur.<\/p>\n\n\n\n<p><strong><strong><a href=\"https:\/\/edebiyyatqazeti.az\/\"><strong>M\u0259nb\u0259:\u00a0<\/strong><\/a><a href=\"https:\/\/culture.gov.az\/\">https:\/\/azertag.az<\/a><\/strong><\/strong><\/p>\n","protected":false},"excerpt":{"rendered":"<p>Fevral\u0131n 9-da Az\u0259rbaycan Milli Kitabxanas\u0131nda M\u0259d\u0259niyy\u0259t Nazirliyi, Milli Kitabxana v\u0259 H\u00fcseyn Cavidin ev-muzeyinin t\u0259\u015fkilati d\u0259st\u0259yi il\u0259 \u201cH\u00fcseyn Cavid: Biblioqrafiya\u201d v\u0259 \u201cH\u00fcseyn Cavid: Biblioqrafik g\u00f6st\u0259rici\u201d kitablar\u0131n\u0131n t\u0259qdimat m\u0259rasimi ke\u00e7irilib. Kitabxanadan&nbsp;AZ\u018fRTAC-a bildirilib ki, g\u00f6rk\u0259mli Az\u0259rbaycan \u015fairi v\u0259 dramaturqu H\u00fcseyn Cavidin 140 illiyi m\u00fcnasib\u0259til\u0259 haz\u0131rlanan n\u0259\u015frl\u0259r Az\u0259rbaycan Milli Kitabxanas\u0131 v\u0259 H\u00fcseyn Cavidin ev-muzeyi t\u0259r\u0259find\u0259n n\u0259\u015fr edilib. Milli Kitabxanan\u0131n [&hellip;]<\/p>\n","protected":false},"author":2,"featured_media":0,"comment_status":"open","ping_status":"open","sticky":false,"template":"","format":"standard","meta":{"footnotes":""},"categories":[49],"tags":[],"class_list":["post-44411","post","type-post","status-publish","format-standard","hentry","category-medeniyyat"],"_links":{"self":[{"href":"https:\/\/edebiyyat-az.com\/index.php?rest_route=\/wp\/v2\/posts\/44411","targetHints":{"allow":["GET"]}}],"collection":[{"href":"https:\/\/edebiyyat-az.com\/index.php?rest_route=\/wp\/v2\/posts"}],"about":[{"href":"https:\/\/edebiyyat-az.com\/index.php?rest_route=\/wp\/v2\/types\/post"}],"author":[{"embeddable":true,"href":"https:\/\/edebiyyat-az.com\/index.php?rest_route=\/wp\/v2\/users\/2"}],"replies":[{"embeddable":true,"href":"https:\/\/edebiyyat-az.com\/index.php?rest_route=%2Fwp%2Fv2%2Fcomments&post=44411"}],"version-history":[{"count":1,"href":"https:\/\/edebiyyat-az.com\/index.php?rest_route=\/wp\/v2\/posts\/44411\/revisions"}],"predecessor-version":[{"id":44423,"href":"https:\/\/edebiyyat-az.com\/index.php?rest_route=\/wp\/v2\/posts\/44411\/revisions\/44423"}],"wp:attachment":[{"href":"https:\/\/edebiyyat-az.com\/index.php?rest_route=%2Fwp%2Fv2%2Fmedia&parent=44411"}],"wp:term":[{"taxonomy":"category","embeddable":true,"href":"https:\/\/edebiyyat-az.com\/index.php?rest_route=%2Fwp%2Fv2%2Fcategories&post=44411"},{"taxonomy":"post_tag","embeddable":true,"href":"https:\/\/edebiyyat-az.com\/index.php?rest_route=%2Fwp%2Fv2%2Ftags&post=44411"}],"curies":[{"name":"wp","href":"https:\/\/api.w.org\/{rel}","templated":true}]}}