{"id":44412,"date":"2023-02-10T08:00:00","date_gmt":"2023-02-10T04:00:00","guid":{"rendered":"https:\/\/edebiyyat-az.com\/?p=44412"},"modified":"2023-02-10T08:11:49","modified_gmt":"2023-02-10T04:11:49","slug":"umummilli-liderin-100-illiyin%c9%99-h%c9%99sr-olunmus-i-turk-dunyasi-m%c9%99d%c9%99niyy%c9%99t-forumu-keciril%c9%99c%c9%99k","status":"publish","type":"post","link":"https:\/\/edebiyyat-az.com\/?p=44412","title":{"rendered":"\u00dcmummilli Liderin 100 illiyin\u0259 h\u0259sr olunmu\u015f I T\u00fcrk D\u00fcnyas\u0131 M\u0259d\u0259niyy\u0259t Forumu ke\u00e7iril\u0259c\u0259k"},"content":{"rendered":"\n<figure class=\"wp-block-image size-full\"><a href=\"https:\/\/edebiyyat-az.com\/wp-content\/uploads\/2023\/02\/Heyd\u0259r-\u018fliyev.jpg\"><img decoding=\"async\" src=\"https:\/\/edebiyyat-az.com\/wp-content\/uploads\/2023\/02\/Heyd\u0259r-\u018fliyev.jpg\" alt=\"\" class=\"wp-image-44424\"\/><\/a><\/figure>\n\n\n\n<p>Az\u0259rbaycan xalq\u0131n\u0131n \u00dcmummilli Lideri Heyd\u0259r \u018fliyevin 100 illik yubileyin\u0259 h\u0259sr olunmu\u015f I T\u00fcrk D\u00fcnyas\u0131 M\u0259d\u0259niyy\u0259t Forumu ke\u00e7iril\u0259c\u0259k.<\/p>\n\n\n\n<p><a href=\"https:\/\/azertag.az\/\" target=\"_blank\" rel=\"noreferrer noopener\">AZ\u018fRTAC<\/a>&nbsp;x\u0259b\u0259r verir ki, bu bar\u0259d\u0259 q\u0259rar Az\u0259rbaycan Respublikas\u0131n\u0131n Nazirl\u0259r Kabinetinin \u015eu\u015fa \u015f\u0259h\u0259rinin 2023-c\u00fc il \u00fc\u00e7\u00fcn \u201cT\u00fcrk d\u00fcnyas\u0131n\u0131n m\u0259d\u0259niyy\u0259t paytaxt\u0131\u201d elan edilm\u0259si il\u0259 ba\u011fl\u0131 T\u0259dbirl\u0259r Plan\u0131nda yer al\u0131b.<\/p>\n\n\n\n<p>Forum \u00e7\u0259r\u00e7iv\u0259sind\u0259 may-iyun aylar\u0131nda Beyn\u0259lxalq T\u00fcrk Akademiyas\u0131 il\u0259 birg\u0259 t\u00fcrk d\u00fcnyas\u0131nda ortaq m\u0259d\u0259ni irsin, tarix-memarl\u0131q abid\u0259l\u0259rinin qorunmas\u0131, b\u0259rpas\u0131 v\u0259 tan\u0131d\u0131lmas\u0131na h\u0259sr olunmu\u015f t\u0259dbirin t\u0259\u015fkili n\u0259z\u0259rd\u0259 tutulub. H\u0259m\u00e7inin T\u00dcRKSOY-a \u00fczv \u00f6lk\u0259l\u0259rin UNESCO Milli Komissiyalar\u0131n\u0131n 9-cu Toplant\u0131s\u0131 v\u0259 T\u00fcrk D\u00fcnyas\u0131n\u0131n M\u0259d\u0259ni Mar\u015frutu layih\u0259sinin t\u0259qdimat\u0131 ke\u00e7iril\u0259c\u0259k. Eyni zamanda, T\u00fcrk d\u00fcnyas\u0131 m\u0259d\u0259niyy\u0259t paytaxtlar\u0131n\u0131n \u015eu\u015fa \u015f\u0259b\u0259k\u0259sinin yarad\u0131lmas\u0131 v\u0259 ilk g\u00f6r\u00fc\u015f\u00fcn\u00fcn t\u0259\u015fkili, el\u0259d\u0259 d\u0259 T\u00dcRKSOY Muzeyl\u0259r Birliyinin toplant\u0131s\u0131n\u0131n ke\u00e7irilm\u0259si planla\u015fd\u0131r\u0131l\u0131r.<\/p>\n\n\n\n<p>Qeyd olunan i\u015fl\u0259rin icras\u0131 M\u0259d\u0259niyy\u0259t Nazirliyi, Heyd\u0259r \u018fliyev M\u0259rk\u0259zi, Elm v\u0259 T\u0259hsil Nazirliyi, Xarici \u0130\u015fl\u0259r Nazirliyi, D\u00f6vl\u0259t Turizm Agentliyi, Az\u0259rbaycan Milli Elml\u0259r Akademiyas\u0131, Az\u0259rbaycan Respublikas\u0131n\u0131n \u018fqli M\u00fclkiyy\u0259t Agentliyi, Az\u0259rbaycan Respublikas\u0131 Prezidentinin \u015eu\u015fa rayonunda x\u00fcsusi n\u00fcmay\u0259nd\u0259liyi, \u015eu\u015fa \u015e\u0259h\u0259ri D\u00f6vl\u0259t Qoru\u011fu \u0130dar\u0259sin\u0259 tap\u015f\u0131r\u0131l\u0131b.<\/p>\n\n\n\n<p><strong style=\"color: rgb(17, 17, 17); white-space: normal;\"><strong style=\"color: rgb(17, 17, 17);\"><a style=\"text-decoration-line: underline;\" href=\"https:\/\/edebiyyatqazeti.az\/\"><strong style=\"color: rgb(17, 17, 17);\">M\u0259nb\u0259:\u00a0<\/strong><\/a><strong style=\"color: rgb(17, 17, 17);\"><a style=\"text-decoration-line: underline;\" href=\"https:\/\/culture.gov.az\/\">https:\/\/azertag.az<\/a><\/strong><\/strong><\/strong><\/p>\n","protected":false},"excerpt":{"rendered":"<p>Az\u0259rbaycan xalq\u0131n\u0131n \u00dcmummilli Lideri Heyd\u0259r \u018fliyevin 100 illik yubileyin\u0259 h\u0259sr olunmu\u015f I T\u00fcrk D\u00fcnyas\u0131 M\u0259d\u0259niyy\u0259t Forumu ke\u00e7iril\u0259c\u0259k. AZ\u018fRTAC&nbsp;x\u0259b\u0259r verir ki, bu bar\u0259d\u0259 q\u0259rar Az\u0259rbaycan Respublikas\u0131n\u0131n Nazirl\u0259r Kabinetinin \u015eu\u015fa \u015f\u0259h\u0259rinin 2023-c\u00fc il \u00fc\u00e7\u00fcn \u201cT\u00fcrk d\u00fcnyas\u0131n\u0131n m\u0259d\u0259niyy\u0259t paytaxt\u0131\u201d elan edilm\u0259si il\u0259 ba\u011fl\u0131 T\u0259dbirl\u0259r Plan\u0131nda yer al\u0131b. Forum \u00e7\u0259r\u00e7iv\u0259sind\u0259 may-iyun aylar\u0131nda Beyn\u0259lxalq T\u00fcrk Akademiyas\u0131 il\u0259 birg\u0259 t\u00fcrk d\u00fcnyas\u0131nda [&hellip;]<\/p>\n","protected":false},"author":2,"featured_media":0,"comment_status":"open","ping_status":"open","sticky":false,"template":"","format":"standard","meta":{"footnotes":""},"categories":[49],"tags":[],"class_list":["post-44412","post","type-post","status-publish","format-standard","hentry","category-medeniyyat"],"_links":{"self":[{"href":"https:\/\/edebiyyat-az.com\/index.php?rest_route=\/wp\/v2\/posts\/44412","targetHints":{"allow":["GET"]}}],"collection":[{"href":"https:\/\/edebiyyat-az.com\/index.php?rest_route=\/wp\/v2\/posts"}],"about":[{"href":"https:\/\/edebiyyat-az.com\/index.php?rest_route=\/wp\/v2\/types\/post"}],"author":[{"embeddable":true,"href":"https:\/\/edebiyyat-az.com\/index.php?rest_route=\/wp\/v2\/users\/2"}],"replies":[{"embeddable":true,"href":"https:\/\/edebiyyat-az.com\/index.php?rest_route=%2Fwp%2Fv2%2Fcomments&post=44412"}],"version-history":[{"count":1,"href":"https:\/\/edebiyyat-az.com\/index.php?rest_route=\/wp\/v2\/posts\/44412\/revisions"}],"predecessor-version":[{"id":44425,"href":"https:\/\/edebiyyat-az.com\/index.php?rest_route=\/wp\/v2\/posts\/44412\/revisions\/44425"}],"wp:attachment":[{"href":"https:\/\/edebiyyat-az.com\/index.php?rest_route=%2Fwp%2Fv2%2Fmedia&parent=44412"}],"wp:term":[{"taxonomy":"category","embeddable":true,"href":"https:\/\/edebiyyat-az.com\/index.php?rest_route=%2Fwp%2Fv2%2Fcategories&post=44412"},{"taxonomy":"post_tag","embeddable":true,"href":"https:\/\/edebiyyat-az.com\/index.php?rest_route=%2Fwp%2Fv2%2Ftags&post=44412"}],"curies":[{"name":"wp","href":"https:\/\/api.w.org\/{rel}","templated":true}]}}