{"id":45172,"date":"2023-03-15T08:00:00","date_gmt":"2023-03-15T04:00:00","guid":{"rendered":"https:\/\/edebiyyat-az.com\/?p=45172"},"modified":"2023-03-15T14:01:57","modified_gmt":"2023-03-15T10:01:57","slug":"a-r-rzayevin-1-ci-d%c9%99r%c9%99c%c9%99li-%c9%99m%c9%99k-ordeni-il%c9%99-t%c9%99ltif-edilm%c9%99si-haqqindaaz%c9%99rbaycan-respublikasi-prezidentinin-s%c9%99r%c9%99ncami","status":"publish","type":"post","link":"https:\/\/edebiyyat-az.com\/?p=45172","title":{"rendered":"A.R.Rzayevin 1-ci d\u0259r\u0259c\u0259li \u201c\u018fm\u0259k\u201d ordeni il\u0259&nbsp;t\u0259ltif edilm\u0259si haqq\u0131nda<br>Az\u0259rbaycan Respublikas\u0131 Prezidentinin S\u0259r\u0259ncam\u0131"},"content":{"rendered":"\n<figure class=\"wp-block-image size-full\"><a href=\"http:\/\/edebiyyat-az.com\/wp-content\/uploads\/2023\/03\/image-6.png\"><img decoding=\"async\" src=\"http:\/\/edebiyyat-az.com\/wp-content\/uploads\/2023\/03\/image-6.png\" alt=\"\" class=\"wp-image-44865\"\/><\/a><\/figure>\n\n\n\n<p><strong>A.R.Rzayevin 1-ci d\u0259r\u0259c\u0259li \u201c\u018fm\u0259k\u201d ordeni il\u0259 t\u0259ltif edilm\u0259si haqq\u0131nda Az\u0259rbaycan Respublikas\u0131 Prezidentinin S\u0259r\u0259ncam\u0131<\/strong><\/p>\n\n\n\n<p>Az\u0259rbaycan Respublikas\u0131 Konstitusiyas\u0131n\u0131n 109-cu madd\u0259sinin 23-c\u00fc b\u0259ndini r\u0259hb\u0259r tutaraq&nbsp;<strong>q\u0259rara al\u0131ram:<\/strong><\/p>\n\n\n\n<p>Az\u0259rbaycan m\u0259d\u0259niyy\u0259tinin inki\u015faf\u0131nda uzunm\u00fcdd\u0259tli s\u0259m\u0259r\u0259li f\u0259aliyy\u0259tin\u0259 g\u00f6r\u0259 Anar R\u0259sul o\u011flu Rzayev 1-ci d\u0259r\u0259c\u0259li \u201c\u018fm\u0259k\u201d ordeni il\u0259 t\u0259ltif edilsin.<\/p>\n\n\n\n<p><strong>\u0130lham \u018fliyev<\/strong><\/p>\n\n\n\n<p><strong>Az\u0259rbaycan Respublikas\u0131n\u0131n Prezidenti<\/strong><\/p>\n\n\n\n<p><strong>Bak\u0131 \u015f\u0259h\u0259ri, 15 mart 2023-c\u00fc il<\/strong><\/p>\n\n\n\n<p><strong>M\u0259nb\u0259:\u00a0<a href=\"http:\/\/president.az\/\">http:\/\/president.az<\/a><\/strong><\/p>\n","protected":false},"excerpt":{"rendered":"<p>A.R.Rzayevin 1-ci d\u0259r\u0259c\u0259li \u201c\u018fm\u0259k\u201d ordeni il\u0259 t\u0259ltif edilm\u0259si haqq\u0131nda Az\u0259rbaycan Respublikas\u0131 Prezidentinin S\u0259r\u0259ncam\u0131 Az\u0259rbaycan Respublikas\u0131 Konstitusiyas\u0131n\u0131n 109-cu madd\u0259sinin 23-c\u00fc b\u0259ndini r\u0259hb\u0259r tutaraq&nbsp;q\u0259rara al\u0131ram: Az\u0259rbaycan m\u0259d\u0259niyy\u0259tinin inki\u015faf\u0131nda uzunm\u00fcdd\u0259tli s\u0259m\u0259r\u0259li f\u0259aliyy\u0259tin\u0259 g\u00f6r\u0259 Anar R\u0259sul o\u011flu Rzayev 1-ci d\u0259r\u0259c\u0259li \u201c\u018fm\u0259k\u201d ordeni il\u0259 t\u0259ltif edilsin. \u0130lham \u018fliyev Az\u0259rbaycan Respublikas\u0131n\u0131n Prezidenti Bak\u0131 \u015f\u0259h\u0259ri, 15 mart 2023-c\u00fc il M\u0259nb\u0259:\u00a0http:\/\/president.az<\/p>\n","protected":false},"author":2,"featured_media":0,"comment_status":"open","ping_status":"open","sticky":false,"template":"","format":"standard","meta":{"footnotes":""},"categories":[46],"tags":[],"class_list":["post-45172","post","type-post","status-publish","format-standard","hentry","category-azerbaycanprezidenti"],"_links":{"self":[{"href":"https:\/\/edebiyyat-az.com\/index.php?rest_route=\/wp\/v2\/posts\/45172","targetHints":{"allow":["GET"]}}],"collection":[{"href":"https:\/\/edebiyyat-az.com\/index.php?rest_route=\/wp\/v2\/posts"}],"about":[{"href":"https:\/\/edebiyyat-az.com\/index.php?rest_route=\/wp\/v2\/types\/post"}],"author":[{"embeddable":true,"href":"https:\/\/edebiyyat-az.com\/index.php?rest_route=\/wp\/v2\/users\/2"}],"replies":[{"embeddable":true,"href":"https:\/\/edebiyyat-az.com\/index.php?rest_route=%2Fwp%2Fv2%2Fcomments&post=45172"}],"version-history":[{"count":1,"href":"https:\/\/edebiyyat-az.com\/index.php?rest_route=\/wp\/v2\/posts\/45172\/revisions"}],"predecessor-version":[{"id":45173,"href":"https:\/\/edebiyyat-az.com\/index.php?rest_route=\/wp\/v2\/posts\/45172\/revisions\/45173"}],"wp:attachment":[{"href":"https:\/\/edebiyyat-az.com\/index.php?rest_route=%2Fwp%2Fv2%2Fmedia&parent=45172"}],"wp:term":[{"taxonomy":"category","embeddable":true,"href":"https:\/\/edebiyyat-az.com\/index.php?rest_route=%2Fwp%2Fv2%2Fcategories&post=45172"},{"taxonomy":"post_tag","embeddable":true,"href":"https:\/\/edebiyyat-az.com\/index.php?rest_route=%2Fwp%2Fv2%2Ftags&post=45172"}],"curies":[{"name":"wp","href":"https:\/\/api.w.org\/{rel}","templated":true}]}}