{"id":45197,"date":"2023-03-17T04:00:00","date_gmt":"2023-03-17T00:00:00","guid":{"rendered":"https:\/\/edebiyyat-az.com\/?p=45197"},"modified":"2023-03-17T10:48:11","modified_gmt":"2023-03-17T06:48:11","slug":"arzu-huseyn-h%c9%99r-sey-s%c9%99ni-xatirladir","status":"publish","type":"post","link":"https:\/\/edebiyyat-az.com\/?p=45197","title":{"rendered":"Arzu H\u00dcSEYN.&#8221;H\u0259r \u015fey s\u0259ni xat\u0131rlad\u0131r&#8221;"},"content":{"rendered":"\n<figure class=\"wp-block-image size-full\"><a href=\"https:\/\/edebiyyat-az.com\/wp-content\/uploads\/2023\/03\/Arzu-Huseyn-1.jpg\"><img decoding=\"async\" src=\"https:\/\/edebiyyat-az.com\/wp-content\/uploads\/2023\/03\/Arzu-Huseyn-1.jpg\" alt=\"\" class=\"wp-image-45210\"\/><\/a><\/figure>\n\n\n\n<p class=\"wp-block-paragraph\"><strong><strong>Az\u0259rbaycan Yaz\u0131\u00e7\u0131lar Birliyinin \u00fczv\u00fc, Prezident m\u00fckafat\u00e7\u0131s\u0131<\/strong>,\u00a0<strong>Az\u0259rbaycan\u0131n M\u0259d\u0259niyy\u0259t v\u0259 \u018fd\u0259biyyat Portal\u0131n\u0131n BAKI B\u00fcrosunun R\u0259hb\u0259ri<\/strong><\/strong><\/p>\n\n\n\n<p class=\"wp-block-paragraph\">H\u0259r \u015fey s\u0259ni xat\u0131rlad\u0131r,<br>Bu k\u00fc\u00e7\u0259 d\u0259, bu d\u00f6ng\u0259 d\u0259.<br>O a\u011facdan yola d\u00fc\u015f\u0259n,<br>O k\u00f6lg\u0259 d\u0259.<br>Bu \u015f\u0259h\u0259r d\u0259, bu \u00f6lk\u0259 d\u0259,<br>Q\u0259m d\u0259 s\u0259ni xat\u0131rlad\u0131r.<\/p>\n\n\n\n<p class=\"wp-block-paragraph\">H\u0259r g\u00fcn s\u0259ni xat\u0131rlad\u0131r,<br>Vaxt, zaman da.<br>Sahibi t\u0259rk edib ged\u0259n,<br>o \u00fcnvan da.<br>Yan\u0131mda \u0259limi s\u0131xan,<br>Bu adam da,<br>M\u0259n\u0259 s\u0259ni xat\u0131rlad\u0131r\u2026<\/p>\n","protected":false},"excerpt":{"rendered":"<p>Az\u0259rbaycan Yaz\u0131\u00e7\u0131lar Birliyinin \u00fczv\u00fc, Prezident m\u00fckafat\u00e7\u0131s\u0131,\u00a0Az\u0259rbaycan\u0131n M\u0259d\u0259niyy\u0259t v\u0259 \u018fd\u0259biyyat Portal\u0131n\u0131n BAKI B\u00fcrosunun R\u0259hb\u0259ri H\u0259r \u015fey s\u0259ni xat\u0131rlad\u0131r,Bu k\u00fc\u00e7\u0259 d\u0259, bu d\u00f6ng\u0259 d\u0259.O a\u011facdan yola d\u00fc\u015f\u0259n,O k\u00f6lg\u0259 d\u0259.Bu \u015f\u0259h\u0259r d\u0259, bu \u00f6lk\u0259 d\u0259,Q\u0259m d\u0259 s\u0259ni xat\u0131rlad\u0131r. H\u0259r g\u00fcn s\u0259ni xat\u0131rlad\u0131r,Vaxt, zaman da.Sahibi t\u0259rk edib ged\u0259n,o \u00fcnvan da.Yan\u0131mda \u0259limi s\u0131xan,Bu adam da,M\u0259n\u0259 s\u0259ni xat\u0131rlad\u0131r\u2026<\/p>\n","protected":false},"author":2,"featured_media":0,"comment_status":"open","ping_status":"open","sticky":false,"template":"","format":"standard","meta":{"footnotes":""},"categories":[4],"tags":[],"class_list":["post-45197","post","type-post","status-publish","format-standard","hentry","category-edeb","latest_post"],"_links":{"self":[{"href":"https:\/\/edebiyyat-az.com\/index.php?rest_route=\/wp\/v2\/posts\/45197","targetHints":{"allow":["GET"]}}],"collection":[{"href":"https:\/\/edebiyyat-az.com\/index.php?rest_route=\/wp\/v2\/posts"}],"about":[{"href":"https:\/\/edebiyyat-az.com\/index.php?rest_route=\/wp\/v2\/types\/post"}],"author":[{"embeddable":true,"href":"https:\/\/edebiyyat-az.com\/index.php?rest_route=\/wp\/v2\/users\/2"}],"replies":[{"embeddable":true,"href":"https:\/\/edebiyyat-az.com\/index.php?rest_route=%2Fwp%2Fv2%2Fcomments&post=45197"}],"version-history":[{"count":1,"href":"https:\/\/edebiyyat-az.com\/index.php?rest_route=\/wp\/v2\/posts\/45197\/revisions"}],"predecessor-version":[{"id":45211,"href":"https:\/\/edebiyyat-az.com\/index.php?rest_route=\/wp\/v2\/posts\/45197\/revisions\/45211"}],"wp:attachment":[{"href":"https:\/\/edebiyyat-az.com\/index.php?rest_route=%2Fwp%2Fv2%2Fmedia&parent=45197"}],"wp:term":[{"taxonomy":"category","embeddable":true,"href":"https:\/\/edebiyyat-az.com\/index.php?rest_route=%2Fwp%2Fv2%2Fcategories&post=45197"},{"taxonomy":"post_tag","embeddable":true,"href":"https:\/\/edebiyyat-az.com\/index.php?rest_route=%2Fwp%2Fv2%2Ftags&post=45197"}],"curies":[{"name":"wp","href":"https:\/\/api.w.org\/{rel}","templated":true}]}}