{"id":45714,"date":"2023-04-21T05:00:00","date_gmt":"2023-04-21T01:00:00","guid":{"rendered":"https:\/\/edebiyyat-az.com\/?p=45714"},"modified":"2023-04-21T08:22:52","modified_gmt":"2023-04-21T04:22:52","slug":"ramazan-bayrami-munasib%c9%99til%c9%99-az%c9%99rbaycan-xalqina-t%c9%99brik-3","status":"publish","type":"post","link":"https:\/\/edebiyyat-az.com\/?p=45714","title":{"rendered":"Ramazan bayram\u0131 m\u00fcnasib\u0259til\u0259 Az\u0259rbaycan xalq\u0131na t\u0259brik"},"content":{"rendered":"\n<figure class=\"wp-block-image size-full\"><a href=\"http:\/\/edebiyyat-az.com\/wp-content\/uploads\/2023\/04\/image.png\"><img loading=\"lazy\" decoding=\"async\" width=\"927\" height=\"669\" src=\"http:\/\/edebiyyat-az.com\/wp-content\/uploads\/2023\/04\/image.png\" alt=\"\" class=\"wp-image-45640\" srcset=\"https:\/\/edebiyyat-az.com\/wp-content\/uploads\/2023\/04\/image.png 927w, https:\/\/edebiyyat-az.com\/wp-content\/uploads\/2023\/04\/image-300x217.png 300w, https:\/\/edebiyyat-az.com\/wp-content\/uploads\/2023\/04\/image-768x554.png 768w\" sizes=\"auto, (max-width: 927px) 100vw, 927px\" \/><\/a><\/figure>\n\n\n\n<p><strong>Ramazan bayram\u0131 m\u00fcnasib\u0259til\u0259 Az\u0259rbaycan xalq\u0131na t\u0259brik<\/strong><\/p>\n\n\n\n<p><strong>H\u00f6rm\u0259tli h\u0259mv\u0259t\u0259nl\u0259r!<\/strong><\/p>\n\n\n\n<p>Sizi m\u00fcq\u0259dd\u0259s Ramazan bayram\u0131 m\u00fcnasib\u0259til\u0259 \u00fcr\u0259kd\u0259n t\u0259brik edir, ham\u0131n\u0131za \u0259n xo\u015f arzu v\u0259 dil\u0259kl\u0259rimi yetirir\u0259m.<\/p>\n\n\n\n<p>B\u0259\u015f\u0259r \u00f6vlad\u0131n\u0131 \u0259xlaqi pakl\u0131\u011fa, humanizm\u0259, birlik v\u0259 b\u0259rab\u0259rliy\u0259 d\u0259v\u0259t ed\u0259n, insanlar\u0131n ruhunu v\u0259 m\u0259n\u0259viyyat\u0131n\u0131 safla\u015fd\u0131ran m\u00fcbar\u0259k Ramazan ay\u0131nda m\u00fcs\u0259lmanlar Uca Yaradan qar\u015f\u0131s\u0131nda \u00f6z borcunu l\u0259yaq\u0259tl\u0259 yerin\u0259 yetirm\u0259k f\u00fcrs\u0259ti \u0259ld\u0259 edir, m\u0259n\u0259vi kamilliyin v\u0259 savab \u0259m\u0259ll\u0259rin sevincini ya\u015fay\u0131rlar.<\/p>\n\n\n\n<p>\u0130slam sivilizasiyas\u0131n\u0131n tarixi-m\u0259d\u0259ni m\u0259rk\u0259zl\u0259rind\u0259n olan Az\u0259rbaycanda Ramazan bayram\u0131 h\u0259r il b\u00f6y\u00fck t\u0259nt\u0259n\u0259 il\u0259 ke\u00e7irilir, xalq\u0131m\u0131z\u0131n v\u0259 d\u00f6vl\u0259timizin firavanl\u0131\u011f\u0131, \u0259min-amanl\u0131\u011f\u0131 \u00fc\u00e7\u00fcn dualar edilir, \u00f6lk\u0259mizin m\u00fcst\u0259qilliyi v\u0259 \u0259razi b\u00fct\u00f6vl\u00fcy\u00fc u\u011frunda can\u0131ndan ke\u00e7\u0259n q\u0259hr\u0259man V\u0259t\u0259n \u00f6vladlar\u0131n\u0131n xatir\u0259si d\u0259rin ehtiramla yad olunur.<\/p>\n\n\n\n<p><strong>\u018fziz bac\u0131 v\u0259 qarda\u015flar\u0131m!<\/strong><\/p>\n\n\n\n<p>C\u0259miyy\u0259timizd\u0259 v\u0259hd\u0259ti v\u0259 h\u0259mr\u0259yliyi daha da g\u00fccl\u0259ndir\u0259n, xeyirxahl\u0131\u011f\u0131n, \u015f\u0259fq\u0259t v\u0259 m\u0259rh\u0259m\u0259t duy\u011fular\u0131n\u0131n t\u0259nt\u0259n\u0259sin\u0259 \u00e7evril\u0259n on bir ay\u0131n sultan\u0131 Ramazan ay\u0131 ba\u015fa \u00e7at\u0131r. Bu m\u00fcbar\u0259k bayram m\u00fcnasib\u0259til\u0259 bir daha h\u0259r biriniz\u0259 v\u0259 \u00f6lk\u0259mizin h\u00fcdudlar\u0131ndan k\u0259narda ya\u015fayan b\u00fct\u00fcn soyda\u015flar\u0131m\u0131za s\u0259mimi t\u0259brikl\u0259rimi \u00e7atd\u0131r\u0131r, ail\u0259l\u0259riniz\u0259 xo\u015fb\u0259xtlik, s\u00fcfr\u0259l\u0259riniz\u0259 xeyir-b\u0259r\u0259k\u0259t arzulay\u0131ram.<\/p>\n\n\n\n<p><strong>Allah orucunuzu, dua v\u0259 niyy\u0259tl\u0259rinizi q\u0259bul etsin.<\/strong><\/p>\n\n\n\n<p><strong>Ramazan bayram\u0131n\u0131z m\u00fcbar\u0259k olsun!<\/strong><\/p>\n\n\n\n<p><strong>\u0130lham \u018fliyev<\/strong><\/p>\n\n\n\n<p><strong>Az\u0259rbaycan Respublikas\u0131n\u0131n Prezidenti<\/strong><\/p>\n\n\n\n<p><strong>Bak\u0131 \u015f\u0259h\u0259ri, 19 aprel 2023-c\u00fc il<\/strong><\/p>\n\n\n\n<p><strong>M\u0259nb\u0259:\u00a0<a href=\"http:\/\/president.az\/\">http:\/\/president.az<\/a><\/strong><\/p>\n","protected":false},"excerpt":{"rendered":"<p>Ramazan bayram\u0131 m\u00fcnasib\u0259til\u0259 Az\u0259rbaycan xalq\u0131na t\u0259brik H\u00f6rm\u0259tli h\u0259mv\u0259t\u0259nl\u0259r! Sizi m\u00fcq\u0259dd\u0259s Ramazan bayram\u0131 m\u00fcnasib\u0259til\u0259 \u00fcr\u0259kd\u0259n t\u0259brik edir, ham\u0131n\u0131za \u0259n xo\u015f arzu v\u0259 dil\u0259kl\u0259rimi yetirir\u0259m. B\u0259\u015f\u0259r \u00f6vlad\u0131n\u0131 \u0259xlaqi pakl\u0131\u011fa, humanizm\u0259, birlik v\u0259 b\u0259rab\u0259rliy\u0259 d\u0259v\u0259t ed\u0259n, insanlar\u0131n ruhunu v\u0259 m\u0259n\u0259viyyat\u0131n\u0131 safla\u015fd\u0131ran m\u00fcbar\u0259k Ramazan ay\u0131nda m\u00fcs\u0259lmanlar Uca Yaradan qar\u015f\u0131s\u0131nda \u00f6z borcunu l\u0259yaq\u0259tl\u0259 yerin\u0259 yetirm\u0259k f\u00fcrs\u0259ti \u0259ld\u0259 edir, m\u0259n\u0259vi kamilliyin [&hellip;]<\/p>\n","protected":false},"author":2,"featured_media":0,"comment_status":"open","ping_status":"open","sticky":false,"template":"","format":"standard","meta":{"footnotes":""},"categories":[46],"tags":[],"class_list":["post-45714","post","type-post","status-publish","format-standard","hentry","category-azerbaycanprezidenti"],"_links":{"self":[{"href":"https:\/\/edebiyyat-az.com\/index.php?rest_route=\/wp\/v2\/posts\/45714","targetHints":{"allow":["GET"]}}],"collection":[{"href":"https:\/\/edebiyyat-az.com\/index.php?rest_route=\/wp\/v2\/posts"}],"about":[{"href":"https:\/\/edebiyyat-az.com\/index.php?rest_route=\/wp\/v2\/types\/post"}],"author":[{"embeddable":true,"href":"https:\/\/edebiyyat-az.com\/index.php?rest_route=\/wp\/v2\/users\/2"}],"replies":[{"embeddable":true,"href":"https:\/\/edebiyyat-az.com\/index.php?rest_route=%2Fwp%2Fv2%2Fcomments&post=45714"}],"version-history":[{"count":1,"href":"https:\/\/edebiyyat-az.com\/index.php?rest_route=\/wp\/v2\/posts\/45714\/revisions"}],"predecessor-version":[{"id":45724,"href":"https:\/\/edebiyyat-az.com\/index.php?rest_route=\/wp\/v2\/posts\/45714\/revisions\/45724"}],"wp:attachment":[{"href":"https:\/\/edebiyyat-az.com\/index.php?rest_route=%2Fwp%2Fv2%2Fmedia&parent=45714"}],"wp:term":[{"taxonomy":"category","embeddable":true,"href":"https:\/\/edebiyyat-az.com\/index.php?rest_route=%2Fwp%2Fv2%2Fcategories&post=45714"},{"taxonomy":"post_tag","embeddable":true,"href":"https:\/\/edebiyyat-az.com\/index.php?rest_route=%2Fwp%2Fv2%2Ftags&post=45714"}],"curies":[{"name":"wp","href":"https:\/\/api.w.org\/{rel}","templated":true}]}}