{"id":45733,"date":"2023-04-24T09:00:00","date_gmt":"2023-04-24T05:00:00","guid":{"rendered":"https:\/\/edebiyyat-az.com\/?p=45733"},"modified":"2023-04-24T15:02:31","modified_gmt":"2023-04-24T11:02:31","slug":"gufte-edebiyat-uluslararasi-prof-dr-mehmet-ismail-siir-yarismasi","status":"publish","type":"post","link":"https:\/\/edebiyyat-az.com\/?p=45733","title":{"rendered":"G\u00dcFTE EDEB\u0130YAT ULUSLARARASI PROF. DR. MEHMET \u0130SMA\u0130L \u015e\u0130\u0130R YARI\u015eMASI"},"content":{"rendered":"\n<figure class=\"wp-block-image size-full\"><a href=\"https:\/\/edebiyyat-az.com\/wp-content\/uploads\/2023\/04\/342993812_2555895874717162_433707260153688409_n.jpg\"><img decoding=\"async\" src=\"https:\/\/edebiyyat-az.com\/wp-content\/uploads\/2023\/04\/342993812_2555895874717162_433707260153688409_n.jpg\" alt=\"\" class=\"wp-image-45744\"\/><\/a><\/figure>\n\n\n\n<p><\/p>\n\n\n\n<ol class=\"wp-block-list\">\n<li>Uluslararas\u0131 Prof. Dr. Mehmet \u0130smail \u015eiir Yar\u0131\u015fmas\u0131 y\u0131lda bir kez ilan edilen tarihlerde G\u00fcfte Edebiyat K\u00fclt\u00fcr Sanat ve Edebiyat dergisi taraf\u0131ndan T\u00fcrk d\u00fcnyas\u0131n\u0131n b\u00fcy\u00fck \u015fairi Prof. Dr. Mehmet \u0130smail ad\u0131na, \u00fcnl\u00fc \u015fairin fikir d\u00fcnyas\u0131n\u0131n da temelini olu\u015fturan ortak k\u00fclt\u00fcrel ve sanatsal ba\u011flar\u0131n g\u00fc\u00e7lendirilmesi amac\u0131yla d\u00fczenlenir.<\/li>\n\n\n\n<li>Yar\u0131\u015fmaya kat\u0131lacak eserlerin dili T\u00fcrk\u00e7edir. (T\u00fcrk\u00e7enin herhangi bir leh\u00e7e ya da \u015fivesi ile yar\u0131\u015fmaya kat\u0131lan eserler T\u00fcrkiye T\u00fcrk\u00e7esine aktar\u0131larak de\u011ferlendirmeye al\u0131nacakt\u0131r.)<\/li>\n\n\n\n<li>\u015eiirler vezinli ya da vezinsiz olabilir.<\/li>\n\n\n\n<li>Her bir yar\u0131\u015fmac\u0131 yaln\u0131z bir \u015fiir ile kat\u0131labilir.<\/li>\n\n\n\n<li>Konu serbesttir.<\/li>\n\n\n\n<li>Eserler en fazla iki A4 boyutunda olmal\u0131d\u0131r.<\/li>\n\n\n\n<li>Ba\u015fvuruda bulunulan eserin daha \u00f6nce herhangi bir yerde yay\u0131mlanmam\u0131\u015f (bas\u0131l\u0131 eserler, e-dergi, e-gazete, web siteleri d\u00e2hil) olmas\u0131 gerekmektedir. Yay\u0131mlanm\u0131\u015f bir eser derece kazansa dahi iptal edilir.<\/li>\n\n\n\n<li>Eserlerin, sa\u011f \u00fcst k\u00f6\u015fesinde rumuz yaz\u0131lm\u0131\u015f vaziyette g\u00f6nderilmi\u015f olmas\u0131 gerekmektedir.<\/li>\n\n\n\n<li>Yar\u0131\u015fmac\u0131lar\u0131n ayr\u0131 bir dosya h\u00e2linde \u00f6z ge\u00e7mi\u015fi, resmi ad\u0131, soyad\u0131, rumuzu, adresi, telefon numaras\u0131 ile birlikte bir adet foto\u011fraf\u0131n\u0131 g\u00f6ndermesi gerekmektedir.<\/li>\n\n\n\n<li>Eserler bilgisayarda, A4 formunda, Times New Roman, 12 punto ve 1,0 sat\u0131r aral\u0131\u011f\u0131 ile yaz\u0131lm\u0131\u015f olmal\u0131d\u0131r.<\/li>\n\n\n\n<li>Yar\u0131\u015fmaya kat\u0131lan eserler, geri verilmeyecektir. Eserlerin yay\u0131m hakk\u0131 G\u00fcfte Edebiyat\u2019a ait olacakt\u0131r.<\/li>\n\n\n\n<li>\u015eartnamede belirtilmemi\u015f hususlarla ilgili ihtilaflarda d\u00fczenleme komitesinin kararlar\u0131 esast\u0131r.<br>SE\u00c7\u0130C\u0130 KURUL<br>\u00d6N ELEME:<\/li>\n\n\n\n<li>Fikret YAZICIO\u011eLU<\/li>\n\n\n\n<li>\u0130dris G\u00dcRDAL<\/li>\n\n\n\n<li>Mehmet \u00d6zcan YASDIBA\u015e<\/li>\n\n\n\n<li>Rabie Ru\u015fid<\/li>\n\n\n\n<li>\u00dclviyye Ebulfezq\u0131z\u0131<br>F\u0130NAL:<\/li>\n\n\n\n<li>Prof. Dr. Abdullah \u015eENG\u00dcL<\/li>\n\n\n\n<li>Talat \u00dcLKER<\/li>\n\n\n\n<li>Celalettin KURT<\/li>\n\n\n\n<li>Ali SA\u00c7IKARA<\/li>\n\n\n\n<li>S\u00fcnd\u00fcs Arslan AK\u00c7A<\/li>\n\n\n\n<li>Mahmut HASG\u00dcL<\/li>\n\n\n\n<li>Aysel Xanlarq\u0131z\u0131 SEFERL\u0130<br>YARI\u015eMA TAKV\u0130M\u0130<br>Yar\u0131\u015fma \u0130lan\u0131 : 24 Nisan 2023<br>Son Kat\u0131l\u0131m Tarihi : 15 Ekim 2023<br>\u00d6n Eleme : 15 Ekim-5 Kas\u0131m 2023<br>Final : 05 Kas\u0131m-5 Aral\u0131k 2023<br>Sonu\u00e7lar\u0131n A\u00e7\u0131klanmas\u0131 : 10 Aral\u0131k 2023<br>\u00d6d\u00fcl T\u00f6reni : 24 Aral\u0131k 2023<br>\u00d6D\u00dcL<\/li>\n\n\n\n<li>Birinci : 5.000 TL<\/li>\n\n\n\n<li>\u0130kinci : 3.000 TL<\/li>\n\n\n\n<li>\u00dc\u00e7\u00fcnc\u00fc : 2.000 TL<\/li>\n<\/ol>\n\n\n\n<p><\/p>\n\n\n\n<p><\/p>\n\n\n\n<p><\/p>\n","protected":false},"excerpt":{"rendered":"","protected":false},"author":2,"featured_media":0,"comment_status":"open","ping_status":"open","sticky":false,"template":"","format":"standard","meta":{"footnotes":""},"categories":[41],"tags":[],"class_list":["post-45733","post","type-post","status-publish","format-standard","hentry","category-musabiq"],"_links":{"self":[{"href":"https:\/\/edebiyyat-az.com\/index.php?rest_route=\/wp\/v2\/posts\/45733","targetHints":{"allow":["GET"]}}],"collection":[{"href":"https:\/\/edebiyyat-az.com\/index.php?rest_route=\/wp\/v2\/posts"}],"about":[{"href":"https:\/\/edebiyyat-az.com\/index.php?rest_route=\/wp\/v2\/types\/post"}],"author":[{"embeddable":true,"href":"https:\/\/edebiyyat-az.com\/index.php?rest_route=\/wp\/v2\/users\/2"}],"replies":[{"embeddable":true,"href":"https:\/\/edebiyyat-az.com\/index.php?rest_route=%2Fwp%2Fv2%2Fcomments&post=45733"}],"version-history":[{"count":1,"href":"https:\/\/edebiyyat-az.com\/index.php?rest_route=\/wp\/v2\/posts\/45733\/revisions"}],"predecessor-version":[{"id":45745,"href":"https:\/\/edebiyyat-az.com\/index.php?rest_route=\/wp\/v2\/posts\/45733\/revisions\/45745"}],"wp:attachment":[{"href":"https:\/\/edebiyyat-az.com\/index.php?rest_route=%2Fwp%2Fv2%2Fmedia&parent=45733"}],"wp:term":[{"taxonomy":"category","embeddable":true,"href":"https:\/\/edebiyyat-az.com\/index.php?rest_route=%2Fwp%2Fv2%2Fcategories&post=45733"},{"taxonomy":"post_tag","embeddable":true,"href":"https:\/\/edebiyyat-az.com\/index.php?rest_route=%2Fwp%2Fv2%2Ftags&post=45733"}],"curies":[{"name":"wp","href":"https:\/\/api.w.org\/{rel}","templated":true}]}}