{"id":45962,"date":"2023-05-05T09:00:00","date_gmt":"2023-05-05T05:00:00","guid":{"rendered":"https:\/\/edebiyyat-az.com\/?p=45962"},"modified":"2023-05-05T18:03:40","modified_gmt":"2023-05-05T14:03:40","slug":"yazici-m%c9%99mm%c9%99d-orucunnam%c9%99lum-fikr%c9%99t-qoca-adli-kitabinin-t%c9%99qdimat-m%c9%99rasimi-kecirildi","status":"publish","type":"post","link":"https:\/\/edebiyyat-az.com\/?p=45962","title":{"rendered":"Yaz\u0131\u00e7\u0131 M\u0259mm\u0259d Orucun&#8221;Nam\u0259lum Fikr\u0259t Qoca&#8221; adl\u0131 kitab\u0131n\u0131n t\u0259qdimat m\u0259rasimi ke\u00e7irildi"},"content":{"rendered":"\n<figure class=\"wp-block-image size-large\"><a href=\"http:\/\/edebiyyat-az.com\/wp-content\/uploads\/2023\/05\/ayb.jpg\"><img decoding=\"async\" src=\"http:\/\/edebiyyat-az.com\/wp-content\/uploads\/2023\/05\/ayb-1024x769.jpg\" alt=\"\" class=\"wp-image-45968\"\/><\/a><\/figure>\n\n\n\n<p>May\u0131n 4 d\u0259 Az\u0259rbaycan Yaz\u0131\u00e7\u0131lar Birliyinin &#8220;Nat\u0259van&#8221; klubunda yaz\u0131\u00e7\u0131 M\u0259mm\u0259d Orucun xalq \u015fairi Fikr\u0259t Qoca haqq\u0131nda yazd\u0131\u011f\u0131 &#8220;Nam\u0259lum Fikr\u0259t Qoca&#8221; adl\u0131 kitab\u0131n\u0131n t\u0259qdimat m\u0259rasimi ke\u00e7irildi. T\u0259dbirin apar\u0131c\u0131s\u0131 Seyran S\u0259xav\u0259t d\u0259y\u0259rli q\u0259l\u0259m ustas\u0131 haqq\u0131nda yaz\u0131lan kitab\u0131n i\u015f\u0131\u011f\u0131na y\u0131\u011f\u0131\u015fanlar\u0131 salamlad\u0131 v\u0259 s\u00f6z\u00fc AYB -nin s\u0259dri, xalq yaz\u0131\u00e7\u0131s\u0131 Anara verdi. Anar m\u0259rhum \u015fairl\u0259 dostlu\u011fundan, onun n\u0259cib x\u00fcsusiyy\u0259tl\u0259rind\u0259n s\u00f6z a\u00e7araq xatir\u0259sini ehtiramla yad etdi v\u0259 kitab \u00fc\u00e7\u00fcn M\u0259mm\u0259d Oruca t\u0259\u015f\u0259kk\u00fcr\u00fcn\u00fc bildirdi. Daha sonra Vaqif \u018flixanl\u0131, Q\u0259\u015f\u0259m N\u0259c\u0259fzad\u0259, El\u00e7in H\u00fcseynb\u0259yli, Maarif Soltan, T\u0259ran\u0259 Vahid v\u0259 dig\u0259r q\u0259l\u0259m adamlar\u0131 Fikr\u0259t Qoca v\u0259 kitab\u0131n m\u00fc\u0259llifi haqq\u0131nda \u00fcr\u0259k s\u00f6zl\u0259rini b\u00f6l\u00fc\u015fd\u00fcl\u0259r, ill\u0259rin yadda\u015f\u0131ndan s\u00fcz\u00fcl\u00fcb g\u0259l\u0259n xatir\u0259l\u0259ri \u00e7\u00f6z\u0259l\u0259ndi. \u015eairi yax\u0131ndan tan\u0131yanlar onun \u00e7oxuna m\u0259lum olmayan bal\u0131q tutmaq kimi m\u0259\u015f\u011fuliyy\u0259t v\u0259 hobbisi bar\u0259d\u0259 maraql\u0131 xatir\u0259l\u0259ri dil\u0259 g\u0259tirdil\u0259r. Qeyd ed\u0259k ki, &#8220;Nam\u0259lum Fikr\u0259t Qoca&#8221; Xalq \u015fairi Fikr\u0259t Qocan\u0131n geni\u015f oxucu k\u00fctl\u0259sin\u0259 b\u0259lli olmayan bir s\u0131ra x\u00fcsusiyy\u0259tl\u0259ri haqq\u0131nda y\u0131\u011fcam xatir\u0259l\u0259r toplusudur. T\u0259dbirin sonunda M\u0259mm\u0259d Orucun q\u0131z\u0131 Aysel xan\u0131m, Fikr\u0259t Qocan\u0131n qarda\u015f\u0131 o\u011flu Bab\u0259k Qoca ail\u0259l\u0259ri ad\u0131ndan t\u0259dbir\u0259 y\u0131\u011f\u0131\u015fanlara minn\u0259tdarl\u0131qlar\u0131n\u0131 bildirdil\u0259r. M\u0259mm\u0259d Oruc deyil\u0259n xo\u015f s\u00f6zl\u0259r, yada sal\u0131nan xatir\u0259l\u0259r\u0259 g\u00f6r\u0259 ham\u0131ya t\u0259\u015f\u0259kk\u00fcr etdi v\u0259 sonda xatir\u0259 \u015f\u0259kill\u0259ri \u00e7\u0259kildi. K\u0259mal\u0259 M\u00fcsl\u00fcmq\u0131z\u0131<\/p>\n","protected":false},"excerpt":{"rendered":"<p>May\u0131n 4 d\u0259 Az\u0259rbaycan Yaz\u0131\u00e7\u0131lar Birliyinin &#8220;Nat\u0259van&#8221; klubunda yaz\u0131\u00e7\u0131 M\u0259mm\u0259d Orucun xalq \u015fairi Fikr\u0259t Qoca haqq\u0131nda yazd\u0131\u011f\u0131 &#8220;Nam\u0259lum Fikr\u0259t Qoca&#8221; adl\u0131 kitab\u0131n\u0131n t\u0259qdimat m\u0259rasimi ke\u00e7irildi. T\u0259dbirin apar\u0131c\u0131s\u0131 Seyran S\u0259xav\u0259t d\u0259y\u0259rli q\u0259l\u0259m ustas\u0131 haqq\u0131nda yaz\u0131lan kitab\u0131n i\u015f\u0131\u011f\u0131na y\u0131\u011f\u0131\u015fanlar\u0131 salamlad\u0131 v\u0259 s\u00f6z\u00fc AYB -nin s\u0259dri, xalq yaz\u0131\u00e7\u0131s\u0131 Anara verdi. Anar m\u0259rhum \u015fairl\u0259 dostlu\u011fundan, onun n\u0259cib x\u00fcsusiyy\u0259tl\u0259rind\u0259n s\u00f6z [&hellip;]<\/p>\n","protected":false},"author":2,"featured_media":0,"comment_status":"open","ping_status":"open","sticky":false,"template":"","format":"standard","meta":{"footnotes":""},"categories":[49],"tags":[],"class_list":["post-45962","post","type-post","status-publish","format-standard","hentry","category-medeniyyat"],"_links":{"self":[{"href":"https:\/\/edebiyyat-az.com\/index.php?rest_route=\/wp\/v2\/posts\/45962","targetHints":{"allow":["GET"]}}],"collection":[{"href":"https:\/\/edebiyyat-az.com\/index.php?rest_route=\/wp\/v2\/posts"}],"about":[{"href":"https:\/\/edebiyyat-az.com\/index.php?rest_route=\/wp\/v2\/types\/post"}],"author":[{"embeddable":true,"href":"https:\/\/edebiyyat-az.com\/index.php?rest_route=\/wp\/v2\/users\/2"}],"replies":[{"embeddable":true,"href":"https:\/\/edebiyyat-az.com\/index.php?rest_route=%2Fwp%2Fv2%2Fcomments&post=45962"}],"version-history":[{"count":1,"href":"https:\/\/edebiyyat-az.com\/index.php?rest_route=\/wp\/v2\/posts\/45962\/revisions"}],"predecessor-version":[{"id":45969,"href":"https:\/\/edebiyyat-az.com\/index.php?rest_route=\/wp\/v2\/posts\/45962\/revisions\/45969"}],"wp:attachment":[{"href":"https:\/\/edebiyyat-az.com\/index.php?rest_route=%2Fwp%2Fv2%2Fmedia&parent=45962"}],"wp:term":[{"taxonomy":"category","embeddable":true,"href":"https:\/\/edebiyyat-az.com\/index.php?rest_route=%2Fwp%2Fv2%2Fcategories&post=45962"},{"taxonomy":"post_tag","embeddable":true,"href":"https:\/\/edebiyyat-az.com\/index.php?rest_route=%2Fwp%2Fv2%2Ftags&post=45962"}],"curies":[{"name":"wp","href":"https:\/\/api.w.org\/{rel}","templated":true}]}}