{"id":46499,"date":"2023-05-26T05:00:00","date_gmt":"2023-05-26T01:00:00","guid":{"rendered":"https:\/\/edebiyyat-az.com\/?p=46499"},"modified":"2023-05-26T07:53:54","modified_gmt":"2023-05-26T03:53:54","slug":"tarix-animasiya-filmi-olk%c9%99mizi-beyn%c9%99lxalq-festivalda-t%c9%99msil-ed%c9%99c%c9%99k","status":"publish","type":"post","link":"https:\/\/edebiyyat-az.com\/?p=46499","title":{"rendered":"\u201cTarix\u201d animasiya filmi \u00f6lk\u0259mizi beyn\u0259lxalq festivalda t\u0259msil ed\u0259c\u0259k"},"content":{"rendered":"\n<figure class=\"wp-block-image size-large\"><img decoding=\"async\" src=\"https:\/\/azertag.az\/files\/galleryphoto\/2023\/2\/1000x669\/16850259085351057802_1000x669.jpg\" alt=\"\"\/><\/figure>\n\n\n\n<p>\u201cTarix\u201d q\u0131sametrajl\u0131 animasiya filmi Xorvatiyada ke\u00e7iril\u0259n 14-c\u00fc &#8220;VAFI &amp; RAFI &#8211; International Children and Youth Animation Film Festival&#8221;\u0131n\u0131n \u0259sas m\u00fcsabiq\u0259 proqram\u0131na daxil edilib.<\/p>\n\n\n\n<p>\u201cAz\u0259rbaycanfilm\u201d kinostudiyas\u0131ndan&nbsp;<a href=\"https:\/\/azertag.az\/\" target=\"_blank\" rel=\"noreferrer noopener\">AZ\u018fRTAC<\/a>&nbsp;bildirilib ki, festival bu g\u00fcnd\u0259n ba\u015flayaraq iyunun 4-d\u0259k davam ed\u0259c\u0259k.<\/p>\n\n\n\n<p>M\u0259d\u0259niyy\u0259t Nazirliyi t\u0259r\u0259find\u0259n elan olunmu\u015f \u201cB\u00f6y\u00fck Qay\u0131d\u0131\u015f\u201d q\u0131sametrajl\u0131 b\u0259dii, s\u0259n\u0259dli v\u0259 animasiya film layih\u0259l\u0259ri m\u00fcsabiq\u0259si \u00e7\u0259r\u00e7iv\u0259sind\u0259 nazirliyin d\u0259st\u0259yi il\u0259 &#8220;OB FILM&#8221; t\u0259r\u0259find\u0259n istehsal olunmu\u015f &#8220;Tarix&#8221; q\u0131sametrajl\u0131 animasiya filminin qurulu\u015f\u00e7u rejissoru Ceyhun T\u00fcrksoy, b\u0259st\u0259kar\u0131 \u015e\u0259msi Ta\u011f\u0131yev, ssenari m\u00fc\u0259llifi v\u0259 prod\u00fcseri Orxan Behbiddir.<\/p>\n\n\n\n<p>Film Birinci Qaraba\u011f m\u00fcharib\u0259sind\u0259n sonrak\u0131 d\u00f6vrd\u0259 do\u011fulan, \u00f6t\u0259n ill\u0259r \u0259rzind\u0259 Qaraba\u011f\u0131n i\u015f\u011fal\u0131 il\u0259 he\u00e7 c\u00fcr bar\u0131\u015fmayan v\u0259 sonda 27 illik i\u015f\u011fal\u0131n \u00fcst\u00fcnd\u0259n q\u00fcrurla x\u0259tt \u00e7\u0259k\u0259n o\u011flan\u0131n hekay\u0259sidir.<\/p>\n\n\n\n<p>Qeyd ed\u0259k ki, &#8220;Tarix&#8221; filmi bundan \u0259vv\u0259l Bak\u0131da ke\u00e7iril\u0259n 5-ci &#8220;ANIMAFILM International Animation Festival&#8221;\u0131nda, Hindistanda 19-cu &#8220;Aakruti-My Creation International Film Festival&#8221;\u0131nda (Quarter-Finalist) v\u0259 Filippind\u0259 ke\u00e7iril\u0259n &#8220;Batangas Balisong Film Festival&#8221;\u0131nda (Finalist) i\u015ftirak edib.<\/p>\n\n\n\n<p><strong>M\u0259nb\u0259:\u00a0<a href=\"https:\/\/azertag.az\/\">https:\/\/azertag.az\/<\/a><\/strong><\/p>\n","protected":false},"excerpt":{"rendered":"<p>\u201cTarix\u201d q\u0131sametrajl\u0131 animasiya filmi Xorvatiyada ke\u00e7iril\u0259n 14-c\u00fc &#8220;VAFI &amp; RAFI &#8211; International Children and Youth Animation Film Festival&#8221;\u0131n\u0131n \u0259sas m\u00fcsabiq\u0259 proqram\u0131na daxil edilib. \u201cAz\u0259rbaycanfilm\u201d kinostudiyas\u0131ndan&nbsp;AZ\u018fRTAC&nbsp;bildirilib ki, festival bu g\u00fcnd\u0259n ba\u015flayaraq iyunun 4-d\u0259k davam ed\u0259c\u0259k. M\u0259d\u0259niyy\u0259t Nazirliyi t\u0259r\u0259find\u0259n elan olunmu\u015f \u201cB\u00f6y\u00fck Qay\u0131d\u0131\u015f\u201d q\u0131sametrajl\u0131 b\u0259dii, s\u0259n\u0259dli v\u0259 animasiya film layih\u0259l\u0259ri m\u00fcsabiq\u0259si \u00e7\u0259r\u00e7iv\u0259sind\u0259 nazirliyin d\u0259st\u0259yi il\u0259 &#8220;OB FILM&#8221; [&hellip;]<\/p>\n","protected":false},"author":2,"featured_media":0,"comment_status":"open","ping_status":"open","sticky":false,"template":"","format":"standard","meta":{"footnotes":""},"categories":[49],"tags":[],"class_list":["post-46499","post","type-post","status-publish","format-standard","hentry","category-medeniyyat"],"_links":{"self":[{"href":"https:\/\/edebiyyat-az.com\/index.php?rest_route=\/wp\/v2\/posts\/46499","targetHints":{"allow":["GET"]}}],"collection":[{"href":"https:\/\/edebiyyat-az.com\/index.php?rest_route=\/wp\/v2\/posts"}],"about":[{"href":"https:\/\/edebiyyat-az.com\/index.php?rest_route=\/wp\/v2\/types\/post"}],"author":[{"embeddable":true,"href":"https:\/\/edebiyyat-az.com\/index.php?rest_route=\/wp\/v2\/users\/2"}],"replies":[{"embeddable":true,"href":"https:\/\/edebiyyat-az.com\/index.php?rest_route=%2Fwp%2Fv2%2Fcomments&post=46499"}],"version-history":[{"count":1,"href":"https:\/\/edebiyyat-az.com\/index.php?rest_route=\/wp\/v2\/posts\/46499\/revisions"}],"predecessor-version":[{"id":46508,"href":"https:\/\/edebiyyat-az.com\/index.php?rest_route=\/wp\/v2\/posts\/46499\/revisions\/46508"}],"wp:attachment":[{"href":"https:\/\/edebiyyat-az.com\/index.php?rest_route=%2Fwp%2Fv2%2Fmedia&parent=46499"}],"wp:term":[{"taxonomy":"category","embeddable":true,"href":"https:\/\/edebiyyat-az.com\/index.php?rest_route=%2Fwp%2Fv2%2Fcategories&post=46499"},{"taxonomy":"post_tag","embeddable":true,"href":"https:\/\/edebiyyat-az.com\/index.php?rest_route=%2Fwp%2Fv2%2Ftags&post=46499"}],"curies":[{"name":"wp","href":"https:\/\/api.w.org\/{rel}","templated":true}]}}