{"id":46643,"date":"2023-06-07T08:00:00","date_gmt":"2023-06-07T04:00:00","guid":{"rendered":"https:\/\/edebiyyat-az.com\/?p=46643"},"modified":"2023-06-12T16:30:41","modified_gmt":"2023-06-12T12:30:41","slug":"filarmoniyada-az%c9%99rbaycan-dovl%c9%99t-xor-kapellasinin-konserti-olacaq","status":"publish","type":"post","link":"https:\/\/edebiyyat-az.com\/?p=46643","title":{"rendered":"Filarmoniyada Az\u0259rbaycan D\u00f6vl\u0259t Xor Kapellas\u0131n\u0131n konserti olacaq"},"content":{"rendered":"\n<figure class=\"wp-block-image size-large\"><img decoding=\"async\" src=\"https:\/\/azertag.az\/files\/2023\/2\/1200x630\/16861241816173441084_1200x630.jpg\" alt=\"\"\/><\/figure>\n\n\n\n<p>yunun 16-da M\u0259d\u0259niyy\u0259t Nazirliyinin d\u0259st\u0259yi il\u0259 M\u00fcsl\u00fcm Maqomayev ad\u0131na Az\u0259rbaycan D\u00f6vl\u0259t Akademik Filarmoniyas\u0131nda Ulu \u00d6nd\u0259r Heyd\u0259r \u018fliyevin anadan olmas\u0131n\u0131n 100 illiyin\u0259 h\u0259sr edilmi\u015f \u201c\u00dcmummilli Lider Heyd\u0259r \u018fliyev \u2013 100\u201d adl\u0131 Az\u0259rbaycan D\u00f6vl\u0259t Xor Kapellas\u0131n\u0131n konserti ke\u00e7iril\u0259c\u0259k.<\/p>\n\n\n\n<p>Filarmoniyadan&nbsp;<a href=\"https:\/\/azertag.az\/\" target=\"_blank\" rel=\"noreferrer noopener\">AZ\u018fRTAC<\/a>-a veril\u0259n m\u0259lumata g\u00f6r\u0259, konsert Xalq artisti G\u00fclbac\u0131 \u0130manovan\u0131n dirijorlu\u011fu v\u0259 b\u0259dii r\u0259hb\u0259rliyi il\u0259 ger\u00e7\u0259kl\u0259\u015f\u0259c\u0259k.<\/p>\n\n\n\n<p>Xormeysterl\u0259r \u018fm\u0259kdar artist Yulizana Kuxmazova v\u0259 \u018fm\u0259kdar inc\u0259s\u0259n\u0259t xadimi Dilar\u0259 \u018fliyevad\u0131r. Konsertmeysterl\u0259r Elxan Niftiyev v\u0259 N\u0259rmin Rzayeva olacaq.<\/p>\n\n\n\n<p>Proqramda d\u00fcnya b\u0259st\u0259karlar\u0131n\u0131n \u0259s\u0259rl\u0259ri s\u0259sl\u0259n\u0259c\u0259k.<\/p>\n\n\n\n<p>Biletl\u0259ri iTicket.az sayt\u0131 v\u0259 \u015f\u0259h\u0259rin kassalar\u0131ndan \u0259ld\u0259 etm\u0259k m\u00fcmk\u00fcnd\u00fcr.<\/p>\n\n\n\n<p><strong>M\u0259nb\u0259:\u00a0<a href=\"https:\/\/azertag.az\/\">https:\/\/azertag.az\/<\/a><\/strong><\/p>\n\n\n\n<p><\/p>\n\n\n\n<p><\/p>\n","protected":false},"excerpt":{"rendered":"<p>yunun 16-da M\u0259d\u0259niyy\u0259t Nazirliyinin d\u0259st\u0259yi il\u0259 M\u00fcsl\u00fcm Maqomayev ad\u0131na Az\u0259rbaycan D\u00f6vl\u0259t Akademik Filarmoniyas\u0131nda Ulu \u00d6nd\u0259r Heyd\u0259r \u018fliyevin anadan olmas\u0131n\u0131n 100 illiyin\u0259 h\u0259sr edilmi\u015f \u201c\u00dcmummilli Lider Heyd\u0259r \u018fliyev \u2013 100\u201d adl\u0131 Az\u0259rbaycan D\u00f6vl\u0259t Xor Kapellas\u0131n\u0131n konserti ke\u00e7iril\u0259c\u0259k. Filarmoniyadan&nbsp;AZ\u018fRTAC-a veril\u0259n m\u0259lumata g\u00f6r\u0259, konsert Xalq artisti G\u00fclbac\u0131 \u0130manovan\u0131n dirijorlu\u011fu v\u0259 b\u0259dii r\u0259hb\u0259rliyi il\u0259 ger\u00e7\u0259kl\u0259\u015f\u0259c\u0259k. Xormeysterl\u0259r \u018fm\u0259kdar artist Yulizana [&hellip;]<\/p>\n","protected":false},"author":2,"featured_media":0,"comment_status":"open","ping_status":"open","sticky":false,"template":"","format":"standard","meta":{"footnotes":""},"categories":[49],"tags":[],"class_list":["post-46643","post","type-post","status-publish","format-standard","hentry","category-medeniyyat"],"_links":{"self":[{"href":"https:\/\/edebiyyat-az.com\/index.php?rest_route=\/wp\/v2\/posts\/46643","targetHints":{"allow":["GET"]}}],"collection":[{"href":"https:\/\/edebiyyat-az.com\/index.php?rest_route=\/wp\/v2\/posts"}],"about":[{"href":"https:\/\/edebiyyat-az.com\/index.php?rest_route=\/wp\/v2\/types\/post"}],"author":[{"embeddable":true,"href":"https:\/\/edebiyyat-az.com\/index.php?rest_route=\/wp\/v2\/users\/2"}],"replies":[{"embeddable":true,"href":"https:\/\/edebiyyat-az.com\/index.php?rest_route=%2Fwp%2Fv2%2Fcomments&post=46643"}],"version-history":[{"count":1,"href":"https:\/\/edebiyyat-az.com\/index.php?rest_route=\/wp\/v2\/posts\/46643\/revisions"}],"predecessor-version":[{"id":46655,"href":"https:\/\/edebiyyat-az.com\/index.php?rest_route=\/wp\/v2\/posts\/46643\/revisions\/46655"}],"wp:attachment":[{"href":"https:\/\/edebiyyat-az.com\/index.php?rest_route=%2Fwp%2Fv2%2Fmedia&parent=46643"}],"wp:term":[{"taxonomy":"category","embeddable":true,"href":"https:\/\/edebiyyat-az.com\/index.php?rest_route=%2Fwp%2Fv2%2Fcategories&post=46643"},{"taxonomy":"post_tag","embeddable":true,"href":"https:\/\/edebiyyat-az.com\/index.php?rest_route=%2Fwp%2Fv2%2Ftags&post=46643"}],"curies":[{"name":"wp","href":"https:\/\/api.w.org\/{rel}","templated":true}]}}