{"id":47545,"date":"2023-11-07T08:00:00","date_gmt":"2023-11-07T04:00:00","guid":{"rendered":"https:\/\/edebiyyat-az.com\/?p=47545"},"modified":"2023-11-10T09:44:58","modified_gmt":"2023-11-10T05:44:58","slug":"qeyri-hokum%c9%99t-t%c9%99skilatlari-ucun-2023-cu-il-uzr%c9%99-qrant-musabiq%c9%99si","status":"publish","type":"post","link":"https:\/\/edebiyyat-az.com\/?p=47545","title":{"rendered":"Qeyri-h\u00f6kum\u0259t t\u0259\u015fkilatlar\u0131 \u00fc\u00e7\u00fcn 2023-c\u00fc il \u00fczr\u0259 qrant m\u00fcsabiq\u0259si"},"content":{"rendered":"\n<figure class=\"wp-block-image size-large\"><img decoding=\"async\" src=\"https:\/\/culture.gov.az\/medias\/news\/big\/10\/49538\/cover-qht.png\" alt=\"\"\/><\/figure>\n\n\n\n<p><\/p>\n\n\n\n<p>Az\u0259rbaycan Respublikas\u0131n\u0131n M\u0259d\u0259niyy\u0259t Nazirliyi qeyri-h\u00f6kum\u0259t t\u0259\u015fkilatlar\u0131 \u00fc\u00e7\u00fcn 2023-c\u00fc il \u00fczr\u0259 qrant m\u00fcsabiq\u0259sini elan edir.&nbsp;M\u00fcsabiq\u0259nin \u0259sas m\u0259qs\u0259di Az\u0259rbaycan Respublikas\u0131n\u0131n m\u0259d\u0259niyy\u0259t siyas\u0259tini v\u0259 prioritet sah\u0259l\u0259rini h\u0259yata ke\u00e7irilm\u0259sin\u0259 d\u0259st\u0259k olmaq \u00fc\u00e7\u00fcn&nbsp;innovativ, dayan\u0131ql\u0131 v\u0259 \u00e7oxt\u0259r\u0259fli \u0259m\u0259kda\u015fl\u0131qlar\u0131 \u00f6z\u00fcnd\u0259 ehtiva ed\u0259n, m\u00fcasir d\u00f6vr\u00fcn \u00e7a\u011f\u0131r\u0131\u015flar\u0131na cavab ver\u0259n layih\u0259l\u0259rin h\u0259yata ke\u00e7irilm\u0259si v\u0259 bu prosesd\u0259 v\u0259t\u0259nda\u015f c\u0259miyy\u0259ti t\u0259\u015fkilatlar\u0131n\u0131n rolunun art\u0131r\u0131lmas\u0131d\u0131r.<\/p>\n\n\n\n<h3 class=\"wp-block-heading\">Qrant m\u00fcsabiq\u0259sinin prioritet m\u00f6vzular\u0131:<\/h3>\n\n\n\n<ol class=\"wp-block-list\">\n<li><strong>M\u0259d\u0259ni irsin qorunmas\u0131 v\u0259 g\u0259l\u0259c\u0259k n\u0259sill\u0259r\u0259 \u00f6t\u00fcr\u00fclm\u0259si<\/strong>&nbsp;(Az\u0259rbaycan\u0131n m\u0259d\u0259ni, \u0259d\u0259bi irsinin, inc\u0259s\u0259n\u0259t n\u00fcmun\u0259l\u0259rinin v\u0259 milli m\u0259n\u0259vi d\u0259y\u0259rl\u0259rin t\u0259bli\u011fi istiqam\u0259tind\u0259 t\u0259\u015f\u0259bb\u00fcsl\u0259r; M\u0259d\u0259niyy\u0259t sah\u0259sind\u0259 d\u00f6vl\u0259t v\u0259 \u00f6z\u0259l sektor aras\u0131nda faydal\u0131 \u0259m\u0259kda\u015fl\u0131\u011f\u0131n qurulmas\u0131 \u00fc\u00e7\u00fcn t\u0259\u015f\u0259bb\u00fcsl\u0259r; Az\u0259rbaycan m\u0259d\u0259niyy\u0259tinin t\u0259bli\u011find\u0259 \u0130KT imkanlar\u0131ndan istifad\u0259nin t\u0259\u015fkil olunmas\u0131 \u00fczr\u0259 t\u0259\u015f\u0259bb\u00fcsl\u0259r; \u00d6lk\u0259nin regionlar\u0131nda yerl\u0259\u015f\u0259n tarixi v\u0259 m\u0259d\u0259niyy\u0259t abid\u0259l\u0259rin innovativ yana\u015fma il\u0259 m\u0259lumat bazalar\u0131n\u0131n yarad\u0131lmas\u0131na d\u0259st\u0259k verilm\u0259si);<\/li>\n\n\n\n<li><strong>M\u0259d\u0259ni v\u0259 yarad\u0131c\u0131 s\u0259nayel\u0259rin d\u0259st\u0259kl\u0259nm\u0259si<\/strong>&nbsp;(M\u0259d\u0259ni v\u0259 yarad\u0131c\u0131s\u0259nayel\u0259rin inki\u015faf\u0131 sah\u0259sind\u0259 d\u00f6vl\u0259t-\u00f6z\u0259l sektor \u2013 v\u0259t\u0259nda\u015f c\u0259miyy\u0259ti \u0259m\u0259kda\u015fl\u0131q modell\u0259rinin yarad\u0131lmas\u0131n\u0131 v\u0259 s\u0131naqdan ke\u00e7irilm\u0259sini d\u0259st\u0259kl\u0259y\u0259n t\u0259\u015f\u0259bb\u00fcsl\u0259r; M\u0259d\u0259ni v\u0259 yarad\u0131c\u0131 s\u0259nayel\u0259rin r\u0259qab\u0259t\u0259 d\u00f6z\u00fcml\u00fcl\u00fcy\u00fcn\u00fcn art\u0131r\u0131lmas\u0131 \u00fc\u00e7\u00fcn kadr potensial\u0131n\u0131n y\u00fcks\u0259ldilm\u0259sin\u0259 d\u0259st\u0259k m\u0259qs\u0259dil\u0259 bacar\u0131qlar\u0131n art\u0131r\u0131lmas\u0131 layih\u0259l\u0259ri; M\u0259d\u0259ni v\u0259 yarad\u0131c\u0131 s\u0259nayel\u0259rin inki\u015faf\u0131, investisiyalar\u0131n c\u0259lb olunmas\u0131 sah\u0259sind\u0259 qabaqc\u0131l beyn\u0259lxalq t\u0259cr\u00fcb\u0259nin \u00f6yr\u0259nilm\u0259si v\u0259 t\u0259tbiqi, m\u00fcxt\u0259lif n\u00f6v t\u0259dbirl\u0259rin t\u0259\u015fkili \u00fczr\u0259 t\u0259\u015f\u0259bb\u00fcsl\u0259r);<\/li>\n\n\n\n<li><strong>\u0130\u015f\u011faldan azad olunmu\u015f \u0259razil\u0259r\u0259 m\u0259d\u0259niyy\u0259tin qay\u0131d\u0131\u015f\u0131<\/strong>&nbsp;(\u0130KT imkanlar\u0131ndan istifad\u0259 etm\u0259kl\u0259 i\u015f\u011faldan azad olunmu\u015f \u0259razil\u0259rin m\u0259d\u0259ni irsi, i\u015f\u011fal d\u00f6vr\u00fcnd\u0259 m\u0259d\u0259ni irs\u0259 d\u0259ymi\u015f ziyan haqq\u0131nda m\u0259lumatland\u0131r\u0131c\u0131 resurslar\u0131n yarad\u0131lmas\u0131 \u00fczr\u0259 t\u0259\u015f\u0259bb\u00fcsl\u0259r; Repatriasiyaya haz\u0131rla\u015fan g\u0259ncl\u0259r v\u0259 u\u015faqlar \u00fc\u00e7\u00fcn i\u015f\u011faldan azad olunmu\u015f \u0259razil\u0259r\u0259 i\u015f\u011faldan \u00f6nc\u0259ki m\u0259d\u0259ni h\u0259yat haqq\u0131nda m\u0259lumatland\u0131r\u0131c\u0131 layih\u0259l\u0259r; Beyn\u0259lxalq v\u0259 yerli mediada Qaraba\u011f\u0131n v\u0259 Z\u0259ng\u0259zurun z\u0259ngin m\u0259d\u0259ni irsinin daha geni\u015f tan\u0131d\u0131lmas\u0131 m\u0259qs\u0259dil\u0259 t\u0259bli\u011fat layih\u0259l\u0259ri);<\/li>\n\n\n\n<li><strong>M\u0259d\u0259niyy\u0259t sah\u0259sind\u0259 k\u00f6n\u00fcll\u00fcl\u00fcy\u00fcn inki\u015faf\u0131<\/strong>&nbsp;(M\u0259d\u0259niyy\u0259ti h\u0259yat t\u0259rzinin ayr\u0131lmaz v\u0259 z\u0259ruri par\u00e7as\u0131 kimi t\u0259\u015fviq etm\u0259k; M\u0259d\u0259niyy\u0259tin iqtisadi inki\u015fafa t\u00f6hf\u0259sini g\u00fccl\u0259ndirm\u0259k istiqam\u0259tind\u0259 t\u0259\u015fkil edilmi\u015f layih\u0259l\u0259rd\u0259 i\u015ftirak; M\u0259d\u0259niyy\u0259timizin m\u00fcxt\u0259lif sah\u0259l\u0259rinin v\u0259 m\u0259d\u0259ni irsimizin t\u0259dqiqi, qorunmas\u0131, inki\u015faf\u0131 v\u0259 t\u0259bli\u011fi istiqam\u0259tind\u0259ki f\u0259aliyy\u0259tl\u0259rd\u0259 i\u015ftirak; \u0130nsan v\u0259 c\u0259miyy\u0259tin m\u0259d\u0259ni inki\u015faf\u0131 il\u0259 ba\u011fl\u0131 layih\u0259l\u0259rin t\u0259\u015fkilind\u0259 i\u015ftirak);<\/li>\n\n\n\n<li><strong>Q\u0259rbi Az\u0259rbaycan\u0131n tarixi-m\u0259d\u0259ni irsinin \u00f6yr\u0259nilm\u0259si, t\u0259dqiqi, t\u0259bli\u011fi, arxiv irsin\u0259 d\u0259st\u0259k;<\/strong><\/li>\n\n\n\n<li><strong>Az\u0259rbaycan m\u0259d\u0259niyy\u0259tinin beyn\u0259lxalq t\u0259\u015fviqi<\/strong>&nbsp;(Az\u0259rbaycan m\u0259d\u0259niyy\u0259tinin xarici k\u00fctl\u0259vi informasiya vasit\u0259l\u0259rind\u0259, sosial \u015f\u0259b\u0259k\u0259l\u0259rd\u0259, qlobal onlayn platformalarda v\u0259 ensiklopedik resurslarda t\u0259msil olunmas\u0131 \u0259msal\u0131n\u0131n y\u00fcks\u0259ldilm\u0259si \u00fc\u00e7\u00fcn m\u00fcasir d\u00f6vr\u00fcn t\u0259l\u0259bl\u0259rin\u0259 uy\u011fun m\u0259d\u0259ni-informasiya resurslar\u0131n\u0131n yarad\u0131lmas\u0131 \u00fczr\u0259 t\u0259\u015f\u0259bb\u00fcsl\u0259r);<\/li>\n\n\n\n<li><strong>M\u0259d\u0259niyy\u0259t namin\u0259 s\u00fclh (Peace4Culture)<\/strong>&nbsp;(S\u00fclh\u00fcn m\u0259d\u0259niyy\u0259tin inki\u015faf\u0131nda, m\u0259d\u0259ni irsin qorunmas\u0131da \u0259h\u0259miyy\u0259ti bar\u0259d\u0259 layih\u0259l\u0259r; M\u00fcxt\u0259lif m\u0259d\u0259niyy\u0259tl\u0259r v\u0259 \u0259n\u0259n\u0259l\u0259r\u0259 qar\u015f\u0131 tolerantl\u0131q v\u0259 anlay\u0131\u015f\u0131n a\u015f\u0131lanmas\u0131; B\u0259rab\u0259rlik v\u0259 bar\u0131\u015f\u0131n t\u0259\u015fviq edilm\u0259si bar\u0259d\u0259 t\u0259bli\u011fat; Q\u0259z\u0259b, q\u0259r\u0259z, nifr\u0259t, m\u00fcxt\u0259lif fobiyalar v\u0259 m\u0259nfi ictimai t\u0259may\u00fcll\u0259rin v\u0259 ehkamlar\u0131n qar\u015f\u0131l\u0131ql\u0131 h\u00f6rm\u0259t\u0259 v\u0259 inama \u00e7evrilm\u0259si m\u00f6vzusunda t\u0259bli\u011fat v\u0259 layih\u0259l\u0259r);<\/li>\n\n\n\n<li><strong>\u0130nsan v\u0259 c\u0259miyy\u0259tin m\u0259d\u0259ni inki\u015faf\u0131<\/strong>&nbsp;(M\u00fctali\u0259 m\u0259d\u0259niyy\u0259tinin inki\u015faf\u0131 v\u0259 stimulla\u015fd\u0131r\u0131lmas\u0131 \u00fc\u00e7\u00fcn f\u0259aliyy\u0259tl\u0259r v\u0259 \u00e7oxt\u0259r\u0259fli \u0259m\u0259kda\u015fl\u0131qlar\u0131n qurul\u0131mas\u0131 \u00fczr\u0259 t\u0259\u015f\u0259bb\u00fcsl\u0259r; R\u0259q\u0259msal kitabxana xidm\u0259tl\u0259rin yarad\u0131lmas\u0131 v\u0259 ya t\u0259kmill\u0259\u015fdirilm\u0259si; U\u015faq v\u0259 g\u0259ncl\u0259rd\u0259 az\u0259rbaycanl\u0131 milli kimliyinin v\u0259 m\u0259d\u0259ni d\u0259y\u0259rl\u0259rin formala\u015fd\u0131r\u0131lmas\u0131 \u00fczr\u0259 t\u0259\u015f\u0259bb\u00fcsl\u0259r; D\u00f6vl\u0259t v\u0259 m\u0259d\u0259niyy\u0259t m\u00fc\u0259ssis\u0259l\u0259rind\u0259 \u00e7al\u0131\u015fanlar\u0131n \u0130KT v\u0259 innovasiya sah\u0259sind\u0259 bilik v\u0259 bacar\u0131qlar\u0131n\u0131n art\u0131r\u0131lmas\u0131).<\/li>\n<\/ol>\n\n\n\n<h3 class=\"wp-block-heading\">Qrant m\u00fcsabiq\u0259sinin i\u015ftirak\u00e7\u0131lar\u0131na veril\u0259n t\u0259l\u0259bl\u0259r:<\/h3>\n\n\n\n<ol class=\"wp-block-list\">\n<li>M\u00fcsabiq\u0259 i\u015ftirak\u00e7\u0131s\u0131 Az\u0259rbaycan Respublikas\u0131nda d\u00f6vl\u0259t qeydiyyat\u0131na al\u0131nm\u0131\u015f qeyri-h\u00f6kum\u0259t t\u0259\u015fkilat\u0131 olmal\u0131d\u0131r;<\/li>\n\n\n\n<li>M\u00fcsabiq\u0259 i\u015ftirak\u00e7\u0131s\u0131 olan qeyri-h\u00f6kum\u0259t t\u0259\u015fkilat\u0131n\u0131n m\u0259d\u0259niyy\u0259t sah\u0259sind\u0259 layih\u0259l\u0259rin icras\u0131 v\u0259 t\u0259dbirl\u0259rin t\u0259\u015fkili il\u0259 ba\u011fl\u0131 m\u00fcvafiq t\u0259cr\u00fcb\u0259si olmal\u0131d\u0131r;<\/li>\n\n\n\n<li>M\u00fcsabiq\u0259d\u0259 i\u015ftirak ed\u0259n qeyri-h\u00f6kum\u0259t t\u0259\u015fkilat\u0131 a\u015fa\u011f\u0131dak\u0131 s\u0259n\u0259dl\u0259ri t\u0259qdim etm\u0259lidir:<\/li>\n<\/ol>\n\n\n\n<ul class=\"wp-block-list\">\n<li><strong>D\u00f6vl\u0259t qeydiyyat\u0131 haqq\u0131nda \u015f\u0259had\u0259tnam\u0259sinin \u0259slinin elektron &nbsp;sur\u0259ti;<\/strong><\/li>\n\n\n\n<li><strong>D\u00f6vl\u0259t Reyestrind\u0259n \u00c7\u0131xar\u0131\u015f\u0131n \u0259slinin elektron sur\u0259ti;<\/strong><\/li>\n\n\n\n<li><strong>Nizamnam\u0259nin \u0259slinin elektron sur\u0259ti;<\/strong><\/li>\n\n\n\n<li><strong>Qanuni t\u0259msil\u00e7inin \u015f\u0259xsiyy\u0259t v\u0259siq\u0259sinin F\u0130N kodu v\u0259 \u0259slinin elektron sur\u0259ti;<\/strong><\/li>\n<\/ul>\n\n\n\n<ol class=\"wp-block-list\">\n<li>M\u0259d\u0259niyy\u0259t Nazirliyind\u0259n \u0259vv\u0259ll\u0259r qrant alm\u0131\u015f, lakin qrant m\u00fcqavil\u0259sinin yekunla\u015fmas\u0131na baxmayaraq m\u00fcqavil\u0259 \u00fczr\u0259 \u00f6hd\u0259likl\u0259rini qrant m\u00fcsabiq\u0259sinin ba\u015flamas\u0131na q\u0259d\u0259r tam yerin\u0259 yetirm\u0259y\u0259n qeyri-h\u00f6kum\u0259t t\u0259\u015fkilatlar\u0131 m\u00fcsabiq\u0259d\u0259 i\u015ftirak ed\u0259 bilm\u0259z;<\/li>\n\n\n\n<li>Eyni qeyri-h\u00f6kum\u0259t t\u0259\u015fkilat\u0131 t\u0259r\u0259find\u0259n qrant m\u00fcsabiq\u0259sin\u0259 bird\u0259n art\u0131q layih\u0259 t\u0259qdim edil\u0259 bilm\u0259z.<\/li>\n<\/ol>\n\n\n\n<h3 class=\"wp-block-heading\">Qrant m\u00fcsabiq\u0259sin\u0259 t\u0259qdim olunan layih\u0259 t\u0259klifl\u0259rin\u0259 veril\u0259n t\u0259l\u0259bl\u0259r:<\/h3>\n\n\n\n<ol class=\"wp-block-list\">\n<li>Layih\u0259 t\u0259klifinin m\u00fcdd\u0259ti<strong>&nbsp;minimum 2 ay, maksimum 6 ay<\/strong>&nbsp;m\u00fcdd\u0259ti \u0259hat\u0259 etm\u0259kl\u0259, Az\u0259rbaycan Respublikas\u0131n\u0131n \u0259razisind\u0259 h\u0259yata ke\u00e7irilm\u0259lidir;<\/li>\n\n\n\n<li>Layih\u0259 t\u0259klifinin b\u00fcdc\u0259si maksimum&nbsp;<strong>15 000 (on be\u015f min)&nbsp;<\/strong>manat t\u0259\u015fkil etm\u0259lidir;<\/li>\n\n\n\n<li>Qrant m\u00fcsabiq\u0259sin\u0259 t\u0259qdim olunmu\u015f layih\u0259l\u0259rin m\u0259zmunu Az\u0259rbaycan Respublikas\u0131n\u0131n Konstitusiyas\u0131, \u201cTarix v\u0259 m\u0259d\u0259niyy\u0259t abid\u0259l\u0259rinin qorunmas\u0131 haqq\u0131nda\u201d, \u201cAz\u0259rbaycan\u0131n m\u0259d\u0259niyy\u0259t paytaxt\u0131 \u2013 \u015eu\u015fa \u015f\u0259h\u0259ri haqq\u0131nda\u201d, \u201cN\u0259\u015friyyat i\u015fi haqq\u0131nda\u201d, \u201cKinematoqrafiya haqq\u0131nda\u201d, \u201cTeatr v\u0259 teatr f\u0259aliyy\u0259ti haqq\u0131nda\u201d, \u201cKitabxana i\u015fi haqq\u0131nda\u201d, \u201cMuzeyl\u0259r haqq\u0131nda\u201d, \u201cAz\u0259rbaycan folkloru n\u00fcmun\u0259l\u0259rinin h\u00fcquqi qorunmas\u0131 haqq\u0131nda\u201d, \u201cAz\u0259rbaycan xal\u00e7a s\u0259n\u0259tinin qorunmas\u0131 v\u0259 inki\u015faf etdirilm\u0259si haqq\u0131nda\u201d, \u201cMedia haqq\u0131nda\u201d, \u201cM\u00fc\u0259lliflik h\u00fcququ v\u0259 \u0259laq\u0259li h\u00fcquqlar haqq\u0131nda\u201d, \u201cT\u0259hsil haqq\u0131nda\u201d Az\u0259rbaycan Respublikas\u0131n\u0131n qanunlar\u0131, Az\u0259rbaycan Respublikas\u0131n\u0131n M\u00fclki M\u0259c\u0259ll\u0259si v\u0259 Az\u0259rbaycan Respublikas\u0131n\u0131n qanunlar\u0131 v\u0259 dig\u0259r normativ h\u00fcquqi aktlar\u0131 il\u0259 ziddiyy\u0259t t\u0259\u015fkil etm\u0259m\u0259lidir.<\/li>\n<\/ol>\n\n\n\n<h3 class=\"wp-block-heading\">Layih\u0259 t\u0259klifl\u0259ri il\u0259 ba\u011fl\u0131 \u0259lav\u0259 t\u0259l\u0259bl\u0259r:<\/h3>\n\n\n\n<p>A\u015fa\u011f\u0131dak\u0131 prinsipl\u0259r\u0259 \u0259saslanan layih\u0259 t\u0259klifl\u0259ri se\u00e7im prosesi zaman\u0131 \u0259lav\u0259 \u00fcst\u00fcnl\u00fck qazanacaq:<\/p>\n\n\n\n<ol class=\"wp-block-list\">\n<li><strong>Regional \u0259hat\u0259lilik<\/strong>&nbsp;\u2013 Layih\u0259 t\u0259klifl\u0259rind\u0259 yaln\u0131z Bak\u0131 \u015f\u0259h\u0259ri v\u0259 Ab\u015feron rayonu il\u0259 kifay\u0259tl\u0259nm\u0259m\u0259li, Az\u0259rbaycan\u0131n dig\u0259r \u015f\u0259h\u0259r v\u0259 rayonlar\u0131n\u0131 da \u0259hat\u0259 etm\u0259lidir.<\/li>\n\n\n\n<li><strong>\u00c7oxt\u0259r\u0259fli \u0259m\u0259kda\u015fl\u0131q<\/strong>&nbsp;\u2013 Layih\u0259 t\u0259klifl\u0259rind\u0259 m\u00fct\u0259x\u0259ssisl\u0259rin c\u0259lb edilm\u0259si n\u0259z\u0259r\u0259 al\u0131nmal\u0131, m\u0259rk\u0259zi v\u0259 yerli s\u0259viyy\u0259d\u0259 d\u00f6vl\u0259t qurumlar\u0131 il\u0259 s\u0131x \u0259m\u0259kda\u015fl\u0131q v\u0259 t\u0259r\u0259fda\u015fl\u0131q \u015f\u0259klind\u0259 layih\u0259l\u0259ri h\u0259yata ke\u00e7irm\u0259lidirl\u0259r. M\u00fcvafiq oldu\u011fu hallarda \u00f6z\u0259l sektor v\u0259 maraq qruplar\u0131 c\u0259lb edilm\u0259lidir.<\/li>\n\n\n\n<li><strong>\u0130nnovativlik<\/strong>&nbsp;\u2013 Layih\u0259 t\u0259klifl\u0259ri yeni, indiy\u0259d\u0259k istifad\u0259 olunmayan mexanizml\u0259r v\u0259 metodologiya \u0259sas\u0131nda qurulmal\u0131d\u0131r. X\u00fcsusil\u0259, inki\u015faf etmi\u015f \u00f6lk\u0259l\u0259rd\u0259 s\u0131naqdan ke\u00e7irilmi\u015f informasiya-kommunikasiya texnologiyalar\u0131n\u0131n yaratd\u0131\u011f\u0131 imkanlar\u0131n istifad\u0259sin\u0259 \u00fcst\u00fcnl\u00fck verilm\u0259lidir.<\/li>\n\n\n\n<li><strong>M\u00fcxt\u0259liflik v\u0259 \u0130nkl\u00fczivlik&nbsp;<\/strong>\u2013 Layih\u0259 t\u0259klifl\u0259rind\u0259 sa\u011flaml\u0131q imkanlar\u0131 m\u0259hdud, risk qruplar\u0131nda v\u0259 sosial m\u00fcdafi\u0259y\u0259 ehtiyac\u0131 olan \u015f\u0259xsl\u0259rin, g\u0259ncl\u0259rin, qad\u0131nlar\u0131n i\u015ftirak\u00e7\u0131l\u0131\u011f\u0131n\u0131n t\u0259min olunmas\u0131 il\u0259 ba\u011fl\u0131 konkret yana\u015fmalar \u00f6z \u0259ksini tapmal\u0131d\u0131r.<\/li>\n\n\n\n<li><strong>Davaml\u0131l\u0131q<\/strong>&nbsp;\u2013 Layih\u0259 t\u0259klifl\u0259rinin haz\u0131rlanmas\u0131 zaman\u0131 n\u0259z\u0259rd\u0259 tutulan n\u0259tic\u0259l\u0259rin davaml\u0131l\u0131\u011f\u0131 m\u00fctl\u0259q n\u0259z\u0259r\u0259 al\u0131nmal\u0131 v\u0259 bu meyar\u0131n nec\u0259 qar\u015f\u0131land\u0131\u011f\u0131 d\u0259qiq v\u0259 ayd\u0131n \u015f\u0259kild\u0259 layih\u0259 t\u0259klifind\u0259 g\u00f6st\u0259rilm\u0259lidir.<\/li>\n<\/ol>\n\n\n\n<h3 class=\"wp-block-heading\">M\u00fcsabiq\u0259y\u0259 m\u00fcraci\u0259t \u00fc\u00e7\u00fcn son tarix: 23 noyabr 2023-c\u00fc il<\/h3>\n\n\n\n<p><strong>S\u0259n\u0259dl\u0259rin q\u0259bulu&nbsp;<a href=\"http:\/\/grants.culture.az\/\"><u>grants.culture.az<\/u><\/a>&nbsp;veb-s\u0259hif\u0259si \u00fcz\u0259rind\u0259n elektron formada h\u0259yata ke\u00e7irilir<\/strong><\/p>\n\n\n\n<p><strong>M\u00fcsabiq\u0259y\u0259 m\u00fcraci\u0259t \u00fc\u00e7\u00fcn t\u0259l\u0259b olunan s\u0259n\u0259d formalar\u0131:<\/strong><\/p>\n\n\n\n<ol class=\"wp-block-list\">\n<li>Layih\u0259 t\u0259klifi formas\u0131<\/li>\n\n\n\n<li>\u0130cra plan\u0131 formas\u0131<\/li>\n\n\n\n<li>X\u0259rcl\u0259r smetas\u0131 formas\u0131<\/li>\n<\/ol>\n\n\n\n<p>Qrant m\u00fcsabiq\u0259si il\u0259 ba\u011fl\u0131 suallarla&nbsp;<a href=\"mailto:projects@culture.gov.az\"><strong>projects@culture.gov.az<\/strong><\/a>&nbsp;elektron \u00fcnvan\u0131na v\u0259 ya M\u0259d\u0259niyy\u0259t Nazirliyin qaynar x\u0259ttin\u0259 (Tel: 147) m\u00fcraci\u0259t etm\u0259k m\u00fcmk\u00fcnd\u00fcr.<\/p>\n\n\n\n<p><strong>M\u0259nb\u0259:&nbsp;<a href=\"https:\/\/culture.gov.az\/\">https:\/\/culture.gov.az\/<\/a><\/strong><\/p>\n","protected":false},"excerpt":{"rendered":"<p>Az\u0259rbaycan Respublikas\u0131n\u0131n M\u0259d\u0259niyy\u0259t Nazirliyi qeyri-h\u00f6kum\u0259t t\u0259\u015fkilatlar\u0131 \u00fc\u00e7\u00fcn 2023-c\u00fc il \u00fczr\u0259 qrant m\u00fcsabiq\u0259sini elan edir.&nbsp;M\u00fcsabiq\u0259nin \u0259sas m\u0259qs\u0259di Az\u0259rbaycan Respublikas\u0131n\u0131n m\u0259d\u0259niyy\u0259t siyas\u0259tini v\u0259 prioritet sah\u0259l\u0259rini h\u0259yata ke\u00e7irilm\u0259sin\u0259 d\u0259st\u0259k olmaq \u00fc\u00e7\u00fcn&nbsp;innovativ, dayan\u0131ql\u0131 v\u0259 \u00e7oxt\u0259r\u0259fli \u0259m\u0259kda\u015fl\u0131qlar\u0131 \u00f6z\u00fcnd\u0259 ehtiva ed\u0259n, m\u00fcasir d\u00f6vr\u00fcn \u00e7a\u011f\u0131r\u0131\u015flar\u0131na cavab ver\u0259n layih\u0259l\u0259rin h\u0259yata ke\u00e7irilm\u0259si v\u0259 bu prosesd\u0259 v\u0259t\u0259nda\u015f c\u0259miyy\u0259ti t\u0259\u015fkilatlar\u0131n\u0131n rolunun art\u0131r\u0131lmas\u0131d\u0131r. Qrant m\u00fcsabiq\u0259sinin prioritet m\u00f6vzular\u0131: [&hellip;]<\/p>\n","protected":false},"author":2,"featured_media":0,"comment_status":"open","ping_status":"open","sticky":false,"template":"","format":"standard","meta":{"footnotes":""},"categories":[49],"tags":[],"class_list":["post-47545","post","type-post","status-publish","format-standard","hentry","category-medeniyyat"],"_links":{"self":[{"href":"https:\/\/edebiyyat-az.com\/index.php?rest_route=\/wp\/v2\/posts\/47545","targetHints":{"allow":["GET"]}}],"collection":[{"href":"https:\/\/edebiyyat-az.com\/index.php?rest_route=\/wp\/v2\/posts"}],"about":[{"href":"https:\/\/edebiyyat-az.com\/index.php?rest_route=\/wp\/v2\/types\/post"}],"author":[{"embeddable":true,"href":"https:\/\/edebiyyat-az.com\/index.php?rest_route=\/wp\/v2\/users\/2"}],"replies":[{"embeddable":true,"href":"https:\/\/edebiyyat-az.com\/index.php?rest_route=%2Fwp%2Fv2%2Fcomments&post=47545"}],"version-history":[{"count":2,"href":"https:\/\/edebiyyat-az.com\/index.php?rest_route=\/wp\/v2\/posts\/47545\/revisions"}],"predecessor-version":[{"id":47558,"href":"https:\/\/edebiyyat-az.com\/index.php?rest_route=\/wp\/v2\/posts\/47545\/revisions\/47558"}],"wp:attachment":[{"href":"https:\/\/edebiyyat-az.com\/index.php?rest_route=%2Fwp%2Fv2%2Fmedia&parent=47545"}],"wp:term":[{"taxonomy":"category","embeddable":true,"href":"https:\/\/edebiyyat-az.com\/index.php?rest_route=%2Fwp%2Fv2%2Fcategories&post=47545"},{"taxonomy":"post_tag","embeddable":true,"href":"https:\/\/edebiyyat-az.com\/index.php?rest_route=%2Fwp%2Fv2%2Ftags&post=47545"}],"curies":[{"name":"wp","href":"https:\/\/api.w.org\/{rel}","templated":true}]}}