{"id":47604,"date":"2023-11-16T08:00:00","date_gmt":"2023-11-16T04:00:00","guid":{"rendered":"https:\/\/edebiyyat-az.com\/?p=47604"},"modified":"2023-11-16T08:26:50","modified_gmt":"2023-11-16T04:26:50","slug":"ustad-s%c9%99n%c9%99tkar-huseyn-bozalqanlinin-160-illik-yubileyi-qeyd-olunub","status":"publish","type":"post","link":"https:\/\/edebiyyat-az.com\/?p=47604","title":{"rendered":"USTAD S\u018fN\u018fTKAR H\u00dcSEYN BOZALQANLININ 160 \u0130LL\u0130K YUB\u0130LEY\u0130 QEYD OLUNUB"},"content":{"rendered":"\n<figure class=\"wp-block-image size-full is-resized\"><a href=\"https:\/\/edebiyyat-az.com\/wp-content\/uploads\/2023\/11\/Asiq-Huseyn-Bozalqanli-160-aab.jpg\"><img loading=\"lazy\" decoding=\"async\" src=\"https:\/\/edebiyyat-az.com\/wp-content\/uploads\/2023\/11\/Asiq-Huseyn-Bozalqanli-160-aab.jpg\" alt=\"\" class=\"wp-image-47607\" width=\"703\" height=\"1556\" srcset=\"https:\/\/edebiyyat-az.com\/wp-content\/uploads\/2023\/11\/Asiq-Huseyn-Bozalqanli-160-aab.jpg 271w, https:\/\/edebiyyat-az.com\/wp-content\/uploads\/2023\/11\/Asiq-Huseyn-Bozalqanli-160-aab-136x300.jpg 136w\" sizes=\"auto, (max-width: 703px) 100vw, 703px\" \/><\/a><\/figure>\n\n\n\n<p>2023-c\u00fc il noyabr\u0131n 14-d\u0259 R.Behbudov ad\u0131na D\u00f6vl\u0259t Mahn\u0131 Teatr\u0131nda Az\u0259rbaycan A\u015f\u0131qlar Birliyinin t\u0259\u015fkilat\u00e7\u0131l\u0131\u011f\u0131 il\u0259 g\u00f6rk\u0259mli saz-s\u00f6z ustad\u0131 a\u015f\u0131q&nbsp;<strong>H\u00fcseyn Bozalqanl\u0131n\u0131n<\/strong>&nbsp;anadan olmas\u0131n\u0131n 160 illik yubileyin\u0259 h\u0259sr olunmu\u015f t\u0259dbir ke\u00e7irilib. Giri\u015f s\u00f6z\u00fc il\u0259 t\u0259dbiri a\u00e7an AAB-nin s\u0259dri, \u018fm\u0259kdar elm xadimi, professor&nbsp;<strong>M\u0259h\u0259rr\u0259m Qas\u0131ml\u0131<\/strong>&nbsp;H\u00fcseyn Bozalqanl\u0131n\u0131n ke\u00e7diyi \u00f6m\u00fcr yolundan v\u0259 ustad s\u0259n\u0259tkar kimi yarad\u0131c\u0131 f\u0259aliyy\u0259tind\u0259n s\u00f6z a\u00e7\u0131b. Qeyd olunub ki, H\u00fcseyn Bozalqanl\u0131 1863-c\u00fc ild\u0259 Tovuzun Bozalqanl\u0131 k\u0259ndind\u0259 anadan olub, m\u0259dr\u0259s\u0259d\u0259 t\u0259hsil ald\u0131\u011f\u0131ndan \u0259r\u0259b v\u0259 fars dill\u0259rini m\u00fck\u0259mm\u0259l bilib. Ki\u00e7ik ya\u015flar\u0131ndan saza-s\u00f6z\u0259 ba\u011flan\u0131b, 12 ya\u015f\u0131ndan h\u0259m d\u0259 \u015feir yazma\u011fa ba\u015flay\u0131b. Az\u0259rbaycan a\u015f\u0131qlar\u0131n\u0131n I v\u0259 II Qurultaylar\u0131nda m\u00f6t\u0259b\u0259r qonaq kimi i\u015ftirak edib. Xalq \u015fairi S\u0259m\u0259d Vur\u011funun z\u0259man\u0259ti il\u0259 Az\u0259rbatycan Yaz\u0131\u00e7\u0131lar Birliyin\u0259 \u00fczv q\u0259bul olunub. M\u0259\u015fhur a\u015f\u0131qlar \u2013 Mirz\u0259 Bayramov, Q\u0259dir \u0130smay\u0131lov, V\u0259li Bozalqanl\u0131, \u018fl\u0259kb\u0259r \u018fsg\u0259rov v\u0259 dig\u0259rl\u0259ri onun \u015f\u0259yirdi olublar. Bu g\u00fcn Tovuzda f\u0259aliyy\u0259t g\u00f6st\u0259r\u0259n A\u015f\u0131q Muzeyi uzun ill\u0259rdir ki, bu b\u00f6y\u00fck s\u0259n\u0259tkar\u0131n ad\u0131n\u0131 da\u015f\u0131y\u0131r. H\u00fcseyn Bozalqanl\u0131 1941-ci ild\u0259 Tovuzda v\u0259fat edib.<\/p>\n\n\n\n<p>  Sonra a\u015f\u0131qlar m\u00fcxt\u0259lif saz havalar\u0131 \u00fcst\u00fcnd\u0259 H\u00fcseyn Bozalqanl\u0131n\u0131n \u015feirl\u0259rini ifa edibl\u0259r. \u018fm\u0259kdar m\u0259d\u0259niyy\u0259t i\u015f\u00e7isi&nbsp;<strong>Samir\u0259 \u018fliyeva&nbsp;<\/strong>(\u201cMirz\u0259can\u0131\u201d),&nbsp;<strong>N\u0259bi Na\u011f\u0131yev&nbsp;<\/strong>v\u0259&nbsp;<strong>Nazim Quliyev<\/strong>&nbsp;(\u201cC\u0259lili\u201d), \u018fm\u0259kdar m\u0259d\u0259niyy\u0259t i\u015f\u00e7isi&nbsp;<strong>G\u00fclar\u0259 Azafl\u0131n\u0131n<\/strong>&nbsp;r\u0259hb\u0259rlik etdiyi \u201c<strong>\u00c7e\u015fm\u0259<\/strong>\u201d folklor qrupu (\u015eirvan m\u00fcx\u0259mm\u0259si),&nbsp;<strong>Elbrus H\u00fcseynov&nbsp;<\/strong>(\u201cT\u0259cnis\u201d),<strong>&nbsp;\u015eahniyar \u018fliyev<\/strong>&nbsp;v\u0259&nbsp;<strong>Az\u0259r \u018fl\u0259kb\u0259rov&nbsp;<\/strong>(\u201cH\u00fcseyni\u201d),&nbsp;<strong>Roman Azafl\u0131&nbsp;<\/strong>(\u201cAran g\u00f6z\u0259ll\u0259m\u0259si\u201d),&nbsp;<strong>Elm\u0259ddin M\u0259mm\u0259dli&nbsp;<\/strong>(\u201cOv\u015far\u0131\u201d),&nbsp;<strong>V\u00fcqar Qurbanov<\/strong>&nbsp;(\u201cY\u00fcng\u00fcl \u015f\u0259rili\u201d), \u201c<strong>\u0130mran G\u00f6y\u00e7\u0259li<\/strong>&nbsp;(\u201cQ\u0259hr\u0259man\u0131\u201d),&nbsp;<strong>T\u0259\u015f\u0259kk\u00fcl La\u00e7\u0131nl\u0131<\/strong>&nbsp;(\u201cG\u0259rayl\u0131\u201d),&nbsp;<strong>Elm\u0259ddin Bayraml\u0131<\/strong>&nbsp; (\u201cOrta sar\u0131tel\u201d),&nbsp;<strong>\u015e\u0259hriyar K\u0259rimov<\/strong>&nbsp;(\u201cD\u0259rvi\u015fi\u201d),&nbsp;<strong>G\u0259nc\u0259li<\/strong>&nbsp;<strong>Babayev<\/strong>&nbsp;&nbsp;(\u201c\u0130r\u0259van \u00e7uxuru\u201d),&nbsp;<strong>\u015eahin S\u00fcleymanov<\/strong>&nbsp;(\u201cA\u011f\u0131r \u015f\u0259rili\u201d),&nbsp;<strong>N\u0259c\u0259f U\u011furlu<\/strong>&nbsp;(\u201cNax\u00e7\u0131van\u0131\u201d) &nbsp;v\u0259&nbsp;<strong>\u0130mran Fikr\u0259to\u011flunun<\/strong>&nbsp;(\u201cK\u0259r\u0259m g\u00f6z\u0259ll\u0259m\u0259si\u201d) ifalar\u0131 tama\u015fa\u00e7\u0131lar t\u0259r\u0259find\u0259n alq\u0131\u015flarla qar\u015f\u0131lan\u0131b.<\/p>\n\n\n\n<p>Sonda ustad a\u015f\u0131q, \u018fm\u0259kdar m\u0259d\u0259niyy\u0259t i\u015f\u00e7isi&nbsp;<strong>\u018fli Quliyev<\/strong>&nbsp;\u00e7\u0131x\u0131\u015f ed\u0259r\u0259k t\u0259dbirin t\u0259\u015fkilat\u00e7\u0131lar\u0131na minn\u0259tdarl\u0131\u011f\u0131n\u0131 bildirib.<\/p>\n\n\n\n<p><strong>M\u0259nb\u0259: <a href=\"https:\/\/azerab.az\/\">https:\/\/azerab.az\/<\/a><\/strong><\/p>\n","protected":false},"excerpt":{"rendered":"<p>2023-c\u00fc il noyabr\u0131n 14-d\u0259 R.Behbudov ad\u0131na D\u00f6vl\u0259t Mahn\u0131 Teatr\u0131nda Az\u0259rbaycan A\u015f\u0131qlar Birliyinin t\u0259\u015fkilat\u00e7\u0131l\u0131\u011f\u0131 il\u0259 g\u00f6rk\u0259mli saz-s\u00f6z ustad\u0131 a\u015f\u0131q&nbsp;H\u00fcseyn Bozalqanl\u0131n\u0131n&nbsp;anadan olmas\u0131n\u0131n 160 illik yubileyin\u0259 h\u0259sr olunmu\u015f t\u0259dbir ke\u00e7irilib. Giri\u015f s\u00f6z\u00fc il\u0259 t\u0259dbiri a\u00e7an AAB-nin s\u0259dri, \u018fm\u0259kdar elm xadimi, professor&nbsp;M\u0259h\u0259rr\u0259m Qas\u0131ml\u0131&nbsp;H\u00fcseyn Bozalqanl\u0131n\u0131n ke\u00e7diyi \u00f6m\u00fcr yolundan v\u0259 ustad s\u0259n\u0259tkar kimi yarad\u0131c\u0131 f\u0259aliyy\u0259tind\u0259n s\u00f6z a\u00e7\u0131b. Qeyd olunub ki, H\u00fcseyn [&hellip;]<\/p>\n","protected":false},"author":2,"featured_media":0,"comment_status":"open","ping_status":"open","sticky":false,"template":"","format":"standard","meta":{"footnotes":""},"categories":[49],"tags":[],"class_list":["post-47604","post","type-post","status-publish","format-standard","hentry","category-medeniyyat"],"_links":{"self":[{"href":"https:\/\/edebiyyat-az.com\/index.php?rest_route=\/wp\/v2\/posts\/47604","targetHints":{"allow":["GET"]}}],"collection":[{"href":"https:\/\/edebiyyat-az.com\/index.php?rest_route=\/wp\/v2\/posts"}],"about":[{"href":"https:\/\/edebiyyat-az.com\/index.php?rest_route=\/wp\/v2\/types\/post"}],"author":[{"embeddable":true,"href":"https:\/\/edebiyyat-az.com\/index.php?rest_route=\/wp\/v2\/users\/2"}],"replies":[{"embeddable":true,"href":"https:\/\/edebiyyat-az.com\/index.php?rest_route=%2Fwp%2Fv2%2Fcomments&post=47604"}],"version-history":[{"count":2,"href":"https:\/\/edebiyyat-az.com\/index.php?rest_route=\/wp\/v2\/posts\/47604\/revisions"}],"predecessor-version":[{"id":47609,"href":"https:\/\/edebiyyat-az.com\/index.php?rest_route=\/wp\/v2\/posts\/47604\/revisions\/47609"}],"wp:attachment":[{"href":"https:\/\/edebiyyat-az.com\/index.php?rest_route=%2Fwp%2Fv2%2Fmedia&parent=47604"}],"wp:term":[{"taxonomy":"category","embeddable":true,"href":"https:\/\/edebiyyat-az.com\/index.php?rest_route=%2Fwp%2Fv2%2Fcategories&post=47604"},{"taxonomy":"post_tag","embeddable":true,"href":"https:\/\/edebiyyat-az.com\/index.php?rest_route=%2Fwp%2Fv2%2Ftags&post=47604"}],"curies":[{"name":"wp","href":"https:\/\/api.w.org\/{rel}","templated":true}]}}