{"id":47624,"date":"2023-11-17T08:00:00","date_gmt":"2023-11-17T04:00:00","guid":{"rendered":"https:\/\/edebiyyat-az.com\/?p=47624"},"modified":"2023-11-18T16:56:08","modified_gmt":"2023-11-18T12:56:08","slug":"g%c9%99ncl%c9%99r-kitabxanasi-milli-dirc%c9%99lis-gunu-munasib%c9%99til%c9%99-silsil%c9%99-materiallar-hazirlayib","status":"publish","type":"post","link":"https:\/\/edebiyyat-az.com\/?p=47624","title":{"rendered":"G\u0259ncl\u0259r Kitabxanas\u0131 Milli Dir\u00e7\u0259li\u015f G\u00fcn\u00fc m\u00fcnasib\u0259til\u0259 silsil\u0259 materiallar haz\u0131rlay\u0131b"},"content":{"rendered":"\n<figure class=\"wp-block-image size-large\"><img decoding=\"async\" src=\"https:\/\/azertag.az\/files\/2023\/3\/1200x630\/17002186103151064141_1200x630.jpg\" alt=\"\"\/><\/figure>\n\n\n\n<p>C\u0259f\u0259r Cabbarl\u0131 ad\u0131na Respublika G\u0259ncl\u0259r Kitabxanas\u0131 \u201c17 Noyabr &#8211; Milli Dir\u00e7\u0259li\u015f G\u00fcn\u00fc\u201d adl\u0131 videomateriallar \u0259sas\u0131nda \u0259n\u0259n\u0259vi v\u0259 virtual kitab s\u0259rgisi t\u0259\u015fkil edib.<\/p>\n\n\n\n<p><a href=\"https:\/\/azertag.az\/\" target=\"_blank\" rel=\"noreferrer noopener\">AZ\u018fRTAC<\/a>&nbsp;x\u0259b\u0259r verir ki, kitabxana \u0259m\u0259kda\u015flar\u0131 t\u0259r\u0259find\u0259n haz\u0131rlanan materiallarda Milli Dir\u00e7\u0259li\u015f G\u00fcn\u00fcn\u00fcn tarixin\u0259 n\u0259z\u0259r sal\u0131n\u0131r, o ill\u0259rin xronologiyas\u0131 bir daha canland\u0131r\u0131l\u0131r.<\/p>\n\n\n\n<p>Xalq\u0131m\u0131z\u0131n azadl\u0131q m\u00fcbariz\u0259sinin \u0259sas m\u0259rh\u0259l\u0259l\u0259rind\u0259n birini t\u0259\u015fkil ed\u0259n Milli Dir\u00e7\u0259li\u015f G\u00fcn\u00fc Az\u0259rbaycan\u0131n m\u00fcst\u0259qilliyinin b\u0259rpa edilm\u0259sind\u0259 tarixi rol oynay\u0131b. M\u0259n\u0259vi \u0259saslar\u0131n\u0131 v\u0259 ba\u015flan\u011f\u0131c\u0131n\u0131 \u00f6t\u0259n \u0259srin 60-c\u0131 ill\u0259rind\u0259n g\u00f6t\u00fcr\u0259n bu tarix sonralar Ulu \u00d6nd\u0259r Heyd\u0259r \u018fliyevin siyasi uzaqg\u00f6r\u0259nliyi v\u0259 m\u00fcdrikliyi il\u0259 d\u00f6nm\u0259z xarakter alm\u0131\u015f, m\u00fcst\u0259qil Az\u0259rbaycan d\u00f6vl\u0259ti m\u00fcasir inki\u015faf yoluna q\u0259d\u0259m qoymu\u015fdur.<\/p>\n\n\n\n<p>Materiallarda erm\u0259nil\u0259rin Topxanada t\u00f6r\u0259tdiyi v\u0259h\u015filikl\u0259r, A\u011fdamda is\u0259 iki az\u0259rbaycanl\u0131n\u0131 q\u0259tl\u0259 yetirm\u0259l\u0259ri il\u0259 Bak\u0131da alovlanan milli hissl\u0259rin fonunda 1988-ci ild\u0259n ba\u015flayaraq Az\u0259rbaycanda milli istiqlal h\u0259r\u0259kat\u0131n\u0131n geni\u015f v\u00fcs\u0259t almas\u0131, 1988-ci ilin noyabr\u0131nda 100 minl\u0259rl\u0259 az\u0259rbaycanl\u0131n\u0131n Erm\u0259nistan\u0131n t\u0259xribatlar\u0131na, Sovet \u0130ttifaq\u0131n\u0131n ikili siyas\u0259tin\u0259 etiraz olaraq Bak\u0131dak\u0131 Azadl\u0131q meydan\u0131nda topla\u015fmas\u0131, azadl\u0131q m\u00fcbariz\u0259si, bu hadis\u0259l\u0259rin beyn\u0259lxalq m\u0259tbuatda i\u015f\u0131qland\u0131r\u0131lmas\u0131 faktlar\u0131 \u00f6z \u0259ksini tap\u0131r. H\u0259min m\u00fcr\u0259kk\u0259b, g\u0259rgin d\u00f6vrl\u0259rd\u0259 xalq\u0131n Heyd\u0259r \u018fliyevin \u0259traf\u0131nda bir yumruq kimi birl\u0259\u015fm\u0259si, onu xilaskar kimi \u00f6z\u00fcn\u0259 lider se\u00e7m\u0259si geni\u015f, tarixi faktlar v\u0259 g\u00f6r\u00fcnt\u00fcl\u0259rl\u0259 i\u015f\u0131qland\u0131r\u0131l\u0131r. \u0130zl\u0259yicil\u0259r haz\u0131rlanan materiallarda o ill\u0259rin foto v\u0259 videog\u00f6r\u00fcnt\u00fcl\u0259rini d\u0259 izl\u0259y\u0259 bil\u0259rl\u0259r. Haz\u0131rlanan materiallarda Az\u0259rbaycan xalq\u0131n\u0131n azadl\u0131q, \u0259razi b\u00fct\u00f6vl\u00fcy\u00fc u\u011frunda \u0259zmkar m\u00fcbariz\u0259sinin t\u0259nt\u0259n\u0259li n\u0259tic\u0259si \u2013 \u015eanl\u0131 Z\u0259f\u0259r tarixinin Q\u0259l\u0259b\u0259 sevincinin g\u00f6r\u00fcnt\u00fcl\u0259ri d\u0259 yer al\u0131r.<\/p>\n\n\n\n<p>Kitabxana \u0259m\u0259kda\u015flar\u0131 t\u0259r\u0259find\u0259n Milli Dir\u00e7\u0259li\u015f G\u00fcn\u00fc il\u0259 \u0259laq\u0259dar haz\u0131rlanan virtual s\u0259rgid\u0259 \u201cHeyd\u0259r \u018fliyev &#8211; M\u00fcst\u0259qilliyimiz \u0259b\u0259didir\u201d, \u201cHeyd\u0259r \u018fliyev &#8211; M\u00fcdrik fikirl\u0259r\u201d, \u201c1988. Ke\u00e7mi\u015f\u0259 p\u0259nc\u0259r\u0259\u201d kimi kitablar\u0131n biblioqrafik t\u0259svirl\u0259ri v\u0259 q\u0131sa annotasiyalar\u0131, \u201cMilli dir\u00e7\u0259li\u015fd\u0259n m\u00fcst\u0259qilliy\u0259\u201d, \u201cM\u00fcst\u0259qillik tariximizin unudulmayan s\u0259hif\u0259si\u201d, \u201cMeydan h\u0259r\u0259kat\u0131 il\u0259 ba\u015flanan azadl\u0131q m\u00fccadil\u0259si\u201d, \u201cMilli dir\u00e7\u0259li\u015fin ba\u015flan\u011f\u0131c\u0131\u201d kimi q\u0259zet m\u0259qal\u0259l\u0259rinin g\u00f6r\u00fcnt\u00fcl\u0259ri t\u0259qdim edilir.<\/p>\n\n\n\n<p>Bundan \u0259lav\u0259, Milli Dir\u00e7\u0259li\u015f G\u00fcn\u00fc il\u0259 \u0259laq\u0259dar kitabxanada \u00f6z\u00fcnd\u0259 40-a yax\u0131n kitab v\u0259 q\u0259zet n\u00fcmun\u0259l\u0259rini c\u0259ml\u0259y\u0259n \u201c17 Noyabr &#8211; Milli Dir\u00e7\u0259li\u015f G\u00fcn\u00fc\u201d adl\u0131 kitab s\u0259rgisi d\u0259 t\u0259\u015fkil edilib.<\/p>\n\n\n\n<p><strong><strong>M\u0259nb\u0259:\u00a0<a href=\"https:\/\/culture.gov.az\/\">https:\/\/azertag.az\/<\/a><\/strong><\/strong><\/p>\n","protected":false},"excerpt":{"rendered":"<p>C\u0259f\u0259r Cabbarl\u0131 ad\u0131na Respublika G\u0259ncl\u0259r Kitabxanas\u0131 \u201c17 Noyabr &#8211; Milli Dir\u00e7\u0259li\u015f G\u00fcn\u00fc\u201d adl\u0131 videomateriallar \u0259sas\u0131nda \u0259n\u0259n\u0259vi v\u0259 virtual kitab s\u0259rgisi t\u0259\u015fkil edib. AZ\u018fRTAC&nbsp;x\u0259b\u0259r verir ki, kitabxana \u0259m\u0259kda\u015flar\u0131 t\u0259r\u0259find\u0259n haz\u0131rlanan materiallarda Milli Dir\u00e7\u0259li\u015f G\u00fcn\u00fcn\u00fcn tarixin\u0259 n\u0259z\u0259r sal\u0131n\u0131r, o ill\u0259rin xronologiyas\u0131 bir daha canland\u0131r\u0131l\u0131r. Xalq\u0131m\u0131z\u0131n azadl\u0131q m\u00fcbariz\u0259sinin \u0259sas m\u0259rh\u0259l\u0259l\u0259rind\u0259n birini t\u0259\u015fkil ed\u0259n Milli Dir\u00e7\u0259li\u015f G\u00fcn\u00fc Az\u0259rbaycan\u0131n m\u00fcst\u0259qilliyinin [&hellip;]<\/p>\n","protected":false},"author":2,"featured_media":0,"comment_status":"open","ping_status":"open","sticky":false,"template":"","format":"standard","meta":{"footnotes":""},"categories":[49],"tags":[],"class_list":["post-47624","post","type-post","status-publish","format-standard","hentry","category-medeniyyat"],"_links":{"self":[{"href":"https:\/\/edebiyyat-az.com\/index.php?rest_route=\/wp\/v2\/posts\/47624","targetHints":{"allow":["GET"]}}],"collection":[{"href":"https:\/\/edebiyyat-az.com\/index.php?rest_route=\/wp\/v2\/posts"}],"about":[{"href":"https:\/\/edebiyyat-az.com\/index.php?rest_route=\/wp\/v2\/types\/post"}],"author":[{"embeddable":true,"href":"https:\/\/edebiyyat-az.com\/index.php?rest_route=\/wp\/v2\/users\/2"}],"replies":[{"embeddable":true,"href":"https:\/\/edebiyyat-az.com\/index.php?rest_route=%2Fwp%2Fv2%2Fcomments&post=47624"}],"version-history":[{"count":1,"href":"https:\/\/edebiyyat-az.com\/index.php?rest_route=\/wp\/v2\/posts\/47624\/revisions"}],"predecessor-version":[{"id":47628,"href":"https:\/\/edebiyyat-az.com\/index.php?rest_route=\/wp\/v2\/posts\/47624\/revisions\/47628"}],"wp:attachment":[{"href":"https:\/\/edebiyyat-az.com\/index.php?rest_route=%2Fwp%2Fv2%2Fmedia&parent=47624"}],"wp:term":[{"taxonomy":"category","embeddable":true,"href":"https:\/\/edebiyyat-az.com\/index.php?rest_route=%2Fwp%2Fv2%2Fcategories&post=47624"},{"taxonomy":"post_tag","embeddable":true,"href":"https:\/\/edebiyyat-az.com\/index.php?rest_route=%2Fwp%2Fv2%2Ftags&post=47624"}],"curies":[{"name":"wp","href":"https:\/\/api.w.org\/{rel}","templated":true}]}}