{"id":47759,"date":"2023-11-22T16:00:00","date_gmt":"2023-11-22T12:00:00","guid":{"rendered":"https:\/\/edebiyyat-az.com\/?p=47759"},"modified":"2023-11-22T18:14:27","modified_gmt":"2023-11-22T14:14:27","slug":"a-hub-akselerasiya-proqraminin-milli-final-m%c9%99rh%c9%99l%c9%99si-bas-tutacaq","status":"publish","type":"post","link":"https:\/\/edebiyyat-az.com\/?p=47759","title":{"rendered":"\u201cA-Hub Akselerasiya Proqram\u0131\u201dn\u0131n milli final m\u0259rh\u0259l\u0259si ba\u015f tutacaq"},"content":{"rendered":"\n<figure class=\"wp-block-image size-large\"><img decoding=\"async\" src=\"https:\/\/culture.gov.az\/medias\/news\/big\/10\/49708\/a-hub.jpg\" alt=\"\"\/><\/figure>\n\n\n\n<p>Noyabr\u0131n 29-da&nbsp; \u201cYarad\u0131c\u0131 H\u0259ft\u0259\u201d \u00e7\u0259r\u00e7iv\u0259sind\u0259 Heyd\u0259r \u018fliyev M\u0259rk\u0259zind\u0259 \u201cA-Hub Akselerasiya Proqram\u0131\u201dn\u0131n milli final m\u0259rh\u0259l\u0259si ba\u015f tutacaq.<\/p>\n\n\n\n<p>M\u0259d\u0259niyy\u0259t Nazirliyi v\u0259 \u0130slam D\u00fcnyas\u0131 T\u0259hsil, Elm v\u0259 M\u0259d\u0259niyy\u0259t T\u0259\u015fkilat\u0131 d\u0259st\u0259yi il\u0259 realla\u015fan layih\u0259 ICESCO-nun \u00fczv\u00fc olan \u00f6lk\u0259l\u0259rd\u0259 2021-ci ild\u0259n etibar\u0259n innovativ inki\u015faf sah\u0259sind\u0259 t\u0259\u015f\u0259bb\u00fcsl\u0259rin d\u0259st\u0259kl\u0259nm\u0259si, biznes subyektl\u0259rinin v\u0259 g\u0259ncl\u0259rin bu sah\u0259y\u0259 mara\u011f\u0131n\u0131n art\u0131r\u0131lmas\u0131, m\u0259d\u0259niyy\u0259t sah\u0259si il\u0259 \u00f6z\u0259l yarad\u0131c\u0131 sahibkarl\u0131q subyektl\u0259rinin \u0259laq\u0259l\u0259ndirilm\u0259si m\u0259qs\u0259dil\u0259 h\u0259yata ke\u00e7irilib.&nbsp;<\/p>\n\n\n\n<p>Bu il proqrama Bak\u0131, Sumqay\u0131t v\u0259 G\u0259nc\u0259d\u0259n daxil olan m\u00fcraci\u0259tl\u0259r \u0259sas\u0131nda se\u00e7il\u0259n 13 komanda alt\u0131 h\u0259ft\u0259lik akselerasiya ke\u00e7ib v\u0259 milli finalda komandalar art\u0131q \u00f6z startaplar\u0131n\u0131 t\u0259qdim ed\u0259c\u0259kl\u0259r.<\/p>\n\n\n\n<p>Milli finalda qalib g\u0259l\u0259n komandalar b\u00f6y\u00fck finalda i\u015ftirak etm\u0259k imkan\u0131 qazanacaqlar.<\/p>\n\n\n\n<p><strong><strong><strong>M\u0259nb\u0259:\u00a0<a href=\"https:\/\/culture.gov.az\/\">https:\/\/culture.gov.az\/<\/a><\/strong><\/strong><\/strong><\/p>\n","protected":false},"excerpt":{"rendered":"<p>Noyabr\u0131n 29-da&nbsp; \u201cYarad\u0131c\u0131 H\u0259ft\u0259\u201d \u00e7\u0259r\u00e7iv\u0259sind\u0259 Heyd\u0259r \u018fliyev M\u0259rk\u0259zind\u0259 \u201cA-Hub Akselerasiya Proqram\u0131\u201dn\u0131n milli final m\u0259rh\u0259l\u0259si ba\u015f tutacaq. M\u0259d\u0259niyy\u0259t Nazirliyi v\u0259 \u0130slam D\u00fcnyas\u0131 T\u0259hsil, Elm v\u0259 M\u0259d\u0259niyy\u0259t T\u0259\u015fkilat\u0131 d\u0259st\u0259yi il\u0259 realla\u015fan layih\u0259 ICESCO-nun \u00fczv\u00fc olan \u00f6lk\u0259l\u0259rd\u0259 2021-ci ild\u0259n etibar\u0259n innovativ inki\u015faf sah\u0259sind\u0259 t\u0259\u015f\u0259bb\u00fcsl\u0259rin d\u0259st\u0259kl\u0259nm\u0259si, biznes subyektl\u0259rinin v\u0259 g\u0259ncl\u0259rin bu sah\u0259y\u0259 mara\u011f\u0131n\u0131n art\u0131r\u0131lmas\u0131, m\u0259d\u0259niyy\u0259t sah\u0259si il\u0259 \u00f6z\u0259l yarad\u0131c\u0131 [&hellip;]<\/p>\n","protected":false},"author":2,"featured_media":0,"comment_status":"open","ping_status":"open","sticky":false,"template":"","format":"standard","meta":{"footnotes":""},"categories":[49],"tags":[],"class_list":["post-47759","post","type-post","status-publish","format-standard","hentry","category-medeniyyat"],"_links":{"self":[{"href":"https:\/\/edebiyyat-az.com\/index.php?rest_route=\/wp\/v2\/posts\/47759","targetHints":{"allow":["GET"]}}],"collection":[{"href":"https:\/\/edebiyyat-az.com\/index.php?rest_route=\/wp\/v2\/posts"}],"about":[{"href":"https:\/\/edebiyyat-az.com\/index.php?rest_route=\/wp\/v2\/types\/post"}],"author":[{"embeddable":true,"href":"https:\/\/edebiyyat-az.com\/index.php?rest_route=\/wp\/v2\/users\/2"}],"replies":[{"embeddable":true,"href":"https:\/\/edebiyyat-az.com\/index.php?rest_route=%2Fwp%2Fv2%2Fcomments&post=47759"}],"version-history":[{"count":1,"href":"https:\/\/edebiyyat-az.com\/index.php?rest_route=\/wp\/v2\/posts\/47759\/revisions"}],"predecessor-version":[{"id":47764,"href":"https:\/\/edebiyyat-az.com\/index.php?rest_route=\/wp\/v2\/posts\/47759\/revisions\/47764"}],"wp:attachment":[{"href":"https:\/\/edebiyyat-az.com\/index.php?rest_route=%2Fwp%2Fv2%2Fmedia&parent=47759"}],"wp:term":[{"taxonomy":"category","embeddable":true,"href":"https:\/\/edebiyyat-az.com\/index.php?rest_route=%2Fwp%2Fv2%2Fcategories&post=47759"},{"taxonomy":"post_tag","embeddable":true,"href":"https:\/\/edebiyyat-az.com\/index.php?rest_route=%2Fwp%2Fv2%2Ftags&post=47759"}],"curies":[{"name":"wp","href":"https:\/\/api.w.org\/{rel}","templated":true}]}}