{"id":47817,"date":"2023-11-25T07:00:00","date_gmt":"2023-11-25T03:00:00","guid":{"rendered":"https:\/\/edebiyyat-az.com\/?p=47817"},"modified":"2023-11-25T09:33:14","modified_gmt":"2023-11-25T05:33:14","slug":"x%c9%99yal%c9%99-sevil-gozumd%c9%99n-it%c9%99n-kimi","status":"publish","type":"post","link":"https:\/\/edebiyyat-az.com\/?p=47817","title":{"rendered":"X\u0259yal\u0259 SEV\u0130L.&#8221;G\u00f6z\u00fcmd\u0259n it\u0259n kimi&#8221;"},"content":{"rendered":"\n<p><\/p>\n\n\n\n<figure class=\"wp-block-image size-large is-resized\"><a href=\"https:\/\/edebiyyat-az.com\/wp-content\/uploads\/2023\/11\/X\u0259yal\u0259-Sevil-2.jpg\"><img loading=\"lazy\" decoding=\"async\" src=\"https:\/\/edebiyyat-az.com\/wp-content\/uploads\/2023\/11\/X\u0259yal\u0259-Sevil-2-576x1024.jpg\" alt=\"\" class=\"wp-image-47828\" width=\"701\" height=\"1246\" srcset=\"https:\/\/edebiyyat-az.com\/wp-content\/uploads\/2023\/11\/X\u0259yal\u0259-Sevil-2-576x1024.jpg 576w, https:\/\/edebiyyat-az.com\/wp-content\/uploads\/2023\/11\/X\u0259yal\u0259-Sevil-2-169x300.jpg 169w, https:\/\/edebiyyat-az.com\/wp-content\/uploads\/2023\/11\/X\u0259yal\u0259-Sevil-2-768x1365.jpg 768w, https:\/\/edebiyyat-az.com\/wp-content\/uploads\/2023\/11\/X\u0259yal\u0259-Sevil-2-864x1536.jpg 864w, https:\/\/edebiyyat-az.com\/wp-content\/uploads\/2023\/11\/X\u0259yal\u0259-Sevil-2.jpg 1080w\" sizes=\"auto, (max-width: 701px) 100vw, 701px\" \/><\/a><\/figure>\n\n\n\n<p><strong>\u201cG\u0259nc \u018fdibl\u0259r M\u0259kt\u0259bi\u201dnin m\u00fcdavimi, Az\u0259rbaycan Yaz\u0131\u00e7\u0131lar Birliyinin (AYB) \u00fczv\u00fc, Az\u0259rbaycan Respublikas\u0131 Prezidenti t\u0259qa\u00fcd fondunun t\u0259qa\u00fcd\u00e7\u00fcs\u00fc<\/strong>,\u00a0<strong><a href=\"http:\/\/edebiyyat-az.com\/\">Az\u0259rbaycan\u0131n M\u0259d\u0259niyy\u0259t v\u0259 \u018fd\u0259biyyat Portal\u0131<\/a>n\u0131n G\u018fNC\u018f B\u00fcrosunun R\u0259hb\u0259ri<\/strong><\/p>\n\n\n\n<p>G\u00f6z\u00fcmd\u0259n it\u0259n kimi<br>X\u0259yal\u0131n canland\u0131sa,<br>Yar\u0131m qalan h\u0259r \u015feyim<br>T\u0259k s\u0259ninl\u0259 tamd\u0131sa.<\/p>\n\n\n\n<p>G\u00fcl\u00fc solan g\u00fcldan\u0131n<br>T\u0259kliyidi m\u0259nimki.<br>D\u0259rd y\u0131\u011f\u0131l\u0131b \u00fcst-\u00fcst\u0259,<br>Bu n\u0259 birdi, n\u0259 iki.<\/p>\n\n\n\n<p>Bu pay\u0131z bir ba\u015fqad\u0131,<br>Bu ya\u011f\u0131\u015f k\u0259s\u0259n deyil\u2026<br>M\u0259ni ki sev\u0259nl\u0259rin<br>Ham\u0131s\u0131 bir s\u0259n deyil.<\/p>\n\n\n\n<p>O \u0259vv\u0259lki, o m\u0259sum<br>Ya\u015f\u0131mdan ayr\u0131lmad\u0131m.<br>M\u0259ni n\u0259yl\u0259 q\u0131nad\u0131n?<br>Xo\u015fumdan ayr\u0131lmad\u0131m.<\/p>\n","protected":false},"excerpt":{"rendered":"<p>\u201cG\u0259nc \u018fdibl\u0259r M\u0259kt\u0259bi\u201dnin m\u00fcdavimi, Az\u0259rbaycan Yaz\u0131\u00e7\u0131lar Birliyinin (AYB) \u00fczv\u00fc, Az\u0259rbaycan Respublikas\u0131 Prezidenti t\u0259qa\u00fcd fondunun t\u0259qa\u00fcd\u00e7\u00fcs\u00fc,\u00a0Az\u0259rbaycan\u0131n M\u0259d\u0259niyy\u0259t v\u0259 \u018fd\u0259biyyat Portal\u0131n\u0131n G\u018fNC\u018f B\u00fcrosunun R\u0259hb\u0259ri G\u00f6z\u00fcmd\u0259n it\u0259n kimiX\u0259yal\u0131n canland\u0131sa,Yar\u0131m qalan h\u0259r \u015feyimT\u0259k s\u0259ninl\u0259 tamd\u0131sa. G\u00fcl\u00fc solan g\u00fcldan\u0131nT\u0259kliyidi m\u0259nimki.D\u0259rd y\u0131\u011f\u0131l\u0131b \u00fcst-\u00fcst\u0259,Bu n\u0259 birdi, n\u0259 iki. Bu pay\u0131z bir ba\u015fqad\u0131,Bu ya\u011f\u0131\u015f k\u0259s\u0259n deyil\u2026M\u0259ni ki sev\u0259nl\u0259rinHam\u0131s\u0131 bir s\u0259n deyil. O \u0259vv\u0259lki, [&hellip;]<\/p>\n","protected":false},"author":2,"featured_media":0,"comment_status":"open","ping_status":"open","sticky":false,"template":"","format":"standard","meta":{"footnotes":""},"categories":[4],"tags":[],"class_list":["post-47817","post","type-post","status-publish","format-standard","hentry","category-edeb"],"_links":{"self":[{"href":"https:\/\/edebiyyat-az.com\/index.php?rest_route=\/wp\/v2\/posts\/47817","targetHints":{"allow":["GET"]}}],"collection":[{"href":"https:\/\/edebiyyat-az.com\/index.php?rest_route=\/wp\/v2\/posts"}],"about":[{"href":"https:\/\/edebiyyat-az.com\/index.php?rest_route=\/wp\/v2\/types\/post"}],"author":[{"embeddable":true,"href":"https:\/\/edebiyyat-az.com\/index.php?rest_route=\/wp\/v2\/users\/2"}],"replies":[{"embeddable":true,"href":"https:\/\/edebiyyat-az.com\/index.php?rest_route=%2Fwp%2Fv2%2Fcomments&post=47817"}],"version-history":[{"count":1,"href":"https:\/\/edebiyyat-az.com\/index.php?rest_route=\/wp\/v2\/posts\/47817\/revisions"}],"predecessor-version":[{"id":47829,"href":"https:\/\/edebiyyat-az.com\/index.php?rest_route=\/wp\/v2\/posts\/47817\/revisions\/47829"}],"wp:attachment":[{"href":"https:\/\/edebiyyat-az.com\/index.php?rest_route=%2Fwp%2Fv2%2Fmedia&parent=47817"}],"wp:term":[{"taxonomy":"category","embeddable":true,"href":"https:\/\/edebiyyat-az.com\/index.php?rest_route=%2Fwp%2Fv2%2Fcategories&post=47817"},{"taxonomy":"post_tag","embeddable":true,"href":"https:\/\/edebiyyat-az.com\/index.php?rest_route=%2Fwp%2Fv2%2Ftags&post=47817"}],"curies":[{"name":"wp","href":"https:\/\/api.w.org\/{rel}","templated":true}]}}