{"id":47840,"date":"2023-11-25T12:00:00","date_gmt":"2023-11-25T08:00:00","guid":{"rendered":"http:\/\/edebiyyat-az.com\/?p=47840"},"modified":"2023-11-25T15:24:46","modified_gmt":"2023-11-25T11:24:46","slug":"xalq-sairi-ramiz-rovs%c9%99n-g%c9%99ldim","status":"publish","type":"post","link":"https:\/\/edebiyyat-az.com\/?p=47840","title":{"rendered":"Xalq \u015fairi Ramiz R\u00d6V\u015e\u018fN.&#8221;G\u0259ldim&#8221;"},"content":{"rendered":"\n<figure class=\"wp-block-image size-full is-resized\"><a href=\"http:\/\/edebiyyat-az.com\/wp-content\/uploads\/2023\/11\/image-5.png\"><img loading=\"lazy\" decoding=\"async\" src=\"http:\/\/edebiyyat-az.com\/wp-content\/uploads\/2023\/11\/image-5.png\" alt=\"\" class=\"wp-image-47442\" width=\"372\" height=\"248\"\/><\/a><\/figure>\n\n\n\n<p>M\u0259n bu a\u011flamal\u0131, m\u0259n bu g\u00fclm\u0259li<br>D\u00fcnyaya a\u011flay\u0131b-g\u00fclm\u0259y\u0259 g\u0259ldim.<br>Bir d\u00fcnya tap\u0131lmaz bundan \u00f6lm\u0259li,<br>M\u0259n d\u0259 tamahlan\u0131b \u00f6lm\u0259y\u0259 g\u0259ldim.<\/p>\n\n\n\n<p>H\u0259l\u0259 bu d\u00fcnyada izim yoxuydu,<br>H\u0259r \u015feyi g\u00f6r\u00fcrd\u00fcm, g\u00f6z\u00fcm yoxuydu,<br>H\u0259l\u0259 ruhum vard\u0131, \u00f6z\u00fcm yoxuydum,<br>M\u0259n bura \u00f6z\u00fcm\u00fc g\u00f6rm\u0259y\u0259 g\u0259ldim.<\/p>\n\n\n\n<p>M\u0259n\u0259 d\u0259 yer \u00e7atar, d\u00fcnya dar deyil,<br>Biz bal\u0131q deyilik, d\u00fcnya tor deyil,<br>\u201cAllah g\u00f6yd\u0259n bax\u0131r, Allah kor deyil!..\u201d \u2013<br>Siz\u0259 bunu x\u0259b\u0259r verm\u0259y\u0259 g\u0259ldim.<\/p>\n\n\n\n<p><\/p>\n\n\n\n<p><\/p>\n\n\n\n<p><\/p>\n\n\n\n<p><\/p>\n","protected":false},"excerpt":{"rendered":"<p>M\u0259n bu a\u011flamal\u0131, m\u0259n bu g\u00fclm\u0259liD\u00fcnyaya a\u011flay\u0131b-g\u00fclm\u0259y\u0259 g\u0259ldim.Bir d\u00fcnya tap\u0131lmaz bundan \u00f6lm\u0259li,M\u0259n d\u0259 tamahlan\u0131b \u00f6lm\u0259y\u0259 g\u0259ldim. H\u0259l\u0259 bu d\u00fcnyada izim yoxuydu,H\u0259r \u015feyi g\u00f6r\u00fcrd\u00fcm, g\u00f6z\u00fcm yoxuydu,H\u0259l\u0259 ruhum vard\u0131, \u00f6z\u00fcm yoxuydum,M\u0259n bura \u00f6z\u00fcm\u00fc g\u00f6rm\u0259y\u0259 g\u0259ldim. M\u0259n\u0259 d\u0259 yer \u00e7atar, d\u00fcnya dar deyil,Biz bal\u0131q deyilik, d\u00fcnya tor deyil,\u201cAllah g\u00f6yd\u0259n bax\u0131r, Allah kor deyil!..\u201d \u2013Siz\u0259 bunu x\u0259b\u0259r verm\u0259y\u0259 g\u0259ldim.<\/p>\n","protected":false},"author":2,"featured_media":0,"comment_status":"open","ping_status":"open","sticky":false,"template":"","format":"standard","meta":{"footnotes":""},"categories":[4],"tags":[],"class_list":["post-47840","post","type-post","status-publish","format-standard","hentry","category-edeb"],"_links":{"self":[{"href":"https:\/\/edebiyyat-az.com\/index.php?rest_route=\/wp\/v2\/posts\/47840","targetHints":{"allow":["GET"]}}],"collection":[{"href":"https:\/\/edebiyyat-az.com\/index.php?rest_route=\/wp\/v2\/posts"}],"about":[{"href":"https:\/\/edebiyyat-az.com\/index.php?rest_route=\/wp\/v2\/types\/post"}],"author":[{"embeddable":true,"href":"https:\/\/edebiyyat-az.com\/index.php?rest_route=\/wp\/v2\/users\/2"}],"replies":[{"embeddable":true,"href":"https:\/\/edebiyyat-az.com\/index.php?rest_route=%2Fwp%2Fv2%2Fcomments&post=47840"}],"version-history":[{"count":3,"href":"https:\/\/edebiyyat-az.com\/index.php?rest_route=\/wp\/v2\/posts\/47840\/revisions"}],"predecessor-version":[{"id":47844,"href":"https:\/\/edebiyyat-az.com\/index.php?rest_route=\/wp\/v2\/posts\/47840\/revisions\/47844"}],"wp:attachment":[{"href":"https:\/\/edebiyyat-az.com\/index.php?rest_route=%2Fwp%2Fv2%2Fmedia&parent=47840"}],"wp:term":[{"taxonomy":"category","embeddable":true,"href":"https:\/\/edebiyyat-az.com\/index.php?rest_route=%2Fwp%2Fv2%2Fcategories&post=47840"},{"taxonomy":"post_tag","embeddable":true,"href":"https:\/\/edebiyyat-az.com\/index.php?rest_route=%2Fwp%2Fv2%2Ftags&post=47840"}],"curies":[{"name":"wp","href":"https:\/\/api.w.org\/{rel}","templated":true}]}}