{"id":48807,"date":"2024-08-26T09:00:00","date_gmt":"2024-08-26T05:00:00","guid":{"rendered":"https:\/\/edebiyyat-az.com\/?p=48807"},"modified":"2024-08-27T09:20:19","modified_gmt":"2024-08-27T05:20:19","slug":"mehriban-%c9%99liyeva-az%c9%99rbaycan-humanizminin-simvolu","status":"publish","type":"post","link":"https:\/\/edebiyyat-az.com\/?p=48807","title":{"rendered":"Mehriban \u018fliyeva &#8211; Az\u0259rbaycan humanizminin simvolu"},"content":{"rendered":"\n<p><\/p>\n\n\n\n<figure class=\"wp-block-image size-large\"><img decoding=\"async\" src=\"https:\/\/azertag.az\/files\/galleryphoto\/2024\/2\/1200x630\/17246441985346750166_1200x630.jpg\" alt=\"\"\/><\/figure>\n\n\n\n<p><strong>Bu g\u00fcn do\u011fum g\u00fcn\u00fcn\u00fc qeyd ed\u0259n Mehriban xan\u0131m\u0131n \u00f6m\u00fcr yolu V\u0259t\u0259n\u0259 v\u0259 xalqa xidm\u0259t n\u00fcmun\u0259sidir<\/strong><\/p>\n\n\n\n<p>V\u0259t\u0259n v\u0259 xalq namin\u0259 f\u0259dakarl\u0131q, m\u00fcasir Az\u0259rbaycan\u0131n inki\u015faf\u0131nda, sosial m\u0259s\u0259l\u0259l\u0259rin h\u0259llind\u0259 f\u0259all\u0131q, milli-m\u0259n\u0259vi d\u0259y\u0259rl\u0259r\u0259 sadiqlik, s\u0259rh\u0259d tan\u0131mayan xeyirxahl\u0131q, m\u0259rh\u0259m\u0259t v\u0259 \u015f\u0259fq\u0259t Az\u0259rbaycan\u0131n birinci xan\u0131m\u0131, Birinci vitse-prezident, Heyd\u0259r \u018fliyev Fondunun prezidenti Mehriban \u018fliyevan\u0131n h\u0259yat f\u0259ls\u0259f\u0259sinin \u0259sas qay\u0259sini t\u0259\u015fkil edir. Prezident \u0130lham \u018fliyevin \u00f6m\u00fcr-g\u00fcn yolda\u015f\u0131 v\u0259 \u0259n yax\u0131n silahda\u015f\u0131 olan Mehriban \u018fliyeva \u00f6lk\u0259mizin h\u0259rt\u0259r\u0259fli t\u0259r\u0259qqisi istiqam\u0259tind\u0259 g\u00f6r\u00fcl\u0259n i\u015fl\u0259r\u0259 sanball\u0131 t\u00f6hf\u0259l\u0259r verir.<\/p>\n\n\n\n<p>Mehriban xan\u0131m ictimai-siyasi h\u0259yatda, d\u00f6nm\u0259z xarakter alan islahatlar prosesind\u0259 f\u0259al i\u015ftirak\u0131, milli m\u0259d\u0259niyy\u0259timizin d\u00fcnyada tan\u0131d\u0131lmas\u0131 istiqam\u0259tind\u0259 yorulmaz f\u0259aliyy\u0259ti, v\u0259t\u0259np\u0259rv\u0259rliyi v\u0259 xeyirxahl\u0131\u011f\u0131 il\u0259 milyonlar\u0131n sevimlisin\u0259 \u00e7evrilib. Haql\u0131 olaraq onu Az\u0259rbaycan humanizminin simvolu adland\u0131r\u0131rlar. \u015e\u0259hid ail\u0259l\u0259rin\u0259, qazil\u0259r\u0259 x\u00fcsusi diqq\u0259t, valideyn himay\u0259sind\u0259n m\u0259hrum olmu\u015f u\u015faqlara g\u00f6st\u0259rdiyi anal\u0131q qay\u011f\u0131s\u0131 bunun bariz n\u00fcmun\u0259l\u0259ridir. V\u0259t\u0259n m\u00fcharib\u0259si zaman\u0131 ordumuza verdiyi m\u0259n\u0259vi d\u0259st\u0259k, milli h\u0259mr\u0259yliy\u0259 xidm\u0259t ed\u0259n \u00e7a\u011f\u0131r\u0131\u015flar\u0131 daim minn\u0259tdarl\u0131q duy\u011fular\u0131 il\u0259 xat\u0131rlan\u0131r. Xalq\u0131m\u0131z\u0131n sosial rifah\u0131na hesablanan bir \u00e7ox layih\u0259l\u0259rin m\u00fc\u0259llifi olan Mehriban \u018fliyeva birinci xan\u0131m ad\u0131n\u0131 \u015f\u0259r\u0259fl\u0259 da\u015f\u0131y\u0131r, d\u00fcnyaya m\u00fcasir Az\u0259rbaycan qad\u0131n\u0131n\u0131n q\u00fcrur do\u011furan obraz\u0131n\u0131 t\u0259qdim edir.<\/p>\n\n\n\n<p><a href=\"https:\/\/azertag.az\/\" target=\"_blank\" rel=\"noreferrer noopener\">AZ\u018fRTAC<\/a>&nbsp;Az\u0259rbaycan Respublikas\u0131n\u0131n Birinci vitse-prezidenti, Heyd\u0259r \u018fliyev Fondunun prezidenti Mehriban \u018fliyevan\u0131n ictimai-siyasi f\u0259aliyy\u0259tinin \u0259sas m\u0259qamlar\u0131na n\u0259z\u0259r sal\u0131r.<\/p>\n\n\n\n<figure class=\"wp-block-image\"><img decoding=\"async\" src=\"https:\/\/azertag.az\/store\/manual\/2024_08_26_66cbf97e5d7e7.jpg\" alt=\"\"\/><\/figure>\n\n\n\n<p>Az\u0259rbaycan xalq\u0131n\u0131n b\u00f6y\u00fck sevgisini qazanm\u0131\u015f Mehriban xan\u0131m M\u00fcz\u0259ff\u0259r Ali Ba\u015f Komandan \u0130lham \u018fliyevin \u0259n yax\u0131n silahda\u015f\u0131 kimi bu g\u00fcn onunla \u00e7iyin-\u00e7iyin\u0259 Qaraba\u011f\u0131n, \u015e\u0259rqi Z\u0259ng\u0259zurun dir\u00e7\u0259ldilm\u0259sind\u0259 \u00f6nc\u00fcll\u00fck edir. Onun V\u0259t\u0259n v\u0259 xalq qar\u015f\u0131s\u0131nda daha bir \u00f6n\u0259mli xidm\u0259ti Ulu \u00d6nd\u0259rin ideyalar\u0131n\u0131n h\u0259yata ke\u00e7irilm\u0259si sah\u0259sind\u0259 g\u00f6st\u0259rdiyi arams\u0131z s\u0259yl\u0259r v\u0259 \u00e7oxsayl\u0131 layih\u0259l\u0259rdir. S\u0259rh\u0259d tan\u0131mayan xeyirxahl\u0131\u011f\u0131, n\u0259cibliyi birinci xan\u0131m Mehriban \u018fliyevaya t\u0259kc\u0259 Az\u0259rbaycanda deyil, yax\u0131n v\u0259 uzaq xaricd\u0259 t\u00fck\u0259nm\u0259z m\u0259h\u0259bb\u0259t qazand\u0131r\u0131b. O, h\u0259m\u00e7inin Az\u0259rbaycanda t\u0259hsilin, m\u0259d\u0259niyy\u0259tin, s\u0259hiyy\u0259nin inki\u015faf\u0131, milli maraqlar\u0131n beyn\u0259lxalq al\u0259md\u0259 m\u00fcdafi\u0259si, o c\u00fcml\u0259d\u0259n sivilizasiyalararas\u0131 v\u0259 m\u0259d\u0259niyy\u0259tl\u0259raras\u0131 dialoqun t\u0259\u015fviqi istiqam\u0259tind\u0259 yorulmadan \u00e7al\u0131\u015f\u0131r.<\/p>\n\n\n\n<figure class=\"wp-block-image\"><img decoding=\"async\" src=\"https:\/\/azertag.az\/store\/manual\/2024_08_26_66cbf9ac8e57c.jpg\" alt=\"\"\/><\/figure>\n\n\n\n<p>Birinci xan\u0131m Mehriban \u018fliyevan\u0131n r\u0259hb\u0259rliyi il\u0259 2004-c\u00fc ild\u0259n f\u0259aliyy\u0259t\u0259 ba\u015flayan Heyd\u0259r \u018fliyev Fondu \u00dcmummilli Liderin ideyalar\u0131n\u0131n realla\u015fd\u0131r\u0131lmas\u0131nda, bu dahi insan\u0131n z\u0259ngin d\u00f6vl\u0259t\u00e7ilik irsinin b\u00fct\u00fcn d\u00fcnyada tan\u0131d\u0131lmas\u0131 istiqam\u0259tind\u0259 \u0259v\u0259zsiz xidm\u0259tl\u0259r g\u00f6st\u0259rir. Xalq\u0131m\u0131z\u0131n xeyriyy\u0259\u00e7ilik \u0259n\u0259n\u0259l\u0259rinin dir\u00e7\u0259ldil\u0259r\u0259k daha geni\u015f miqyas almas\u0131 bilavasit\u0259 Heyd\u0259r \u018fliyev Fondunun prezidentinin g\u00f6st\u0259rdiyi \u015f\u0259xsi n\u00fcmun\u0259 n\u0259tic\u0259sind\u0259 m\u00fcmk\u00fcn olub. Fond Az\u0259rbaycan Respublikas\u0131n\u0131n beyn\u0259lxalq n\u00fcfuzunun art\u0131r\u0131lmas\u0131 istiqam\u0259tind\u0259 d\u0259 f\u0259al i\u015ftirak edib v\u0259 edir.<\/p>\n\n\n\n<figure class=\"wp-block-image\"><img decoding=\"async\" src=\"https:\/\/azertag.az\/store\/manual\/2024_08_26_66cbf9c7bfb52.jpg\" alt=\"\"\/><\/figure>\n\n\n\n<p>Mehriban xan\u0131m, h\u0259m\u00e7inin beyn\u0259lxalq s\u00fclh, t\u0259hl\u00fck\u0259sizlik, m\u0259d\u0259niyy\u0259tl\u0259raras\u0131 v\u0259 dinl\u0259raras\u0131 dialoq m\u00fchitinin formala\u015fmas\u0131 v\u0259 m\u00f6hk\u0259ml\u0259nm\u0259si, tarixi m\u0259d\u0259ni irsin qorunmas\u0131 kimi olduqca vacib m\u0259s\u0259l\u0259l\u0259rin h\u0259llin\u0259 b\u00f6y\u00fck t\u00f6hf\u0259l\u0259r verir. Art\u0131q 20 ildir ki, Az\u0259rbaycan tarixini v\u0259 m\u0259d\u0259ni irsini, \u00f6lk\u0259mizl\u0259 ba\u011fl\u0131 h\u0259qiq\u0259tl\u0259ri d\u00fcnya ictimaiyy\u0259tin\u0259 \u00e7atd\u0131rmaq \u00fc\u00e7\u00fcn yorulmadan f\u0259aliyy\u0259t g\u00f6st\u0259rir. Onun s\u0259yl\u0259rinin n\u0259tic\u0259si olaraq \u0130\u00e7\u0259ri\u015f\u0259h\u0259r, o c\u00fcml\u0259d\u0259n \u015eirvan\u015fahlar Saray\u0131 v\u0259 Q\u0131z qalas\u0131, Qobustan qaya\u00fcst\u00fc r\u0259sml\u0259ri, Xan Saray\u0131 il\u0259 birg\u0259 \u015e\u0259kinin tarixi m\u0259rk\u0259zi, \u201cX\u0131nal\u0131q v\u0259 K\u00f6\u00e7 yolu m\u0259d\u0259ni land\u015faft\u0131\u201d, eyni zamanda, Hirkan me\u015f\u0259l\u0259ri UNESCO-nun \u00dcmumd\u00fcnya \u0130rs Siyah\u0131s\u0131na daxil edilib. H\u0259m\u00e7inin mu\u011fam v\u0259 a\u015f\u0131q s\u0259n\u0259timiz, \u201cKaman\u00e7a simli musiqi al\u0259tinin haz\u0131rlanmas\u0131 v\u0259 ifa\u00e7\u0131l\u0131q s\u0259n\u0259ti\u201d, \u201cD\u0259d\u0259 Qorqud irsi\u201d, Az\u0259rbaycan k\u0259la\u011fay\u0131 s\u0259n\u0259ti Qeyri-Maddi M\u0259d\u0259ni \u0130rs \u00fczr\u0259 Reprezentativ Siyah\u0131ya sal\u0131n\u0131b. Eyni zamanda, Az\u0259rbaycan 2019-cu ilin iyulunda UNESCO-nun \u00dcmumd\u00fcnya \u0130rs Komit\u0259sinin 43-c\u00fc sessiyas\u0131na u\u011furla ev sahibliyi edib.<\/p>\n\n\n\n<p>2017-ci il fevral\u0131n 21-d\u0259 Mehriban \u018fliyevan\u0131n Birinci vitse-prezident v\u0259zif\u0259sin\u0259 t\u0259yin edilm\u0259si onun Az\u0259rbaycan d\u00f6vl\u0259t\u00e7iliyinin inki\u015faf\u0131 v\u0259 m\u00f6hk\u0259ml\u0259ndirilm\u0259si namin\u0259 z\u0259ngin v\u0259 f\u0259dakar f\u0259aliyy\u0259tinin, habel\u0259 y\u00fcks\u0259k t\u0259\u015fkilat\u00e7\u0131l\u0131q qabiliyy\u0259tinin m\u0259ntiqi n\u0259tic\u0259si kimi qiym\u0259tl\u0259ndirilir. Mehriban xan\u0131m\u0131n o vaxt dediyi s\u00f6zl\u0259r yada d\u00fc\u015f\u00fcr: \u201c\u00dcz\u0259rim\u0259 d\u00fc\u015f\u0259n m\u0259suliyy\u0259t olduqca b\u00f6y\u00fckd\u00fcr. M\u0259n Prezidentin etimad\u0131n\u0131 do\u011frultmal\u0131yam v\u0259 \u0259n ba\u015fl\u0131cas\u0131 is\u0259 inam\u0131, \u00fcmidi olan insanlar\u0131n etimad\u0131n\u0131 do\u011frultmal\u0131yam\u201d.<\/p>\n\n\n\n<figure class=\"wp-block-image\"><img decoding=\"async\" src=\"https:\/\/azertag.az\/store\/manual\/2024_08_26_66cbf9efb3368.jpg\" alt=\"\"\/><\/figure>\n\n\n\n<p>Az\u0259rbaycan\u0131n iqtisadi inki\u015faf\u0131 v\u0259 xalq\u0131m\u0131z\u0131n rifah\u0131 namin\u0259 milli m\u0259qs\u0259dl\u0259r\u0259 nail olmaqla ba\u011fl\u0131 \u00fcz\u0259rin\u0259 n\u0259cib missiya v\u0259 \u00f6hd\u0259likl\u0259r g\u00f6t\u00fcr\u0259n Birinci vitse-prezident Mehriban \u018fliyeva \u00f6t\u0259n m\u00fcdd\u0259t \u0259rzind\u0259 bu y\u00fcks\u0259k v\u0259 m\u0259sul v\u0259zif\u0259d\u0259 g\u00f6rd\u00fcy\u00fc i\u015fl\u0259rl\u0259 d\u00f6vl\u0259timizin ba\u015f\u00e7\u0131s\u0131n\u0131n v\u0259 xalq\u0131m\u0131z\u0131n etimad\u0131n\u0131 layiqinc\u0259 do\u011fruldur. G\u00fcnd\u0259lik f\u0259aliyy\u0259tind\u0259 insansev\u0259rlik, m\u0259rh\u0259m\u0259t, qar\u015f\u0131l\u0131ql\u0131 h\u00f6rm\u0259t, mehribanl\u0131q meyarlar\u0131n\u0131 \u0259sas g\u00f6t\u00fcr\u00fcr, f\u0259aliyy\u0259tini m\u0259hz bu prinsipl\u0259r \u00fcz\u0259rind\u0259 qurur, milli-m\u0259n\u0259vi d\u0259y\u0259rl\u0259ri daim uca tutur. Onun \u00f6m\u00fcr yolu, s\u00f6z\u00fcn \u0259sl m\u0259nas\u0131nda, V\u0259t\u0259n\u0259 v\u0259 xalqa xidm\u0259t n\u00fcmun\u0259sidir.<\/p>\n\n\n\n<p>Mehriban \u018fliyevan\u0131n f\u0259aliyy\u0259tind\u0259 \u0259halinin h\u0259ssas t\u0259b\u0259q\u0259l\u0259rinin, o c\u00fcml\u0259d\u0259n m\u0259cburi k\u00f6\u00e7k\u00fcnl\u0259rin, \u015f\u0259hid ail\u0259l\u0259rinin, qazil\u0259rin probleml\u0259rinin h\u0259lli x\u00fcsusi yer tutur. T\u0259sad\u00fcfi deyil ki, yeni y\u00fcks\u0259k v\u0259zif\u0259d\u0259 ke\u00e7irdiyi ilk m\u00fc\u015favir\u0259ni qa\u00e7q\u0131n v\u0259 m\u0259cburi k\u00f6\u00e7k\u00fcn ail\u0259l\u0259rinin h\u0259yat \u015f\u0259raitinin yax\u015f\u0131la\u015fd\u0131r\u0131lmas\u0131na h\u0259sr etmi\u015fdi. H\u0259min m\u00fc\u015favir\u0259d\u0259n d\u0259rhal sonra m\u00fcvafiq t\u0259dbirl\u0259r plan\u0131 haz\u0131rland\u0131 v\u0259 real i\u015fl\u0259r ba\u015fland\u0131. Q\u0131sa m\u00fcdd\u0259td\u0259 y\u00fcz minl\u0259rl\u0259 qa\u00e7q\u0131n v\u0259 m\u0259cburi k\u00f6\u00e7k\u00fcn\u00fcn m\u0259nzil-m\u0259i\u015f\u0259t \u015f\u0259raiti yax\u015f\u0131la\u015fd\u0131r\u0131ld\u0131.<\/p>\n\n\n\n<figure class=\"wp-block-image\"><img decoding=\"async\" src=\"https:\/\/azertag.az\/store\/manual\/2024_08_26_66cbfa27c6a56.jpg\" alt=\"\"\/><\/figure>\n\n\n\n<p>Heyd\u0259r \u018fliyev Fondu V\u0259t\u0259n m\u00fcharib\u0259si zaman\u0131 \u015f\u0259hid olan h\u0259rb\u00e7il\u0259rin ail\u0259l\u0259rini v\u0259 qazil\u0259rimizi d\u0259 daim diqq\u0259td\u0259 saxlay\u0131r, onlar\u0131n qay\u011f\u0131s\u0131na qal\u0131r. Fond bu kateqoriyadan olan insanlar\u0131n qay\u011f\u0131lar\u0131 il\u0259 yax\u0131ndan maraqlan\u0131r, onlar\u0131 narahat ed\u0259n m\u0259s\u0259l\u0259l\u0259rin h\u0259lli istiqam\u0259tind\u0259 m\u00fct\u0259madi t\u0259dbirl\u0259r h\u0259yata ke\u00e7irir. D\u00f6y\u00fc\u015fl\u0259rd\u0259 yaralanan h\u0259rb\u00e7il\u0259rimiz m\u00fcalic\u0259 v\u0259 reabilitasiya \u00fc\u00e7\u00fcn T\u00fcrkiy\u0259y\u0259 g\u00f6nd\u0259rilib, h\u0259m\u00e7inin sa\u011flaml\u0131qlar\u0131n\u0131 itirmi\u015f bir qrup \u0259sg\u0259r v\u0259 zabit y\u00fcks\u0259k texnologiyal\u0131 protezl\u0259rl\u0259 t\u0259min edilib.<\/p>\n\n\n\n<p>Torpaqlar\u0131m\u0131z\u0131n azad olunmas\u0131 u\u011frunda m\u00fcbariz\u0259y\u0259 siyasi-m\u0259n\u0259vi d\u0259st\u0259k, xalq\u0131m\u0131z\u0131 milli h\u0259mr\u0259yliy\u0259 s\u0259sl\u0259y\u0259n, \u015fanl\u0131 Ordumuzu Q\u0259l\u0259b\u0259y\u0259 ruhland\u0131ran m\u00fcraci\u0259t v\u0259 \u00e7a\u011f\u0131r\u0131\u015flar, m\u00fchar\u0131b\u0259d\u0259n sonra is\u0259 d\u00f6vl\u0259timizin ba\u015f\u00e7\u0131s\u0131 il\u0259 birlikd\u0259 Qaraba\u011fa \u00e7oxsayl\u0131 s\u0259f\u0259rl\u0259r, \u015eu\u015fada m\u00f6ht\u0259\u015f\u0259m \u201cXar\u0131b\u00fclb\u00fcl\u201d Musiqi Festival\u0131n\u0131n t\u0259\u015fkili birinci xan\u0131m\u0131n xidm\u0259tl\u0259ri s\u0131ras\u0131nda x\u00fcsusi yer tutur. Eyni zamanda, Mehriban xan\u0131m\u0131n t\u0259\u015f\u0259bb\u00fcs\u00fc olan \u201cU\u015faq evl\u0259ri v\u0259 internat m\u0259kt\u0259bl\u0259rinin inki\u015faf\u0131\u201d, \u201cYenil\u0259\u015f\u0259n Az\u0259rbaycana yeni m\u0259kt\u0259b\u201d, \u201cT\u0259hsil\u0259 d\u0259st\u0259k\u201d, \u201cM\u0259kt\u0259b\u0259q\u0259d\u0259r t\u0259hsil m\u00fc\u0259ssis\u0259l\u0259rinin inki\u015faf\u0131\u201d v\u0259 dig\u0259r proqramlar t\u0259hsilin inki\u015faf\u0131nda m\u00fch\u00fcm rol oynay\u0131r. 2005-ci ild\u0259n icras\u0131na ba\u015flan\u0131lan \u201cYenil\u0259\u015f\u0259n Az\u0259rbaycana yeni m\u0259kt\u0259b\u201d proqram\u0131 \u00e7\u0259r\u00e7iv\u0259sind\u0259 100 mind\u0259n \u00e7ox \u015fagirdin t\u0259hsil ald\u0131\u011f\u0131 500-d\u0259n \u00e7ox m\u0259kt\u0259b binas\u0131 in\u015fa olunub v\u0259 yenid\u0259n qurulub. \u201cU\u015faq evl\u0259ri v\u0259 internat m\u0259kt\u0259bl\u0259rinin inki\u015faf\u0131\u201d proqram\u0131 \u00e7\u0259r\u00e7iv\u0259sind\u0259 is\u0259 40-dan \u00e7ox u\u015faq m\u00fc\u0259ssis\u0259si \u0259sasl\u0131 t\u0259mir edilib.<\/p>\n\n\n\n<figure class=\"wp-block-image\"><img decoding=\"async\" src=\"https:\/\/azertag.az\/store\/manual\/2024_08_26_66cbfa58d30fc.jpg\" alt=\"\"\/><\/figure>\n\n\n\n<p>\u018fhalinin sa\u011flaml\u0131\u011f\u0131 m\u0259s\u0259l\u0259si d\u0259 Mehriban \u018fliyevan\u0131n daim x\u00fcsusi diqq\u0259t g\u00f6st\u0259rdiyi sah\u0259l\u0259rd\u0259ndir. Onun t\u0259\u015f\u0259bb\u00fcs\u00fc il\u0259 realla\u015fd\u0131r\u0131lan \u201cDiabetli u\u015faqlara \u0259n y\u00fcks\u0259k qay\u011f\u0131\u201d, \u201cTalassemiyas\u0131z h\u0259yat namin\u0259\u201d, \u201cTibb m\u00fc\u0259ssis\u0259l\u0259rinin yenid\u0259n qurulmas\u0131 v\u0259 in\u015fas\u0131\u201d kimi b\u0259nz\u0259rsiz layih\u0259l\u0259r, bir \u00e7ox xeyriyy\u0259 aksiyalar\u0131 b\u00f6y\u00fck r\u0259\u011fb\u0259tl\u0259 qar\u015f\u0131lan\u0131r, \u00f6z m\u00fcsb\u0259t n\u0259tic\u0259l\u0259rini verir. Bu \u00e7\u0259r\u00e7iv\u0259d\u0259 Bak\u0131da m\u00fcasir Talassemiya M\u0259rk\u0259zi, Daun Sindromlu \u015e\u0259xsl\u0259rin Reabilitasiya M\u0259rk\u0259zi, X\u00fcsusi qay\u011f\u0131ya ehtiyac\u0131 olan u\u015faqlar \u00fc\u00e7\u00fcn reabilitasiya M\u0259rk\u0259zi, Psixonevroloji U\u015faq M\u0259rk\u0259zi v\u0259 dig\u0259r s\u0259hiyy\u0259 ocaqlar\u0131 in\u015fa olunub v\u0259 ya \u0259sasl\u0131 \u015f\u0259kild\u0259 yenid\u0259n qurulub.<\/p>\n\n\n\n<p>Az\u0259rbaycan\u0131n birinci xan\u0131m\u0131n\u0131n tap\u015f\u0131r\u0131\u011f\u0131na \u0259sas\u0259n azt\u0259minatl\u0131 ail\u0259l\u0259ri v\u0259 x\u00fcsusi qay\u011f\u0131ya ehtiyac\u0131 olan \u015f\u0259xsl\u0259ri daim diqq\u0259td\u0259 saxlayan Heyd\u0259r \u018fliyev Fondu bu istiqam\u0259td\u0259 d\u0259 m\u00fct\u0259madi olaraq m\u00fcxt\u0259lif layih\u0259l\u0259r h\u0259yata ke\u00e7irir. Mehriban xan\u0131m \u018fliyeva \u00f6z\u00fcn\u00fcn xeyriyy\u0259\u00e7ilik f\u0259aliyy\u0259ti il\u0259 g\u0259l\u0259c\u0259k n\u0259sill\u0259r\u0259 n\u0259cib bir yolun \u0259sas konturlar\u0131n\u0131 g\u00f6st\u0259rir. Art\u0131q ictimai h\u0259yat\u0131m\u0131zda x\u00fcsusi yer tutan xeyriyy\u0259\u00e7ilik institutu m\u00fcasir d\u00f6vr\u00fcn reall\u0131qlar\u0131 v\u0259 t\u0259l\u0259bl\u0259rin\u0259 uy\u011fun olaraq inki\u015faf etm\u0259kd\u0259 v\u0259 geni\u015fl\u0259nm\u0259kd\u0259dir.<\/p>\n\n\n\n<figure class=\"wp-block-image\"><img decoding=\"async\" src=\"https:\/\/azertag.az\/store\/manual\/2024_08_26_66cbfa999ac21.jpg\" alt=\"\"\/><\/figure>\n\n\n\n<p>Az\u0259rbaycan h\u0259qiq\u0259tl\u0259rinin, m\u0259d\u0259niyy\u0259timizin, d\u00f6vl\u0259t\u00e7ilik \u0259n\u0259n\u0259l\u0259rimizin, tariximizin d\u00fcnyada t\u0259bli\u011fi sah\u0259sind\u0259 Mehriban xan\u0131m\u0131n t\u0259\u015f\u0259bb\u00fcs\u00fc il\u0259 m\u0259qs\u0259dy\u00f6nl\u00fc i\u015f apar\u0131l\u0131r. 2020-ci ilin sentyabr\u0131nda ba\u015flayan V\u0259t\u0259n m\u00fcharib\u0259sinin gedi\u015find\u0259 Az\u0259rbaycan\u0131n haql\u0131 m\u00f6vqeyinin n\u00fcmayi\u015fi, beyn\u0259lxalq h\u00fcququn norma v\u0259 prinsipl\u0259rini kobud \u015f\u0259kild\u0259 pozan d\u00fc\u015fm\u0259nin dinc sakinl\u0259ri h\u0259d\u0259f alan h\u00fccumlar\u0131n\u0131n beyn\u0259lxalq ictimaiyy\u0259t\u0259 \u00e7atd\u0131r\u0131lmas\u0131 istiqam\u0259tind\u0259 \u0259m\u0259li add\u0131mlar at\u0131l\u0131b. M\u00f6t\u0259b\u0259r beyn\u0259lxalq qurumlarda, d\u00fcnyan\u0131n m\u00fcxt\u0259lif \u00f6lk\u0259l\u0259rind\u0259 s\u0259rgil\u0259r, m\u0259d\u0259niyy\u0259t gec\u0259l\u0259ri v\u0259 dig\u0259r t\u0259dbirl\u0259r t\u0259\u015fkil olunub. Avropa Parlamentinin m\u0259nzil-iqam\u0259tgah\u0131nda, Afinada, Kannda Az\u0259rbaycan m\u0259d\u0259niyy\u0259ti g\u00fcnl\u0259ri ke\u00e7irilib, Parisd\u0259 Az\u0259rbaycan M\u0259d\u0259niyy\u0259t M\u0259rk\u0259zi a\u00e7\u0131l\u0131b, d\u00fcnyan\u0131n m\u00fcxt\u0259lif \u015f\u0259h\u0259rl\u0259rind\u0259 g\u00f6rk\u0259mli \u015f\u0259xsiyy\u0259tl\u0259rimizin abid\u0259l\u0259ri ucald\u0131l\u0131b.<\/p>\n\n\n\n<p>Az\u0259rbaycan\u0131n b\u00f6y\u00fck u\u011furla ev sahibliyi etdiyi \u201cEurovision\u201d beyn\u0259lxalq mahn\u0131 m\u00fcsabiq\u0259si, Formula 1, Birinci Avropa Oyunlar\u0131, IV \u0130slam H\u0259mr\u0259yliyi Oyunlar\u0131 Mehriban \u018fliyevan\u0131n y\u00fcks\u0259k t\u0259\u015fkilat\u00e7\u0131l\u0131q bacar\u0131\u011f\u0131na malik oldu\u011funu \u00fcz\u0259 \u00e7\u0131xard\u0131. Respublikam\u0131zda bu m\u00f6t\u0259b\u0259r beyn\u0259lxalq t\u0259dbirl\u0259rin m\u00f6ht\u0259\u015f\u0259m t\u0259\u015fkili h\u0259tta inki\u015faf etmi\u015f \u00f6lk\u0259l\u0259ri heyran qoydu. T\u0259sad\u00fcfi deyil ki, Mehriban xan\u0131m idman al\u0259mind\u0259 v\u0259 \u201c\u018fdal\u0259tli oyunlar\u201d\u0131n t\u0259bli\u011find\u0259 n\u00fcmun\u0259vi nailiyy\u0259tl\u0259rin\u0259 g\u00f6r\u0259 Beyn\u0259lxalq \u018fdal\u0259tli Oyunlar Komit\u0259sinin \u201cX\u00fcsusi xidm\u0259tl\u0259r\u0259 g\u00f6r\u0259\u201d medal\u0131na layiq g\u00f6r\u00fcl\u00fcb.<\/p>\n\n\n\n<figure class=\"wp-block-image\"><img decoding=\"async\" src=\"https:\/\/azertag.az\/store\/manual\/2024_08_26_66cbfade33747.jpg\" alt=\"\"\/><\/figure>\n\n\n\n<p>Birinci xan\u0131m\u0131n \u00e7ox\u015fax\u0259li f\u0259aliyy\u0259ti t\u0259kc\u0259 Az\u0259rbaycanla m\u0259hdudla\u015fm\u0131r, \u00f6lk\u0259mizin h\u00fcdudlar\u0131n\u0131 a\u015faraq yax\u0131n v\u0259 uzaq xaricd\u0259 geni\u015f \u0259ks-s\u0259da do\u011furur. Onun t\u0259\u015f\u0259bb\u00fcs\u00fc il\u0259 Heyd\u0259r \u018fliyev Fondu Vatikanda, Fransa, Pakistan, Bosniya v\u0259 Herseqovina, Misir, Hindistan v\u0259 dig\u0259r \u00f6lk\u0259l\u0259rd\u0259 bir s\u0131ra \u00f6n\u0259mli layih\u0259l\u0259r icra edib.<\/p>\n\n\n\n<p>Mehriban \u018fliyevan\u0131n xo\u015fm\u0259raml\u0131 f\u0259aliyy\u0259ti h\u0259m Az\u0259rbaycanda, h\u0259m d\u0259 beyn\u0259lxalq miqyasda y\u00fcks\u0259k qiym\u0259tl\u0259ndirilir. Az\u0259rbaycan\u0131n \u0259n ali d\u00f6vl\u0259t m\u00fckafat\u0131 olan \u201cHeyd\u0259r \u018fliyev\u201d ordeni, el\u0259c\u0259 d\u0259 \u201cQ\u0131z\u0131l \u00fcr\u0259k\u201d beyn\u0259lxalq m\u00fckafat\u0131, Avropa Olimpiya Komit\u0259l\u0259rinin Ali ordeni, Fransan\u0131n \u201c\u015e\u0259r\u0259f Legionu\u201d ordeni, \u0130taliyan\u0131n \u201cXidm\u0259tl\u0259r\u0259 g\u00f6r\u0259\u201d B\u00f6y\u00fck Xa\u00e7 Kavaleri ordeni, Pol\u015fan\u0131n \u201cB\u00f6y\u00fck Komandor Xa\u00e7\u0131\u201d ordeni, Rusiyan\u0131n \u201cDostluq\u201d ordeni, UNESCO-nun \u201cQ\u0131z\u0131l Motsart\u201d medal\u0131&#8230; Bu, Az\u0259rbaycan\u0131n Birinci vitse-prezidentinin layiq g\u00f6r\u00fcld\u00fcy\u00fc m\u00fckafatlar\u0131n he\u00e7 d\u0259 tam siyah\u0131s\u0131 deyil. Mehriban \u018fliyeva hesab edir ki, \u0259n b\u00f6y\u00fck m\u00fckafat\u0131 xalq\u0131n ona olan sevgisi, inam\u0131 v\u0259 etimad\u0131d\u0131r. Onun dediyi kimi, \u201cill\u0259r \u00f6td\u00fckc\u0259, qar\u015f\u0131m\u0131za yeni ideya v\u0259 planlar \u00e7\u0131xd\u0131qca, m\u0259qs\u0259dl\u0259rimiz xarakterc\u0259 d\u0259yi\u015fir, amma \u0259sas amal\u0131m\u0131z &#8211; Az\u0259rbaycan xalq\u0131na xidm\u0259t etm\u0259k amal\u0131 d\u0259yi\u015fm\u0259z olaraq qal\u0131r v\u0259 qalacaqd\u0131r\u201d.<\/p>\n\n\n\n<p>Mehriban xan\u0131m xalq\u0131n sevgisi, etimad\u0131 il\u0259 \u00f6z \u00f6m\u00fcr kitab\u0131n\u0131 yazmaqda davam edir, onu ild\u0259n-il\u0259 yeni parlaq v\u0259 m\u0259nal\u0131 s\u0259hif\u0259l\u0259rl\u0259 z\u0259nginl\u0259\u015fdirir.<\/p>\n\n\n\n<figure class=\"wp-block-image\"><img decoding=\"async\" src=\"https:\/\/azertag.az\/store\/manual\/2024_08_26_66cbfb0721711.jpg\" alt=\"\"\/><\/figure>\n\n\n\n<p><strong>M\u0259nb\u0259: <a href=\"https:\/\/azertag.az\/\">https:\/\/azertag.az\/<\/a><\/strong><\/p>\n","protected":false},"excerpt":{"rendered":"<p>Bu g\u00fcn do\u011fum g\u00fcn\u00fcn\u00fc qeyd ed\u0259n Mehriban xan\u0131m\u0131n \u00f6m\u00fcr yolu V\u0259t\u0259n\u0259 v\u0259 xalqa xidm\u0259t n\u00fcmun\u0259sidir V\u0259t\u0259n v\u0259 xalq namin\u0259 f\u0259dakarl\u0131q, m\u00fcasir Az\u0259rbaycan\u0131n inki\u015faf\u0131nda, sosial m\u0259s\u0259l\u0259l\u0259rin h\u0259llind\u0259 f\u0259all\u0131q, milli-m\u0259n\u0259vi d\u0259y\u0259rl\u0259r\u0259 sadiqlik, s\u0259rh\u0259d tan\u0131mayan xeyirxahl\u0131q, m\u0259rh\u0259m\u0259t v\u0259 \u015f\u0259fq\u0259t Az\u0259rbaycan\u0131n birinci xan\u0131m\u0131, Birinci vitse-prezident, Heyd\u0259r \u018fliyev Fondunun prezidenti Mehriban \u018fliyevan\u0131n h\u0259yat f\u0259ls\u0259f\u0259sinin \u0259sas qay\u0259sini t\u0259\u015fkil edir. Prezident \u0130lham [&hellip;]<\/p>\n","protected":false},"author":2,"featured_media":0,"comment_status":"open","ping_status":"open","sticky":false,"template":"","format":"standard","meta":{"footnotes":""},"categories":[49],"tags":[],"class_list":["post-48807","post","type-post","status-publish","format-standard","hentry","category-medeniyyat"],"_links":{"self":[{"href":"https:\/\/edebiyyat-az.com\/index.php?rest_route=\/wp\/v2\/posts\/48807","targetHints":{"allow":["GET"]}}],"collection":[{"href":"https:\/\/edebiyyat-az.com\/index.php?rest_route=\/wp\/v2\/posts"}],"about":[{"href":"https:\/\/edebiyyat-az.com\/index.php?rest_route=\/wp\/v2\/types\/post"}],"author":[{"embeddable":true,"href":"https:\/\/edebiyyat-az.com\/index.php?rest_route=\/wp\/v2\/users\/2"}],"replies":[{"embeddable":true,"href":"https:\/\/edebiyyat-az.com\/index.php?rest_route=%2Fwp%2Fv2%2Fcomments&post=48807"}],"version-history":[{"count":3,"href":"https:\/\/edebiyyat-az.com\/index.php?rest_route=\/wp\/v2\/posts\/48807\/revisions"}],"predecessor-version":[{"id":48819,"href":"https:\/\/edebiyyat-az.com\/index.php?rest_route=\/wp\/v2\/posts\/48807\/revisions\/48819"}],"wp:attachment":[{"href":"https:\/\/edebiyyat-az.com\/index.php?rest_route=%2Fwp%2Fv2%2Fmedia&parent=48807"}],"wp:term":[{"taxonomy":"category","embeddable":true,"href":"https:\/\/edebiyyat-az.com\/index.php?rest_route=%2Fwp%2Fv2%2Fcategories&post=48807"},{"taxonomy":"post_tag","embeddable":true,"href":"https:\/\/edebiyyat-az.com\/index.php?rest_route=%2Fwp%2Fv2%2Ftags&post=48807"}],"curies":[{"name":"wp","href":"https:\/\/api.w.org\/{rel}","templated":true}]}}