{"id":48917,"date":"2024-09-17T09:00:00","date_gmt":"2024-09-17T05:00:00","guid":{"rendered":"https:\/\/edebiyyat-az.com\/?p=48917"},"modified":"2024-09-18T17:55:21","modified_gmt":"2024-09-18T13:55:21","slug":"struma-s%c9%99hn%c9%99l%c9%99ri-festivalinda-az%c9%99rbaycan-usaqlarinin-r%c9%99sml%c9%99ri-numayis-olunub","status":"publish","type":"post","link":"https:\/\/edebiyyat-az.com\/?p=48917","title":{"rendered":"\u201cStruma s\u0259hn\u0259l\u0259ri\u201d festival\u0131nda Az\u0259rbaycan u\u015faqlar\u0131n\u0131n r\u0259sml\u0259ri n\u00fcmayi\u015f olunub"},"content":{"rendered":"\n<ul class=\"wp-block-list\">\n<li><\/li>\n<\/ul>\n\n\n\n<figure class=\"wp-block-image size-large\"><img decoding=\"async\" src=\"https:\/\/azertag.az\/files\/galleryphoto\/2024\/3\/1200x630\/1726585158657452557_1200x630.jpg\" alt=\"\"\/><\/figure>\n\n\n\n<p>Bolqar\u0131stan\u0131n Yunan\u0131stan\u0131n Saloniki \u015f\u0259h\u0259rind\u0259ki Ba\u015f Konsullu\u011funun himay\u0259si, Bak\u0131 Slavyan Universitetinin M\u00fcq\u0259dd\u0259s Kliment Oxridski ad\u0131na Sofiya Universitetinin n\u0259zdind\u0259 f\u0259aliyy\u0259t g\u00f6st\u0259r\u0259n Az\u0259rbaycan Dili v\u0259 M\u0259d\u0259niyy\u0259ti M\u0259rk\u0259zinin t\u0259r\u0259fda\u015fl\u0131\u011f\u0131 v\u0259 K\u00fcstendil meriyas\u0131, \u201cPresto\u201d musiqi evi v\u0259 \u201cBratstvo 1869\u201d icma m\u0259rk\u0259zinin t\u0259\u015fkilat\u00e7\u0131l\u0131\u011f\u0131 il\u0259 IV \u201cStruma s\u0259hn\u0259l\u0259ri\u201d beyn\u0259lxalq festivali ke\u00e7irilir. Builki festivalda Az\u0259rbaycan, Almaniya, Yaponiya, Bolqar\u0131stan, Yunan\u0131stan, Kamboca, \u0130sve\u00e7r\u0259, \u00c7in v\u0259 dig\u0259r \u00f6lk\u0259l\u0259rin n\u00fcmay\u0259nd\u0259l\u0259ri konsert, teatr v\u0259 b\u0259dii emalatxanalar\u0131n\u0131, s\u0259rgil\u0259rini t\u0259qdim edibl\u0259r. Az\u0259rbaycan Dili v\u0259 M\u0259d\u0259niyy\u0259ti M\u0259rk\u0259zi festivalda \u201cQ\u0131z\u0131lg\u00fcl \u2013 Az\u0259rbaycan-bolqar dostlu\u011funun r\u0259mzi\u201d m\u00f6vzusunda r\u0259sm s\u0259rgisini n\u00fcmayi\u015f etdirib.<\/p>\n\n\n\n<p>Bu bar\u0259d\u0259&nbsp;<a href=\"https:\/\/azertag.az\/\" target=\"_blank\" rel=\"noreferrer noopener\">AZ\u018fRTAC<\/a>-a M\u0259rk\u0259zd\u0259n m\u0259lumat verilib.<\/p>\n\n\n\n<p>Festival\u0131n direktoru Nadejda Dimitrova s\u0259rgini a\u00e7araq M\u0259rk\u0259zin festival\u0131n yax\u0131n t\u0259r\u0259fda\u015f\u0131 oldu\u011funu qeyd edib v\u0259 qurumun d\u0259st\u0259yini y\u00fcks\u0259k qiym\u0259tl\u0259ndirib.<\/p>\n\n\n\n<p>M\u0259rk\u0259zin m\u00fcdiri Sofiya \u015e\u0131qayeva-Mitreska s\u0259rginin yaranma ideyas\u0131ndan dan\u0131\u015f\u0131b. O bildirib ki, bu s\u0259rgi mart ay\u0131nda Az\u0259rbaycan Dili v\u0259 M\u0259d\u0259niyy\u0259ti M\u0259rk\u0259zi il\u0259 Milli Az\u0259rbaycan Tarixi Muzeyinin birg\u0259 h\u0259yata ke\u00e7irdiyi \u201cBahar paralell\u0259ri: Az\u0259rbaycan-Bolqar\u0131stan\u201d layih\u0259sinin bir hiss\u0259sidir. H\u0259min layih\u0259d\u0259 q\u0131z\u0131lg\u00fcl r\u0259sml\u0259ri Az\u0259rbaycanda yerl\u0259\u015f\u0259n \u201cUni Kids Club\u201d studiyas\u0131n\u0131n u\u015faqlar\u0131 t\u0259r\u0259find\u0259n \u00e7\u0259kilib. Sofiya \u015e\u0131qayeva-Mitreska layih\u0259nin dig\u0259r hiss\u0259si haqq\u0131nda m\u0259lumat ver\u0259r\u0259k, onun xar\u0131b\u00fclb\u00fcl g\u00fcl\u00fcn\u0259 v\u0259 nar \u00e7i\u00e7\u0259yin\u0259 h\u0259sr edildiyini, r\u0259sml\u0259rin bolqar u\u015faq v\u0259 t\u0259l\u0259b\u0259l\u0259ri t\u0259r\u0259find\u0259n \u00e7\u0259kildiyini s\u00f6yl\u0259yib.<\/p>\n\n\n\n<p>S\u0259rginin a\u00e7\u0131l\u0131\u015f\u0131ndan sonra u\u015faqlar \u00fc\u00e7\u00fcn xarib\u00fclb\u00fcl formas\u0131nda kompozisiya yaratmaq \u00fc\u00e7\u00fcn ustad d\u0259rsi ke\u00e7irilib.<\/p>\n\n\n\n<p>Az\u0259rbaycan Dili v\u0259 M\u0259d\u0259niyy\u0259ti M\u0259rk\u0259zinin t\u0259\u015f\u0259bb\u00fcs\u00fc il\u0259 realla\u015fan r\u0259sm s\u0259rgisi Az\u0259rbaycan v\u0259 bolqar xalqlar\u0131n\u0131n bir-birinin ad\u0259t-\u0259n\u0259n\u0259l\u0259ri v\u0259 m\u0259d\u0259niyy\u0259tl\u0259ri il\u0259 qar\u015f\u0131l\u0131ql\u0131 tan\u0131\u015fl\u0131\u011f\u0131na t\u00f6hf\u0259 ver\u0259n bir layih\u0259dir. Festival \u00e7\u0259r\u00e7iv\u0259sind\u0259 n\u00fcmayi\u015f edil\u0259n r\u0259sml\u0259r v\u0259 ustad d\u0259rsl\u0259ri K\u00fcstendil \u015f\u0259h\u0259rinin sakinl\u0259rinin v\u0259 qonaqlar\u0131n\u0131n b\u00f6y\u00fck mara\u011f\u0131na s\u0259b\u0259b olub.<\/p>\n\n\n\n<p><strong>M\u0259nb\u0259:&nbsp;<a href=\"https:\/\/azertag.az\/\">https:\/\/azertag.az\/<\/a><\/strong><\/p>\n","protected":false},"excerpt":{"rendered":"<p>Bolqar\u0131stan\u0131n Yunan\u0131stan\u0131n Saloniki \u015f\u0259h\u0259rind\u0259ki Ba\u015f Konsullu\u011funun himay\u0259si, Bak\u0131 Slavyan Universitetinin M\u00fcq\u0259dd\u0259s Kliment Oxridski ad\u0131na Sofiya Universitetinin n\u0259zdind\u0259 f\u0259aliyy\u0259t g\u00f6st\u0259r\u0259n Az\u0259rbaycan Dili v\u0259 M\u0259d\u0259niyy\u0259ti M\u0259rk\u0259zinin t\u0259r\u0259fda\u015fl\u0131\u011f\u0131 v\u0259 K\u00fcstendil meriyas\u0131, \u201cPresto\u201d musiqi evi v\u0259 \u201cBratstvo 1869\u201d icma m\u0259rk\u0259zinin t\u0259\u015fkilat\u00e7\u0131l\u0131\u011f\u0131 il\u0259 IV \u201cStruma s\u0259hn\u0259l\u0259ri\u201d beyn\u0259lxalq festivali ke\u00e7irilir. Builki festivalda Az\u0259rbaycan, Almaniya, Yaponiya, Bolqar\u0131stan, Yunan\u0131stan, Kamboca, \u0130sve\u00e7r\u0259, \u00c7in v\u0259 [&hellip;]<\/p>\n","protected":false},"author":2,"featured_media":0,"comment_status":"open","ping_status":"open","sticky":false,"template":"","format":"standard","meta":{"footnotes":""},"categories":[1],"tags":[],"class_list":["post-48917","post","type-post","status-publish","format-standard","hentry","category-home"],"_links":{"self":[{"href":"https:\/\/edebiyyat-az.com\/index.php?rest_route=\/wp\/v2\/posts\/48917","targetHints":{"allow":["GET"]}}],"collection":[{"href":"https:\/\/edebiyyat-az.com\/index.php?rest_route=\/wp\/v2\/posts"}],"about":[{"href":"https:\/\/edebiyyat-az.com\/index.php?rest_route=\/wp\/v2\/types\/post"}],"author":[{"embeddable":true,"href":"https:\/\/edebiyyat-az.com\/index.php?rest_route=\/wp\/v2\/users\/2"}],"replies":[{"embeddable":true,"href":"https:\/\/edebiyyat-az.com\/index.php?rest_route=%2Fwp%2Fv2%2Fcomments&post=48917"}],"version-history":[{"count":1,"href":"https:\/\/edebiyyat-az.com\/index.php?rest_route=\/wp\/v2\/posts\/48917\/revisions"}],"predecessor-version":[{"id":48925,"href":"https:\/\/edebiyyat-az.com\/index.php?rest_route=\/wp\/v2\/posts\/48917\/revisions\/48925"}],"wp:attachment":[{"href":"https:\/\/edebiyyat-az.com\/index.php?rest_route=%2Fwp%2Fv2%2Fmedia&parent=48917"}],"wp:term":[{"taxonomy":"category","embeddable":true,"href":"https:\/\/edebiyyat-az.com\/index.php?rest_route=%2Fwp%2Fv2%2Fcategories&post=48917"},{"taxonomy":"post_tag","embeddable":true,"href":"https:\/\/edebiyyat-az.com\/index.php?rest_route=%2Fwp%2Fv2%2Ftags&post=48917"}],"curies":[{"name":"wp","href":"https:\/\/api.w.org\/{rel}","templated":true}]}}