{"id":48930,"date":"2024-09-19T08:00:00","date_gmt":"2024-09-19T04:00:00","guid":{"rendered":"https:\/\/edebiyyat-az.com\/?p=48930"},"modified":"2024-09-20T11:09:39","modified_gmt":"2024-09-20T07:09:39","slug":"cagdas-az%c9%99rbaycan-hekay%c9%99si-tatarca-yayimlanib","status":"publish","type":"post","link":"https:\/\/edebiyyat-az.com\/?p=48930","title":{"rendered":"\u201c\u00c7a\u011fda\u015f Az\u0259rbaycan hekay\u0259si\u201d tatarca yay\u0131mlan\u0131b"},"content":{"rendered":"\n<p><\/p>\n\n\n\n<figure class=\"wp-block-image size-large\"><img decoding=\"async\" src=\"https:\/\/azertag.az\/files\/2024\/3\/1200x630\/1726660249391826895_1200x630.jpg\" alt=\"\"\/><\/figure>\n\n\n\n<p>Qarda\u015f Tatar\u0131stan\u0131n paytaxt\u0131 Kazan \u015f\u0259h\u0259rind\u0259 \u201c\u00c7a\u011fda\u015f Az\u0259rbaycan hekay\u0259si\u201d antologiyas\u0131 i\u015f\u0131q \u00fcz\u00fc g\u00f6r\u00fcb.<\/p>\n\n\n\n<p><a href=\"https:\/\/azertag.az\/\" target=\"_blank\" rel=\"noreferrer noopener\">AZ\u018fRTAC<\/a>&nbsp;x\u0259b\u0259r verir ki, Tatar\u0131stan Respublikas\u0131 D\u00f6vl\u0259t \u015euras\u0131n\u0131n deputat\u0131, Tatar\u0131stan Yaz\u0131\u00e7\u0131lar Birliyinin ba\u015fqan\u0131, Xalq \u015fairi Rkail Z\u0259ydulla v\u0259 Beyn\u0259lxalq \u201cAla\u015f\u201d \u018fd\u0259biyyat m\u00fckafat\u0131 laureat\u0131, DGTYB M\u0259sl\u0259h\u0259t \u015euras\u0131n\u0131n ba\u015fqan\u0131 \u018fkb\u0259r Qo\u015fal\u0131n\u0131n layih\u0259 r\u0259hb\u0259ri oldu\u011fu antologiya, Tatar\u0131stan Yaz\u0131\u00e7\u0131lar Birliyinin \u201c\u018fd\u0259bi birg\u0259lik\u201d seriyas\u0131ndan yay\u0131mlan\u0131b.<\/p>\n\n\n\n<p>Kazandak\u0131 \u00fcnl\u00fc \u201cYaz\u0131\u00e7\u0131\u201d n\u0259\u015friyyat\u0131nda n\u0259fis \u015f\u0259kild\u0259 i\u015f\u0131q \u00fcz\u00fc g\u00f6r\u0259n antologiyan\u0131n t\u0259rtib\u00e7isi Tatar\u0131stan Yaz\u0131\u00e7\u0131lar Birliyinin ba\u015fqan m\u00fcavini \u0130lsiyar Qaripova, m\u0259sl\u0259h\u0259t\u00e7isi Tatar\u0131standa ya\u015fayan tan\u0131nm\u0131\u015f az\u0259rbaycanl\u0131 v\u0259kil \u0130sm\u0259t Oruc\u0259liyev, r\u0259y\u00e7il\u0259ri Az\u0259rbaycan Yaz\u0131\u00e7\u0131lar Birliyinin katibi S\u0259lim Babullao\u011flu, DGTYB ba\u015fqan\u0131 \u0130ntiqam Ya\u015far, \u201c\u00c7ukurova \u018fd\u0259biyyat\u00e7\u0131lar D\u0259rn\u0259yi\u201d \u0130ctimai Birliyinin f\u0259xri ba\u015fqan\u0131 \u0130lqar T\u00fcrko\u011fludur.<\/p>\n\n\n\n<p>Tatar\u0131stan D\u00f6vl\u0259t \u015euras\u0131n\u0131n T\u0259hsil, M\u0259d\u0259niyy\u0259t, Elm v\u0259 Milli M\u0259s\u0259l\u0259l\u0259r Komit\u0259sinin \u00fczv\u00fc Rkail Z\u0259ydullan\u0131n \u00f6n s\u00f6z\u00fc v\u0259 VI \u00e7a\u011f\u0131r\u0131\u015f Az\u0259rbaycan Respublikas\u0131 Milli M\u0259clisinin M\u0259d\u0259niyy\u0259t komit\u0259sinin s\u0259dri Fazil Mustafan\u0131n \u201cBak\u0131dan Kazana \u0259d\u0259bi v\u0259 \u0259b\u0259di salam\u201d \u201c\u00d6n s\u00f6z\u201d\u00fc il\u0259 a\u00e7\u0131lan antologiyan\u0131n I cildind\u0259 \u0259sas\u0259n 90-c\u0131lar \u0259d\u0259bi n\u0259slin\u0259 m\u0259nsub olan 18 yaz\u0131\u00e7\u0131m\u0131z\u0131n hekay\u0259si toplan\u0131b.<\/p>\n\n\n\n<p>Antologiyan\u0131n Az\u0259rbaycanda v\u0259 Tatar\u0131standa t\u0259qdimat\u0131 n\u0259z\u0259rd\u0259 tutulur.<\/p>\n\n\n\n<p><strong>M\u0259nb\u0259:\u00a0<a href=\"https:\/\/azertag.az\/\">https:\/\/azertag.az\/<\/a><\/strong><\/p>\n","protected":false},"excerpt":{"rendered":"<p>Qarda\u015f Tatar\u0131stan\u0131n paytaxt\u0131 Kazan \u015f\u0259h\u0259rind\u0259 \u201c\u00c7a\u011fda\u015f Az\u0259rbaycan hekay\u0259si\u201d antologiyas\u0131 i\u015f\u0131q \u00fcz\u00fc g\u00f6r\u00fcb. AZ\u018fRTAC&nbsp;x\u0259b\u0259r verir ki, Tatar\u0131stan Respublikas\u0131 D\u00f6vl\u0259t \u015euras\u0131n\u0131n deputat\u0131, Tatar\u0131stan Yaz\u0131\u00e7\u0131lar Birliyinin ba\u015fqan\u0131, Xalq \u015fairi Rkail Z\u0259ydulla v\u0259 Beyn\u0259lxalq \u201cAla\u015f\u201d \u018fd\u0259biyyat m\u00fckafat\u0131 laureat\u0131, DGTYB M\u0259sl\u0259h\u0259t \u015euras\u0131n\u0131n ba\u015fqan\u0131 \u018fkb\u0259r Qo\u015fal\u0131n\u0131n layih\u0259 r\u0259hb\u0259ri oldu\u011fu antologiya, Tatar\u0131stan Yaz\u0131\u00e7\u0131lar Birliyinin \u201c\u018fd\u0259bi birg\u0259lik\u201d seriyas\u0131ndan yay\u0131mlan\u0131b. Kazandak\u0131 \u00fcnl\u00fc \u201cYaz\u0131\u00e7\u0131\u201d n\u0259\u015friyyat\u0131nda [&hellip;]<\/p>\n","protected":false},"author":2,"featured_media":0,"comment_status":"open","ping_status":"open","sticky":false,"template":"","format":"standard","meta":{"footnotes":""},"categories":[49],"tags":[],"class_list":["post-48930","post","type-post","status-publish","format-standard","hentry","category-medeniyyat"],"_links":{"self":[{"href":"https:\/\/edebiyyat-az.com\/index.php?rest_route=\/wp\/v2\/posts\/48930","targetHints":{"allow":["GET"]}}],"collection":[{"href":"https:\/\/edebiyyat-az.com\/index.php?rest_route=\/wp\/v2\/posts"}],"about":[{"href":"https:\/\/edebiyyat-az.com\/index.php?rest_route=\/wp\/v2\/types\/post"}],"author":[{"embeddable":true,"href":"https:\/\/edebiyyat-az.com\/index.php?rest_route=\/wp\/v2\/users\/2"}],"replies":[{"embeddable":true,"href":"https:\/\/edebiyyat-az.com\/index.php?rest_route=%2Fwp%2Fv2%2Fcomments&post=48930"}],"version-history":[{"count":1,"href":"https:\/\/edebiyyat-az.com\/index.php?rest_route=\/wp\/v2\/posts\/48930\/revisions"}],"predecessor-version":[{"id":48936,"href":"https:\/\/edebiyyat-az.com\/index.php?rest_route=\/wp\/v2\/posts\/48930\/revisions\/48936"}],"wp:attachment":[{"href":"https:\/\/edebiyyat-az.com\/index.php?rest_route=%2Fwp%2Fv2%2Fmedia&parent=48930"}],"wp:term":[{"taxonomy":"category","embeddable":true,"href":"https:\/\/edebiyyat-az.com\/index.php?rest_route=%2Fwp%2Fv2%2Fcategories&post=48930"},{"taxonomy":"post_tag","embeddable":true,"href":"https:\/\/edebiyyat-az.com\/index.php?rest_route=%2Fwp%2Fv2%2Ftags&post=48930"}],"curies":[{"name":"wp","href":"https:\/\/api.w.org\/{rel}","templated":true}]}}