{"id":49025,"date":"2024-10-13T09:00:00","date_gmt":"2024-10-13T05:00:00","guid":{"rendered":"https:\/\/edebiyyat-az.com\/?p=49025"},"modified":"2024-10-15T09:22:17","modified_gmt":"2024-10-15T05:22:17","slug":"turkiy%c9%99nin-izmir-v%c9%99-istanbul-s%c9%99h%c9%99rl%c9%99rind%c9%99-az%c9%99rbaycan-m%c9%99d%c9%99niyy%c9%99t-v%c9%99-s%c9%99n%c9%99t-gunl%c9%99ri-keciril%c9%99c%c9%99k","status":"publish","type":"post","link":"https:\/\/edebiyyat-az.com\/?p=49025","title":{"rendered":"T\u00fcrkiy\u0259nin \u0130zmir v\u0259 \u0130stanbul \u015f\u0259h\u0259rl\u0259rind\u0259 \u201cAz\u0259rbaycan m\u0259d\u0259niyy\u0259t v\u0259 s\u0259n\u0259t g\u00fcnl\u0259ri\u201d ke\u00e7iril\u0259c\u0259k"},"content":{"rendered":"\n<ul class=\"wp-block-list\">\n<li><\/li>\n<\/ul>\n\n\n\n<figure class=\"wp-block-image size-large\"><img decoding=\"async\" src=\"https:\/\/azertag.az\/files\/2024\/3\/1200x630\/1728660884964834820_1200x630.jpeg\" alt=\"\"\/><\/figure>\n\n\n\n<p>\u0130stanbul, 11 oktyabr, G\u00fcnel Karatepe,&nbsp;<a href=\"https:\/\/azertag.az\/\" target=\"_blank\" rel=\"noreferrer noopener\">AZ\u018fRTAC<\/a><\/p>\n\n\n\n<p>T\u00fcrkiy\u0259d\u0259ki s\u0259firliyimizin n\u0259zdind\u0259ki Az\u0259rbaycan M\u0259d\u0259niyy\u0259t M\u0259rk\u0259zinin t\u0259\u015fkilat\u00e7\u0131l\u0131\u011f\u0131 v\u0259 Az\u0259rbaycan Respublikas\u0131 M\u0259d\u0259niyy\u0259t Nazirliyinin d\u0259st\u0259yi il\u0259 qarda\u015f \u00f6lk\u0259nin \u0130zmir v\u0259 \u0130stanbul \u015f\u0259h\u0259rl\u0259rind\u0259 \u201cAz\u0259rbaycan m\u0259d\u0259niyy\u0259t v\u0259 s\u0259n\u0259t g\u00fcnl\u0259ri\u201d ke\u00e7iril\u0259c\u0259k.<\/p>\n\n\n\n<p><a href=\"https:\/\/azertag.az\/\" target=\"_blank\" rel=\"noreferrer noopener\">AZ\u018fRTAC<\/a>&nbsp;x\u0259b\u0259r verir ki, Az\u0259rbaycan g\u00fcnl\u0259ri M\u0259d\u0259niyy\u0259t M\u0259rk\u0259zinin f\u0259aliyy\u0259tinin \u0259sas istiqam\u0259ti olan milli m\u0259d\u0259niyy\u0259timiz, tariximiz, \u0259d\u0259biyyat\u0131m\u0131z v\u0259 Az\u0259rbaycan dilinin T\u00fcrkiy\u0259nin b\u00f6lg\u0259l\u0259rind\u0259 geni\u015f t\u0259bli\u011fi, habel\u0259 m\u0259d\u0259ni \u0259laq\u0259l\u0259rimizin daha da m\u00f6hk\u0259ml\u0259ndirilm\u0259sin\u0259 d\u0259st\u0259k m\u0259qs\u0259dil\u0259 t\u0259\u015fkil olunan silsil\u0259 t\u0259dbirl\u0259r \u00e7\u0259r\u00e7iv\u0259sind\u0259 ba\u015f tutacaq.<\/p>\n\n\n\n<p>Oktyabr\u0131n 15-d\u0259 \u0130zmird\u0259 ke\u00e7iril\u0259c\u0259k \u201cAz\u0259rbaycan m\u0259d\u0259niyy\u0259ti v\u0259 s\u0259n\u0259ti g\u00fcn\u00fc\u201d \u00e7\u0259r\u00e7iv\u0259sind\u0259 M\u00f6tbe M\u0259d\u0259niyy\u0259t M\u0259rk\u0259zinin s\u0259rgi zal\u0131nda milli m\u0259d\u0259niyy\u0259timiz\u0259, el\u0259c\u0259 d\u0259 suvenirl\u0259r, \u0259l i\u015fl\u0259ri v\u0259 milli geyiml\u0259r\u0259 dair s\u0259rgi t\u0259qdim olunacaq.<\/p>\n\n\n\n<p>Bununla yana\u015f\u0131, Bak\u0131 Milli Geyim Evinin kolleksiyas\u0131na aid tarixi Az\u0259rbaycan geyiml\u0259rinin moda s\u0259rgisi olacaq. Milli geyiml\u0259rimiz t\u00fcrkiy\u0259li g\u0259ncl\u0259r t\u0259r\u0259find\u0259n t\u0259qdim ed\u0259c\u0259k.<\/p>\n\n\n\n<p>M\u00f6tbe M\u0259d\u0259niyy\u0259t M\u0259rk\u0259zinin konsertl\u0259r saray\u0131nda konsert proqram\u0131 t\u0259qdim edil\u0259c\u0259k.<\/p>\n\n\n\n<p>\u201cAz\u0259rbaycan m\u0259d\u0259niyy\u0259t v\u0259 s\u0259n\u0259t g\u00fcnl\u0259ri\u201d oktyabr\u0131n 17-d\u0259 \u0130stanbulda davam ed\u0259c\u0259k. \u0130stanbulun Atat\u00fcrk M\u0259d\u0259niyy\u0259t M\u0259rk\u0259zind\u0259 Az\u0259rbaycan Milli Xal\u00e7a Muzeyinin kolleksiyas\u0131na aid, muzeyin m\u00fct\u0259x\u0259ssisi, Az\u0259rbaycan R\u0259ssamlar \u0130ttifaq\u0131n\u0131n \u00fczv\u00fc Elnar\u0259 R\u0259sulovan\u0131n \u0259l i\u015fi olan xal\u00e7alar\u0131n s\u0259rgisi a\u00e7\u0131lacaq v\u0259 bir h\u0259ft\u0259 davam ed\u0259c\u0259k.<\/p>\n\n\n\n<p>Bununla yana\u015f\u0131, Atat\u00fcrk M\u0259d\u0259niyy\u0259t M\u0259rk\u0259zinin s\u0259rgi zal\u0131nda Milli Az\u0259rbaycan Tarixi Muzeyinin Etnoqrafiya \u015f\u00f6b\u0259sinin m\u00fcdiri dosent G\u00fclzad\u0259 Abdulovan\u0131n kolleksiyas\u0131na aid geyiml\u0259r s\u0259rgil\u0259n\u0259c\u0259k, Az\u0259rbaycan xan\u0131mlar\u0131n\u0131n tarixi paltarlar\u0131, onlar\u0131n \u00f6z\u00fcn\u0259m\u0259xsus nax\u0131\u015flar\u0131 podiumda t\u0259qdim olunacaq.<\/p>\n\n\n\n<p>T\u0259dbir \u00e7\u0259r\u00e7iv\u0259sind\u0259 az\u0259rbaycanl\u0131 s\u0259n\u0259t\u00e7il\u0259rinin i\u015ftirak\u0131 il\u0259 konsert proqram\u0131 n\u0259z\u0259rd\u0259 tutulur.<\/p>\n\n\n\n<p>H\u0259r iki \u015f\u0259h\u0259rd\u0259 t\u0259\u015fkil olunacaq konsert proqramlar\u0131nda h\u0259m Az\u0259rbaycandan ged\u0259n, h\u0259m d\u0259 T\u00fcrkiy\u0259d\u0259 ya\u015fayan az\u0259rbaycanl\u0131 inc\u0259s\u0259n\u0259t ustalar\u0131, milli musiqi al\u0259tl\u0259rinin ifa\u00e7\u0131lar\u0131, habel\u0259 Az\u0259rbaycan M\u0259d\u0259niyy\u0259t M\u0259rk\u0259zinin \u201cAz\u0259rbaycan Xalq R\u0259qsl\u0259ri Ansambl\u0131\u201dn\u0131n i\u015ftirak\u0131 il\u0259 haz\u0131rlanan b\u0259dii gec\u0259d\u0259 milli musiqil\u0259rimiz v\u0259 r\u0259qsl\u0259rimiz ifa olunacaq.<\/p>\n\n\n\n<p><strong>M\u0259nb\u0259:\u00a0<a href=\"https:\/\/azertag.az\/\">https:\/\/azertag.az\/<\/a><\/strong><\/p>\n","protected":false},"excerpt":{"rendered":"<p>\u0130stanbul, 11 oktyabr, G\u00fcnel Karatepe,&nbsp;AZ\u018fRTAC T\u00fcrkiy\u0259d\u0259ki s\u0259firliyimizin n\u0259zdind\u0259ki Az\u0259rbaycan M\u0259d\u0259niyy\u0259t M\u0259rk\u0259zinin t\u0259\u015fkilat\u00e7\u0131l\u0131\u011f\u0131 v\u0259 Az\u0259rbaycan Respublikas\u0131 M\u0259d\u0259niyy\u0259t Nazirliyinin d\u0259st\u0259yi il\u0259 qarda\u015f \u00f6lk\u0259nin \u0130zmir v\u0259 \u0130stanbul \u015f\u0259h\u0259rl\u0259rind\u0259 \u201cAz\u0259rbaycan m\u0259d\u0259niyy\u0259t v\u0259 s\u0259n\u0259t g\u00fcnl\u0259ri\u201d ke\u00e7iril\u0259c\u0259k. AZ\u018fRTAC&nbsp;x\u0259b\u0259r verir ki, Az\u0259rbaycan g\u00fcnl\u0259ri M\u0259d\u0259niyy\u0259t M\u0259rk\u0259zinin f\u0259aliyy\u0259tinin \u0259sas istiqam\u0259ti olan milli m\u0259d\u0259niyy\u0259timiz, tariximiz, \u0259d\u0259biyyat\u0131m\u0131z v\u0259 Az\u0259rbaycan dilinin T\u00fcrkiy\u0259nin b\u00f6lg\u0259l\u0259rind\u0259 geni\u015f t\u0259bli\u011fi, habel\u0259 m\u0259d\u0259ni [&hellip;]<\/p>\n","protected":false},"author":2,"featured_media":0,"comment_status":"open","ping_status":"open","sticky":false,"template":"","format":"standard","meta":{"footnotes":""},"categories":[49],"tags":[],"class_list":["post-49025","post","type-post","status-publish","format-standard","hentry","category-medeniyyat"],"_links":{"self":[{"href":"https:\/\/edebiyyat-az.com\/index.php?rest_route=\/wp\/v2\/posts\/49025","targetHints":{"allow":["GET"]}}],"collection":[{"href":"https:\/\/edebiyyat-az.com\/index.php?rest_route=\/wp\/v2\/posts"}],"about":[{"href":"https:\/\/edebiyyat-az.com\/index.php?rest_route=\/wp\/v2\/types\/post"}],"author":[{"embeddable":true,"href":"https:\/\/edebiyyat-az.com\/index.php?rest_route=\/wp\/v2\/users\/2"}],"replies":[{"embeddable":true,"href":"https:\/\/edebiyyat-az.com\/index.php?rest_route=%2Fwp%2Fv2%2Fcomments&post=49025"}],"version-history":[{"count":1,"href":"https:\/\/edebiyyat-az.com\/index.php?rest_route=\/wp\/v2\/posts\/49025\/revisions"}],"predecessor-version":[{"id":49034,"href":"https:\/\/edebiyyat-az.com\/index.php?rest_route=\/wp\/v2\/posts\/49025\/revisions\/49034"}],"wp:attachment":[{"href":"https:\/\/edebiyyat-az.com\/index.php?rest_route=%2Fwp%2Fv2%2Fmedia&parent=49025"}],"wp:term":[{"taxonomy":"category","embeddable":true,"href":"https:\/\/edebiyyat-az.com\/index.php?rest_route=%2Fwp%2Fv2%2Fcategories&post=49025"},{"taxonomy":"post_tag","embeddable":true,"href":"https:\/\/edebiyyat-az.com\/index.php?rest_route=%2Fwp%2Fv2%2Ftags&post=49025"}],"curies":[{"name":"wp","href":"https:\/\/api.w.org\/{rel}","templated":true}]}}