{"id":49166,"date":"2024-12-09T09:00:00","date_gmt":"2024-12-09T05:00:00","guid":{"rendered":"https:\/\/edebiyyat-az.com\/?p=49166"},"modified":"2024-12-12T12:07:41","modified_gmt":"2024-12-12T08:07:41","slug":"az%c9%99rbaycan-yazicilar-birliyin%c9%99-q%c9%99bul-elani","status":"publish","type":"post","link":"https:\/\/edebiyyat-az.com\/?p=49166","title":{"rendered":"AZ\u018fRBAYCAN YAZI\u00c7ILAR B\u0130RL\u0130Y\u0130N\u018f Q\u018fBUL ELANI"},"content":{"rendered":"\n<figure class=\"wp-block-image size-full is-resized\"><a href=\"http:\/\/edebiyyat-az.com\/wp-content\/uploads\/2024\/12\/azyb.az_.png\"><img loading=\"lazy\" decoding=\"async\" src=\"http:\/\/edebiyyat-az.com\/wp-content\/uploads\/2024\/12\/azyb.az_.png\" alt=\"\" class=\"wp-image-49174\" width=\"704\" height=\"685\" srcset=\"https:\/\/edebiyyat-az.com\/wp-content\/uploads\/2024\/12\/azyb.az_.png 404w, https:\/\/edebiyyat-az.com\/wp-content\/uploads\/2024\/12\/azyb.az_-300x292.png 300w\" sizes=\"auto, (max-width: 704px) 100vw, 704px\" \/><\/a><\/figure>\n\n\n\n<p><\/p>\n\n\n\n<p>Az\u0259rbaycan Yaz\u0131\u00e7\u0131lar Birliyin\u0259 (AYB) \u00fczv olmaq ist\u0259y\u0259n yarad\u0131c\u0131 \u015f\u0259xsl\u0259rin n\u0259z\u0259rin\u0259 \u00e7atd\u0131r\u0131r\u0131q ki, 2025-ci il fevral ay\u0131n\u0131n 5-d\u0259n fevral ay\u0131n\u0131n 20-\u0259 q\u0259d\u0259r \u00fczvl\u00fck \u00fc\u00e7\u00fcn t\u0259l\u0259b olunan a\u015fa\u011f\u0131dak\u0131 s\u0259n\u0259dl\u0259ri AYB Q\u0259bul komissiyas\u0131na t\u0259qdim ed\u0259 bil\u0259rl\u0259r:<\/p>\n\n\n\n<p>\u2013&nbsp;&nbsp;&nbsp;&nbsp;&nbsp;&nbsp;&nbsp;&nbsp;<strong><em>Geni\u015f t\u0259rc\u00fcmeyi-hal (yarad\u0131c\u0131 m\u0259qamlar \u0259trafl\u0131 g\u00f6st\u0259rilm\u0259kl\u0259);<\/em><\/strong><\/p>\n\n\n\n<p>\u2013&nbsp;&nbsp;&nbsp;&nbsp;&nbsp;&nbsp;&nbsp;&nbsp;<strong><em>\u00c7ap olunmu\u015f kitablar (h\u0259r\u0259sind\u0259n 1 n\u00fcsx\u0259);<\/em><\/strong><\/p>\n\n\n\n<p>\u2013&nbsp;&nbsp;&nbsp;&nbsp;&nbsp;&nbsp;&nbsp;&nbsp;<strong><em>M\u0259tbu n\u0259\u015frl\u0259ri d\u0259 g\u00f6st\u0259rilm\u0259kl\u0259 \u00e7ap olunmu\u015f \u0259s\u0259rl\u0259rin \u00fcmumi siyah\u0131s\u0131;<\/em><\/strong><\/p>\n\n\n\n<p>\u2013&nbsp;&nbsp;&nbsp;&nbsp;&nbsp;&nbsp;&nbsp;&nbsp;<strong><em>AYB \u00fczv\u00fc olan 3 n\u00fcfuzlu \u0259dibin z\u0259man\u0259ti (bildiririk ki, z\u0259\u0131man\u0259t ver\u0259n<\/em><\/strong><\/p>\n\n\n\n<p><strong><em>\u015f\u0259xsl\u0259r AYB aparat\u0131nda i\u015fl\u0259m\u0259m\u0259li, AYB-nin ictimai statuslu \u015furalar\u0131nda v\u0259 Q\u0259bul Komissiyas\u0131nda t\u0259msil edilm\u0259m\u0259li, eyni zamanda 10 ild\u0259n art\u0131q AYB \u00fczv\u00fc olmal\u0131, il \u0259rzind\u0259 \u00fc\u00e7 n\u0259f\u0259rd\u0259n art\u0131q yazara z\u0259man\u0259t verm\u0259m\u0259lidirl\u0259r);<\/em><\/strong><\/p>\n\n\n\n<p><strong><em>&nbsp;&nbsp;&nbsp; \u2013 \u00dczvl\u00fcy\u0259 q\u0259bulla ba\u011fl\u0131 \u0259riz\u0259;<\/em><\/strong><\/p>\n\n\n\n<p><strong><em>&nbsp;&nbsp;&nbsp; \u2013 AYB \u00fczv\u00fcn\u00fcn qeydiyyat v\u0259r\u0259q\u0259si;<\/em><\/strong><\/p>\n\n\n\n<p><strong><em>&nbsp;&nbsp;&nbsp; \u2013 \u015e\u0259xsiyy\u0259t v\u0259siq\u0259sinin sur\u0259ti;<\/em><\/strong><\/p>\n\n\n\n<p><strong><em>&nbsp;&nbsp;&nbsp; \u2013 3&#215;4 \u00f6l\u00e7\u00fcd\u0259 4 \u0259d\u0259d r\u0259ngli foto\u015f\u0259kil;<\/em><\/strong><\/p>\n\n\n\n<p>Az\u0259rbaycan Yaz\u0131\u00e7\u0131lar Birliyin\u0259 \u00fczv olmaq ist\u0259y\u0259n \u015f\u0259xsl\u0259r, \u0259g\u0259r n\u0259srl\u0259<\/p>\n\n\n\n<p>m\u0259\u015f\u011fuldurlarsa, minimum 15 \u00e7ap v\u0259r\u0259qi, \u0259g\u0259r poeziya il\u0259 m\u0259\u015f\u011fuldurlarsa, minimum 5 m\u00fc\u0259llif v\u0259r\u0259qi h\u0259cmind\u0259 m\u0259tni \u0259hat\u0259 ed\u0259n n\u0259\u015fr edilmi\u015f kitablar\u0131n\u0131 t\u0259qdim etm\u0259lidirl\u0259r. Dramaturqlar v\u0259 n\u0259sr t\u0259rc\u00fcm\u0259\u00e7il\u0259ri d\u0259 minimum 15 \u00e7ap v\u0259r\u0259qi \u00e7ap olunmu\u015f m\u0259tnl\u0259rini, kitablar\u0131n\u0131 t\u0259qdim etm\u0259li, yaxud Birliyin m\u0259tbu orqanlar\u0131nda \u00e7ap olunmu\u015f, d\u00f6vl\u0259t teatrlar\u0131nda tama\u015faya qoyulmu\u015f \u0259s\u0259rl\u0259rini (m\u0259tn v\u0259 ya kserokopiya \u015f\u0259klind\u0259) t\u0259qdim etm\u0259lidirl\u0259r.<\/p>\n\n\n\n<p>&nbsp;&nbsp;&nbsp; Bildiririk ki, 30 ya\u015fa q\u0259d\u0259r g\u0259ncl\u0259r q\u0259bul \u00fc\u00e7\u00fcn 2 z\u0259man\u0259t t\u0259qdim ed\u0259 bil\u0259rl\u0259r.<\/p>\n\n\n\n<p>&nbsp;&nbsp;&nbsp; Eyni zamanda, b\u00f6lg\u0259l\u0259rd\u0259 ya\u015fayan v\u0259 \u00fczv olmaq ist\u0259y\u0259n \u015f\u0259xsl\u0259rin \u00fczvl\u00fcy\u00fc \u00fc\u00e7\u00fcn AYB-ni m\u00fcvafiq filial v\u0259 b\u00f6lm\u0259l\u0259rind\u0259n t\u0259qdimat\u0131n olmas\u0131 vacibdir.<\/p>\n\n\n\n<p>&nbsp;&nbsp;&nbsp; AYB n\u0259\u015frl\u0259rind\u0259 \u0259s\u0259rl\u0259ri \u00e7ap olunan \u015f\u0259xsl\u0259r\u0259 q\u0259bul zaman\u0131 \u00fcst\u00fcnl\u00fck veril\u0259c\u0259kdir.<\/p>\n\n\n\n<p>&nbsp;&nbsp;&nbsp; AYB \u00fczv\u00fcn\u00fcn qeydiyyat v\u0259r\u0259q\u0259si v\u0259 \u0259riz\u0259 formas\u0131 Q\u0259bul komissiyas\u0131ndan g\u00f6t\u00fcr\u00fclm\u0259li, yaxud s\u0259n\u0259dl\u0259r t\u0259qdim edil\u0259n zaman doldurulmal\u0131d\u0131r.<\/p>\n\n\n\n<p>&nbsp;&nbsp;&nbsp; T\u0259qdim edil\u0259n s\u0259n\u0259dl\u0259r\u0259 s\u0131ra say\u0131na m\u00fcvafiq olaraq n\u00f6vb\u0259ti ilin q\u0259bul tarixin\u0259 q\u0259d\u0259rki m\u00fcdd\u0259td\u0259 (18 ay \u0259rzind\u0259 bax\u0131lacaq) v\u0259 son q\u0259rar m\u00fcraci\u0259t etmi\u015f \u015f\u0259xsl\u0259r\u0259 bildiril\u0259c\u0259kdir.<\/p>\n\n\n\n<p>&nbsp;&nbsp;&nbsp; Komissiya \u00fczvl\u0259rinin r\u0259yi m\u00fcraci\u0259t ed\u0259n \u015f\u0259xsl\u0259r\u0259 t\u0259qdim edilmir.<\/p>\n\n\n\n<p>&nbsp;&nbsp;&nbsp; T\u0259qdim edil\u0259n s\u0259n\u0259dl\u0259r v\u0259 kitablar geri qaytar\u0131lm\u0131r.<\/p>\n\n\n\n<p>&nbsp;&nbsp;&nbsp; M\u0259nfi r\u0259y alacaq \u015f\u0259xsl\u0259rin s\u0259n\u0259dl\u0259rin\u0259 n\u00f6vb\u0259ti iki il \u0259rzind\u0259 yeni kitablar\u0131 v\u0259 publikasiyalar olmad\u0131\u011f\u0131 t\u0259qdird\u0259 t\u0259krar bax\u0131la bilm\u0259z.<\/p>\n\n\n\n<p>&nbsp;&nbsp;&nbsp; \u018flav\u0259 m\u0259lumat almaq ist\u0259y\u0259n \u015f\u0259xsl\u0259r (+99412)493-74-81 telefonuna z\u0259ng ed\u0259, Q\u0259bul komissiyas\u0131n\u0131n katibi M\u0259lah\u0259t Q\u0259nb\u0259rova il\u0259 \u0259laq\u0259 saxlaya bil\u0259rl\u0259r. &nbsp;&nbsp;<\/p>\n\n\n\n<p><strong>&nbsp;&nbsp;&nbsp;&nbsp; Q\u0259bul komissiyas\u0131<\/strong><\/p>\n\n\n\n<p><strong><strong><strong>M\u0259nb\u0259:\u00a0<a href=\"http:\/\/azyb.az\/\">http:\/\/azyb.az<\/a><\/strong><\/strong><\/strong><\/p>\n","protected":false},"excerpt":{"rendered":"<p>Az\u0259rbaycan Yaz\u0131\u00e7\u0131lar Birliyin\u0259 (AYB) \u00fczv olmaq ist\u0259y\u0259n yarad\u0131c\u0131 \u015f\u0259xsl\u0259rin n\u0259z\u0259rin\u0259 \u00e7atd\u0131r\u0131r\u0131q ki, 2025-ci il fevral ay\u0131n\u0131n 5-d\u0259n fevral ay\u0131n\u0131n 20-\u0259 q\u0259d\u0259r \u00fczvl\u00fck \u00fc\u00e7\u00fcn t\u0259l\u0259b olunan a\u015fa\u011f\u0131dak\u0131 s\u0259n\u0259dl\u0259ri AYB Q\u0259bul komissiyas\u0131na t\u0259qdim ed\u0259 bil\u0259rl\u0259r: \u2013&nbsp;&nbsp;&nbsp;&nbsp;&nbsp;&nbsp;&nbsp;&nbsp;Geni\u015f t\u0259rc\u00fcmeyi-hal (yarad\u0131c\u0131 m\u0259qamlar \u0259trafl\u0131 g\u00f6st\u0259rilm\u0259kl\u0259); \u2013&nbsp;&nbsp;&nbsp;&nbsp;&nbsp;&nbsp;&nbsp;&nbsp;\u00c7ap olunmu\u015f kitablar (h\u0259r\u0259sind\u0259n 1 n\u00fcsx\u0259); \u2013&nbsp;&nbsp;&nbsp;&nbsp;&nbsp;&nbsp;&nbsp;&nbsp;M\u0259tbu n\u0259\u015frl\u0259ri d\u0259 g\u00f6st\u0259rilm\u0259kl\u0259 \u00e7ap olunmu\u015f \u0259s\u0259rl\u0259rin \u00fcmumi siyah\u0131s\u0131; \u2013&nbsp;&nbsp;&nbsp;&nbsp;&nbsp;&nbsp;&nbsp;&nbsp;AYB [&hellip;]<\/p>\n","protected":false},"author":2,"featured_media":0,"comment_status":"open","ping_status":"open","sticky":false,"template":"","format":"standard","meta":{"footnotes":""},"categories":[4],"tags":[],"class_list":["post-49166","post","type-post","status-publish","format-standard","hentry","category-edeb"],"_links":{"self":[{"href":"https:\/\/edebiyyat-az.com\/index.php?rest_route=\/wp\/v2\/posts\/49166","targetHints":{"allow":["GET"]}}],"collection":[{"href":"https:\/\/edebiyyat-az.com\/index.php?rest_route=\/wp\/v2\/posts"}],"about":[{"href":"https:\/\/edebiyyat-az.com\/index.php?rest_route=\/wp\/v2\/types\/post"}],"author":[{"embeddable":true,"href":"https:\/\/edebiyyat-az.com\/index.php?rest_route=\/wp\/v2\/users\/2"}],"replies":[{"embeddable":true,"href":"https:\/\/edebiyyat-az.com\/index.php?rest_route=%2Fwp%2Fv2%2Fcomments&post=49166"}],"version-history":[{"count":1,"href":"https:\/\/edebiyyat-az.com\/index.php?rest_route=\/wp\/v2\/posts\/49166\/revisions"}],"predecessor-version":[{"id":49176,"href":"https:\/\/edebiyyat-az.com\/index.php?rest_route=\/wp\/v2\/posts\/49166\/revisions\/49176"}],"wp:attachment":[{"href":"https:\/\/edebiyyat-az.com\/index.php?rest_route=%2Fwp%2Fv2%2Fmedia&parent=49166"}],"wp:term":[{"taxonomy":"category","embeddable":true,"href":"https:\/\/edebiyyat-az.com\/index.php?rest_route=%2Fwp%2Fv2%2Fcategories&post=49166"},{"taxonomy":"post_tag","embeddable":true,"href":"https:\/\/edebiyyat-az.com\/index.php?rest_route=%2Fwp%2Fv2%2Ftags&post=49166"}],"curies":[{"name":"wp","href":"https:\/\/api.w.org\/{rel}","templated":true}]}}