{"id":49677,"date":"2025-08-03T08:00:00","date_gmt":"2025-08-03T04:00:00","guid":{"rendered":"https:\/\/edebiyyat-az.com\/?p=49677"},"modified":"2025-08-04T11:24:09","modified_gmt":"2025-08-04T07:24:09","slug":"xalq-yazicisi-elcin-ef%c9%99ndiyev-v%c9%99fat-edib","status":"publish","type":"post","link":"https:\/\/edebiyyat-az.com\/?p=49677","title":{"rendered":"Xalq yaz\u0131\u00e7\u0131s\u0131 El\u00e7in \u018ff\u0259ndiyev v\u0259fat edib"},"content":{"rendered":"\n<figure class=\"wp-block-image size-large\"><a href=\"https:\/\/edebiyyat-az.com\/wp-content\/uploads\/2025\/08\/image-1.png\"><img loading=\"lazy\" decoding=\"async\" width=\"1024\" height=\"1024\" src=\"https:\/\/edebiyyat-az.com\/wp-content\/uploads\/2025\/08\/image-1-1024x1024.png\" alt=\"\" class=\"wp-image-49681\" srcset=\"https:\/\/edebiyyat-az.com\/wp-content\/uploads\/2025\/08\/image-1-1024x1024.png 1024w, https:\/\/edebiyyat-az.com\/wp-content\/uploads\/2025\/08\/image-1-300x300.png 300w, https:\/\/edebiyyat-az.com\/wp-content\/uploads\/2025\/08\/image-1-150x150.png 150w, https:\/\/edebiyyat-az.com\/wp-content\/uploads\/2025\/08\/image-1-768x768.png 768w, https:\/\/edebiyyat-az.com\/wp-content\/uploads\/2025\/08\/image-1.png 1280w\" sizes=\"auto, (max-width: 1024px) 100vw, 1024px\" \/><\/a><\/figure>\n\n\n\n<p>Az\u0259rbaycan m\u0259d\u0259niyy\u0259tin\u0259 a\u011f\u0131r itki \u00fcz vermi\u015fdir.<br>G\u00f6rk\u0259mli yaz\u0131\u00e7\u0131, nasir, dramaturq, t\u0259nqid\u00e7i, \u0259d\u0259biyyat\u015f\u00fcnas, filologiya elml\u0259ri doktoru, professor, Az\u0259rbaycan Yaz\u0131\u00e7\u0131lar Birliyinin \u00fczv\u00fc, Az\u0259rbaycan Respublikas\u0131n\u0131n Xalq yaz\u0131\u00e7\u0131s\u0131 (1998), \u201c\u0130stiqlal\u201d ordenli (2003), d\u00f6vl\u0259t v\u0259 ictimai xadim El\u00e7in \u0130lyas o\u011flu \u018ff\u0259ndiyev 2025-ci il avqustun 3-d\u0259, \u00f6mr\u00fcn\u00fcn 82-ci ilind\u0259 v\u0259fat etmi\u015fdir.<br>El\u00e7in \u018ff\u0259ndiyev 1943-c\u00fc il may\u0131n 13-d\u0259 Bak\u0131 \u015f\u0259h\u0259rind\u0259 anadan olmu\u015fdur. O, yarad\u0131c\u0131l\u0131\u011fa \u00f6t\u0259n \u0259srin 60-c\u0131 ill\u0259rind\u0259 ba\u015flam\u0131\u015f v\u0259 Az\u0259rbaycan \u0259d\u0259biyyat\u0131nda x\u00fcsusi yer tutan \u201c60-c\u0131lar\u201d \u0259d\u0259bi n\u0259slinin \u0259n apar\u0131c\u0131 n\u00fcmay\u0259nd\u0259l\u0259rind\u0259n biri olmu\u015fdur. Yaz\u0131\u00e7\u0131 milli \u0259d\u0259biyyata yeni ab-hava, yeni d\u0259y\u0259rl\u0259r v\u0259 b\u0259dii ifad\u0259 vasit\u0259l\u0259ri g\u0259tirmi\u015f, \u0259d\u0259bi m\u00fchitin inki\u015faf\u0131nda m\u00fcst\u0259sna rol oynam\u0131\u015fd\u0131r.<\/p>\n\n\n\n<p>Onun n\u0259sr \u0259s\u0259rl\u0259ri, hekay\u0259 v\u0259 povestl\u0259ri onlarla xarici \u00f6lk\u0259d\u0259 t\u0259rc\u00fcm\u0259 edil\u0259r\u0259k n\u0259\u015fr olunmu\u015f, Az\u0259rbaycan \u0259d\u0259biyyat\u0131n\u0131n beyn\u0259lxalq s\u0259viyy\u0259d\u0259 t\u0259bli\u011find\u0259 m\u00fch\u00fcm rol oynam\u0131\u015fd\u0131r. El\u00e7in \u018ff\u0259ndiyev milli \u0259d\u0259biyyat\u0131m\u0131z\u0131 xaricd\u0259 layiqinc\u0259 t\u0259msil ed\u0259n \u0259n tan\u0131nm\u0131\u015f simalardan biri olmu\u015fdur.<\/p>\n\n\n\n<p>El\u00e7in \u018ff\u0259ndiyevin z\u0259ngin yarad\u0131c\u0131l\u0131\u011f\u0131nda romanlar, povestl\u0259r, pyesl\u0259r v\u0259 elmi-t\u0259nqidi \u0259s\u0259rl\u0259r x\u00fcsusi yer tutur. Onun \u201cMahmud v\u0259 M\u0259ry\u0259m\u201d, \u201cA\u011f d\u0259v\u0259\u201d, \u201cBa\u015f\u201d, \u201cBayraqdarlar\u201d kimi \u0259s\u0259rl\u0259ri Az\u0259rbaycan \u0259d\u0259biyyat\u0131n\u0131n q\u0131z\u0131l fonduna daxil olmu\u015fdur. Dramaturgiya sah\u0259sind\u0259 d\u0259 m\u0259hsuldar f\u0259aliyy\u0259ti il\u0259 f\u0259rql\u0259n\u0259n yaz\u0131\u00e7\u0131n\u0131n s\u0259hn\u0259 \u0259s\u0259rl\u0259ri h\u0259m \u00f6lk\u0259, h\u0259m d\u0259 xarici teatrlar\u0131n repertuar\u0131nda geni\u015f yer alm\u0131\u015fd\u0131r.<\/p>\n\n\n\n<p>El\u00e7in \u018ff\u0259ndiyev yaln\u0131z yaz\u0131\u00e7\u0131 kimi deyil, h\u0259m d\u0259 ictimai-siyasi xadim kimi Az\u0259rbaycan d\u00f6vl\u0259t\u00e7iliyinin v\u0259 m\u0259d\u0259niyy\u0259tinin inki\u015faf\u0131nda b\u00f6y\u00fck xidm\u0259tl\u0259r g\u00f6st\u0259rmi\u015fdir. O, 1993\u20132018-ci ill\u0259rd\u0259 Az\u0259rbaycan Respublikas\u0131 Ba\u015f Nazirinin m\u00fcavini v\u0259zif\u0259sind\u0259 \u00e7al\u0131\u015faraq \u00f6lk\u0259nin ictimai-siyasi v\u0259 m\u0259d\u0259ni h\u0259yat\u0131nda m\u00fch\u00fcm rol oynam\u0131\u015fd\u0131r. Bununla yana\u015f\u0131, 1980-ci ill\u0259rin sonlar\u0131nda \u201cV\u0259t\u0259n\u201d c\u0259miyy\u0259tinin s\u0259dri kimi xaricd\u0259 ya\u015fayan az\u0259rbaycanl\u0131lar\u0131n birliyinin v\u0259 tarixi v\u0259t\u0259nl\u0259 \u0259laq\u0259l\u0259rinin m\u00f6hk\u0259ml\u0259nm\u0259sind\u0259, diaspor h\u0259r\u0259kat\u0131n\u0131n formala\u015fmas\u0131nda \u0259v\u0259zsiz xidm\u0259tl\u0259r g\u00f6st\u0259rmi\u015fdir.<\/p>\n\n\n\n<p>Az\u0259rbaycan \u0259d\u0259biyyat\u0131nda v\u0259 m\u0259d\u0259niyy\u0259tind\u0259 m\u00fcst\u0259sna xidm\u0259tl\u0259rin\u0259 g\u00f6r\u0259 \u201c\u0130stiqlal\u201d ordeni v\u0259 dig\u0259r y\u00fcks\u0259k d\u00f6vl\u0259t m\u00fckafatlar\u0131 il\u0259 t\u0259ltif olunmu\u015fdur.<\/p>\n\n\n\n<p>M\u0259d\u0259niyy\u0259t Nazirliyi El\u00e7in \u018ff\u0259ndiyevin v\u0259fat\u0131ndan k\u0259d\u0259rl\u0259ndiyini bildirir, m\u0259rhumun ail\u0259sin\u0259 v\u0259 yax\u0131nlar\u0131na d\u0259rin h\u00fcznl\u0259 ba\u015fsa\u011fl\u0131\u011f\u0131 verir. Onun z\u0259ngin irsi v\u0259 b\u00f6y\u00fck xidm\u0259tl\u0259ri xalq\u0131m\u0131z\u0131n yadda\u015f\u0131nda \u0259b\u0259di ya\u015fayacaqd\u0131r.<\/p>\n\n\n\n<p>Allah r\u0259hm\u0259t el\u0259sin<\/p>\n\n\n\n<p><strong>M\u0259nb\u0259: <a href=\"https:\/\/culture.gov.az\/\">https:\/\/culture.gov.az\/<\/a><\/strong><\/p>\n","protected":false},"excerpt":{"rendered":"<p>Az\u0259rbaycan m\u0259d\u0259niyy\u0259tin\u0259 a\u011f\u0131r itki \u00fcz vermi\u015fdir.G\u00f6rk\u0259mli yaz\u0131\u00e7\u0131, nasir, dramaturq, t\u0259nqid\u00e7i, \u0259d\u0259biyyat\u015f\u00fcnas, filologiya elml\u0259ri doktoru, professor, Az\u0259rbaycan Yaz\u0131\u00e7\u0131lar Birliyinin \u00fczv\u00fc, Az\u0259rbaycan Respublikas\u0131n\u0131n Xalq yaz\u0131\u00e7\u0131s\u0131 (1998), \u201c\u0130stiqlal\u201d ordenli (2003), d\u00f6vl\u0259t v\u0259 ictimai xadim El\u00e7in \u0130lyas o\u011flu \u018ff\u0259ndiyev 2025-ci il avqustun 3-d\u0259, \u00f6mr\u00fcn\u00fcn 82-ci ilind\u0259 v\u0259fat etmi\u015fdir.El\u00e7in \u018ff\u0259ndiyev 1943-c\u00fc il may\u0131n 13-d\u0259 Bak\u0131 \u015f\u0259h\u0259rind\u0259 anadan olmu\u015fdur. O, yarad\u0131c\u0131l\u0131\u011fa [&hellip;]<\/p>\n","protected":false},"author":2,"featured_media":0,"comment_status":"open","ping_status":"open","sticky":false,"template":"","format":"standard","meta":{"footnotes":""},"categories":[49],"tags":[],"class_list":["post-49677","post","type-post","status-publish","format-standard","hentry","category-medeniyyat"],"_links":{"self":[{"href":"https:\/\/edebiyyat-az.com\/index.php?rest_route=\/wp\/v2\/posts\/49677","targetHints":{"allow":["GET"]}}],"collection":[{"href":"https:\/\/edebiyyat-az.com\/index.php?rest_route=\/wp\/v2\/posts"}],"about":[{"href":"https:\/\/edebiyyat-az.com\/index.php?rest_route=\/wp\/v2\/types\/post"}],"author":[{"embeddable":true,"href":"https:\/\/edebiyyat-az.com\/index.php?rest_route=\/wp\/v2\/users\/2"}],"replies":[{"embeddable":true,"href":"https:\/\/edebiyyat-az.com\/index.php?rest_route=%2Fwp%2Fv2%2Fcomments&post=49677"}],"version-history":[{"count":1,"href":"https:\/\/edebiyyat-az.com\/index.php?rest_route=\/wp\/v2\/posts\/49677\/revisions"}],"predecessor-version":[{"id":49682,"href":"https:\/\/edebiyyat-az.com\/index.php?rest_route=\/wp\/v2\/posts\/49677\/revisions\/49682"}],"wp:attachment":[{"href":"https:\/\/edebiyyat-az.com\/index.php?rest_route=%2Fwp%2Fv2%2Fmedia&parent=49677"}],"wp:term":[{"taxonomy":"category","embeddable":true,"href":"https:\/\/edebiyyat-az.com\/index.php?rest_route=%2Fwp%2Fv2%2Fcategories&post=49677"},{"taxonomy":"post_tag","embeddable":true,"href":"https:\/\/edebiyyat-az.com\/index.php?rest_route=%2Fwp%2Fv2%2Ftags&post=49677"}],"curies":[{"name":"wp","href":"https:\/\/api.w.org\/{rel}","templated":true}]}}