{"id":49695,"date":"2025-08-08T10:00:00","date_gmt":"2025-08-08T06:00:00","guid":{"rendered":"https:\/\/edebiyyat-az.com\/?p=49695"},"modified":"2025-08-08T15:16:06","modified_gmt":"2025-08-08T11:16:06","slug":"sair-publisist-rafiq-odayin-ruhum-goyl%c9%99r-%c9%99man%c9%99ti-adli-yeni-kitabi-n%c9%99sr%c9%99-hazirlanir","status":"publish","type":"post","link":"https:\/\/edebiyyat-az.com\/?p=49695","title":{"rendered":"\u015eair-publisist Rafiq Oday\u0131n &#8220;Ruhum g\u00f6yl\u0259r \u0259man\u0259ti&#8221; adl\u0131 yeni kitab\u0131 n\u0259\u015fr\u0259 haz\u0131rlan\u0131r"},"content":{"rendered":"\n<figure class=\"wp-block-image size-large\"><a href=\"https:\/\/edebiyyat-az.com\/wp-content\/uploads\/2025\/08\/Rafiq-Oday.jpg\"><img loading=\"lazy\" decoding=\"async\" width=\"1024\" height=\"649\" src=\"https:\/\/edebiyyat-az.com\/wp-content\/uploads\/2025\/08\/Rafiq-Oday-1024x649.jpg\" alt=\"\" class=\"wp-image-49698\" srcset=\"https:\/\/edebiyyat-az.com\/wp-content\/uploads\/2025\/08\/Rafiq-Oday-1024x649.jpg 1024w, https:\/\/edebiyyat-az.com\/wp-content\/uploads\/2025\/08\/Rafiq-Oday-300x190.jpg 300w, https:\/\/edebiyyat-az.com\/wp-content\/uploads\/2025\/08\/Rafiq-Oday-768x487.jpg 768w, https:\/\/edebiyyat-az.com\/wp-content\/uploads\/2025\/08\/Rafiq-Oday-1536x973.jpg 1536w, https:\/\/edebiyyat-az.com\/wp-content\/uploads\/2025\/08\/Rafiq-Oday.jpg 1600w\" sizes=\"auto, (max-width: 1024px) 100vw, 1024px\" \/><\/a><\/figure>\n\n\n\n<p>Az\u0259rbaycan Jurnalistl\u0259r Birliyinin Sumqay\u0131t \u015f\u0259h\u0259r t\u0259\u015fkilat\u0131n\u0131n s\u0259dri, Az\u0259rbaycan Respublikas\u0131n\u0131n \u018fm\u0259kdar jurnalisti, \u00a0&#8220;H\u0259s\u0259n B\u0259y Z\u0259rdabi&#8221; \u00a0&#8220;Qafqaz &#8211; Media&#8221; v\u0259 &#8220;Q\u0131z\u0131l q\u0259l\u0259m&#8221; m\u00fckafatlar\u0131 laureat\u0131, Az\u0259rbaycan\u0131n M\u0259d\u0259niyy\u0259t v\u0259 Portal\u0131n\u0131n t\u0259sis\u00e7isi v\u0259 direktoru, \u015fair-publisist Rafiq Oday\u0131n &#8220;Ruhum g\u00f6yl\u0259r \u0259man\u0259ti&#8221; adl\u0131 yeni kitab\u0131 n\u0259\u015fr\u0259 haz\u0131rlan\u0131r.<\/p>\n\n\n\n<p>Qeyd ed\u0259k ki, \u015fair-publisist Rafiq Oday\u0131n bundan \u00f6nc\u0259 &#8220;Bir yol ba\u015flam\u0131\u015fam&#8221;, &#8220;Gec\u0259l\u0259r i\u00e7im\u0259 g\u00f6y\u00fcz\u00fc ya\u011far&#8221;, &#8220;\u00d6m\u00fcr gedir \u00f6z k\u00f6\u00e7\u00fcnd\u0259&#8221;, &#8220;\u015e\u0259rur folkloru \u2013 Rafiq Oday\u0131n t\u0259qdimat\u0131nda&#8221;, &#8220;Qaraba\u011f \u015fik\u0259st\u0259si&#8221;, &#8220;Xatir\u0259l\u0259r i\u015f\u0131\u011f\u0131nda&#8221;, &#8220;3 Aprel g\u00fcn\u0259\u015fi&#8221;, &#8220;\u018flli min d\u0259 qay\u011f\u0131s\u0131 var \u0259llimin&#8221;, &#8220;\u018fd\u0259bi-t\u0259nqidi m\u0259qal\u0259l\u0259r&#8221;, &#8220;H\u0259yat\u0131n ya\u015fama d\u00fcsturu&#8221; v\u0259 &#8220;Q\u0259rib ruhlar\u0131n n\u0259\u011fm\u0259si&#8221; kitablar\u0131 i\u015f\u0131q \u00fcz\u00fc g\u00f6r\u00fcb.<\/p>\n\n\n\n<p><strong>Az\u0259rbaycan\u0131n M\u0259d\u0259niyy\u0259t v\u0259 \u018fd\u0259biyyat Portal\u0131n\u0131n M\u0259tbuat xidm\u0259ti&nbsp;<br>v\u0259 \u0130ctimaiyy\u0259tl\u0259 \u0259laq\u0259l\u0259r \u015f\u00f6b\u0259si.<\/strong><\/p>\n","protected":false},"excerpt":{"rendered":"<p>Az\u0259rbaycan Jurnalistl\u0259r Birliyinin Sumqay\u0131t \u015f\u0259h\u0259r t\u0259\u015fkilat\u0131n\u0131n s\u0259dri, Az\u0259rbaycan Respublikas\u0131n\u0131n \u018fm\u0259kdar jurnalisti, \u00a0&#8220;H\u0259s\u0259n B\u0259y Z\u0259rdabi&#8221; \u00a0&#8220;Qafqaz &#8211; Media&#8221; v\u0259 &#8220;Q\u0131z\u0131l q\u0259l\u0259m&#8221; m\u00fckafatlar\u0131 laureat\u0131, Az\u0259rbaycan\u0131n M\u0259d\u0259niyy\u0259t v\u0259 Portal\u0131n\u0131n t\u0259sis\u00e7isi v\u0259 direktoru, \u015fair-publisist Rafiq Oday\u0131n &#8220;Ruhum g\u00f6yl\u0259r \u0259man\u0259ti&#8221; adl\u0131 yeni kitab\u0131 n\u0259\u015fr\u0259 haz\u0131rlan\u0131r. Qeyd ed\u0259k ki, \u015fair-publisist Rafiq Oday\u0131n bundan \u00f6nc\u0259 &#8220;Bir yol ba\u015flam\u0131\u015fam&#8221;, &#8220;Gec\u0259l\u0259r i\u00e7im\u0259 g\u00f6y\u00fcz\u00fc ya\u011far&#8221;, [&hellip;]<\/p>\n","protected":false},"author":2,"featured_media":0,"comment_status":"open","ping_status":"open","sticky":false,"template":"","format":"standard","meta":{"footnotes":""},"categories":[49],"tags":[],"class_list":["post-49695","post","type-post","status-publish","format-standard","hentry","category-medeniyyat"],"_links":{"self":[{"href":"https:\/\/edebiyyat-az.com\/index.php?rest_route=\/wp\/v2\/posts\/49695","targetHints":{"allow":["GET"]}}],"collection":[{"href":"https:\/\/edebiyyat-az.com\/index.php?rest_route=\/wp\/v2\/posts"}],"about":[{"href":"https:\/\/edebiyyat-az.com\/index.php?rest_route=\/wp\/v2\/types\/post"}],"author":[{"embeddable":true,"href":"https:\/\/edebiyyat-az.com\/index.php?rest_route=\/wp\/v2\/users\/2"}],"replies":[{"embeddable":true,"href":"https:\/\/edebiyyat-az.com\/index.php?rest_route=%2Fwp%2Fv2%2Fcomments&post=49695"}],"version-history":[{"count":3,"href":"https:\/\/edebiyyat-az.com\/index.php?rest_route=\/wp\/v2\/posts\/49695\/revisions"}],"predecessor-version":[{"id":49702,"href":"https:\/\/edebiyyat-az.com\/index.php?rest_route=\/wp\/v2\/posts\/49695\/revisions\/49702"}],"wp:attachment":[{"href":"https:\/\/edebiyyat-az.com\/index.php?rest_route=%2Fwp%2Fv2%2Fmedia&parent=49695"}],"wp:term":[{"taxonomy":"category","embeddable":true,"href":"https:\/\/edebiyyat-az.com\/index.php?rest_route=%2Fwp%2Fv2%2Fcategories&post=49695"},{"taxonomy":"post_tag","embeddable":true,"href":"https:\/\/edebiyyat-az.com\/index.php?rest_route=%2Fwp%2Fv2%2Ftags&post=49695"}],"curies":[{"name":"wp","href":"https:\/\/api.w.org\/{rel}","templated":true}]}}