{"id":49815,"date":"2025-09-23T08:00:00","date_gmt":"2025-09-23T04:00:00","guid":{"rendered":"https:\/\/edebiyyat-az.com\/?p=49815"},"modified":"2025-09-23T13:35:45","modified_gmt":"2025-09-23T09:35:45","slug":"dunya-g%c9%99nc-turk-yazarlar-birliyind%c9%99n-yeni-kitab-q%c9%99rbi-az%c9%99rbaycan-hekay%c9%99l%c9%99ri","status":"publish","type":"post","link":"https:\/\/edebiyyat-az.com\/?p=49815","title":{"rendered":"D\u00fcnya G\u0259nc T\u00fcrk Yazarlar Birliyind\u0259n yeni kitab &#8211; &#8220;Q\u0259rbi Az\u0259rbaycan hekay\u0259l\u0259ri&#8221;"},"content":{"rendered":"\n<figure class=\"wp-block-image size-large\"><a href=\"https:\/\/edebiyyat-az.com\/wp-content\/uploads\/2025\/09\/dgtyb-yeni-nesr.jpg\"><img loading=\"lazy\" decoding=\"async\" width=\"1024\" height=\"654\" src=\"https:\/\/edebiyyat-az.com\/wp-content\/uploads\/2025\/09\/dgtyb-yeni-nesr-1024x654.jpg\" alt=\"\" class=\"wp-image-49821\" srcset=\"https:\/\/edebiyyat-az.com\/wp-content\/uploads\/2025\/09\/dgtyb-yeni-nesr-1024x654.jpg 1024w, https:\/\/edebiyyat-az.com\/wp-content\/uploads\/2025\/09\/dgtyb-yeni-nesr-300x192.jpg 300w, https:\/\/edebiyyat-az.com\/wp-content\/uploads\/2025\/09\/dgtyb-yeni-nesr-768x491.jpg 768w, https:\/\/edebiyyat-az.com\/wp-content\/uploads\/2025\/09\/dgtyb-yeni-nesr.jpg 1496w\" sizes=\"auto, (max-width: 1024px) 100vw, 1024px\" \/><\/a><\/figure>\n\n\n\n<p>Az\u0259rbaycan Respublikas\u0131n\u0131n Qeyri-H\u00f6kum\u0259t T\u0259\u015fkilatlar\u0131na D\u00f6vl\u0259t D\u0259st\u0259yi Agentliyinin d\u0259st\u0259yi il\u0259 D\u00fcnya G\u0259nc T\u00fcrk Yazarlar Birliyinin h\u0259yata ke\u00e7irdiyi &#8220;T\u00fcrk d\u00fcnyas\u0131nda Q\u0259rbi Az\u0259rbaycan m\u00f6vzusu&#8221; adl\u0131 layih\u0259 \u00e7\u0259r\u00e7iv\u0259sind\u0259 &#8220;Q\u0259rbi Az\u0259rbaycan hekay\u0259l\u0259ri&#8221; adl\u0131 kitab \u00e7ap olunub.<\/p>\n","protected":false},"excerpt":{"rendered":"<p>Az\u0259rbaycan Respublikas\u0131n\u0131n Qeyri-H\u00f6kum\u0259t T\u0259\u015fkilatlar\u0131na D\u00f6vl\u0259t D\u0259st\u0259yi Agentliyinin d\u0259st\u0259yi il\u0259 D\u00fcnya G\u0259nc T\u00fcrk Yazarlar Birliyinin h\u0259yata ke\u00e7irdiyi &#8220;T\u00fcrk d\u00fcnyas\u0131nda Q\u0259rbi Az\u0259rbaycan m\u00f6vzusu&#8221; adl\u0131 layih\u0259 \u00e7\u0259r\u00e7iv\u0259sind\u0259 &#8220;Q\u0259rbi Az\u0259rbaycan hekay\u0259l\u0259ri&#8221; adl\u0131 kitab \u00e7ap olunub.<\/p>\n","protected":false},"author":2,"featured_media":0,"comment_status":"open","ping_status":"open","sticky":false,"template":"","format":"standard","meta":{"footnotes":""},"categories":[35],"tags":[],"class_list":["post-49815","post","type-post","status-publish","format-standard","hentry","category-yeni-nsrlr"],"_links":{"self":[{"href":"https:\/\/edebiyyat-az.com\/index.php?rest_route=\/wp\/v2\/posts\/49815","targetHints":{"allow":["GET"]}}],"collection":[{"href":"https:\/\/edebiyyat-az.com\/index.php?rest_route=\/wp\/v2\/posts"}],"about":[{"href":"https:\/\/edebiyyat-az.com\/index.php?rest_route=\/wp\/v2\/types\/post"}],"author":[{"embeddable":true,"href":"https:\/\/edebiyyat-az.com\/index.php?rest_route=\/wp\/v2\/users\/2"}],"replies":[{"embeddable":true,"href":"https:\/\/edebiyyat-az.com\/index.php?rest_route=%2Fwp%2Fv2%2Fcomments&post=49815"}],"version-history":[{"count":1,"href":"https:\/\/edebiyyat-az.com\/index.php?rest_route=\/wp\/v2\/posts\/49815\/revisions"}],"predecessor-version":[{"id":49822,"href":"https:\/\/edebiyyat-az.com\/index.php?rest_route=\/wp\/v2\/posts\/49815\/revisions\/49822"}],"wp:attachment":[{"href":"https:\/\/edebiyyat-az.com\/index.php?rest_route=%2Fwp%2Fv2%2Fmedia&parent=49815"}],"wp:term":[{"taxonomy":"category","embeddable":true,"href":"https:\/\/edebiyyat-az.com\/index.php?rest_route=%2Fwp%2Fv2%2Fcategories&post=49815"},{"taxonomy":"post_tag","embeddable":true,"href":"https:\/\/edebiyyat-az.com\/index.php?rest_route=%2Fwp%2Fv2%2Ftags&post=49815"}],"curies":[{"name":"wp","href":"https:\/\/api.w.org\/{rel}","templated":true}]}}