{"id":49846,"date":"2025-09-30T08:00:00","date_gmt":"2025-09-30T04:00:00","guid":{"rendered":"https:\/\/edebiyyat-az.com\/?p=49846"},"modified":"2025-09-30T13:06:48","modified_gmt":"2025-09-30T09:06:48","slug":"g%c9%99nc-yazar-elcin-m%c9%99h%c9%99rr%c9%99min-olu-xatir%c9%99l%c9%99r-dukaniadli-yeni-kitabi-isiq-uzu-gorub","status":"publish","type":"post","link":"https:\/\/edebiyyat-az.com\/?p=49846","title":{"rendered":"G\u0259nc yazar El\u00e7in M\u0259h\u0259rr\u0259min &#8220;\u00d6l\u00fc xatir\u0259l\u0259r d\u00fckan\u0131&#8221;adl\u0131 yeni kitab\u0131 i\u015f\u0131q \u00fcz\u00fc g\u00f6r\u00fcb"},"content":{"rendered":"\n<figure class=\"wp-block-image size-large\"><a href=\"https:\/\/edebiyyat-az.com\/wp-content\/uploads\/2025\/09\/Elcin-M\u0259h\u0259rr\u0259m.jpg\"><img loading=\"lazy\" decoding=\"async\" width=\"1024\" height=\"741\" src=\"https:\/\/edebiyyat-az.com\/wp-content\/uploads\/2025\/09\/Elcin-M\u0259h\u0259rr\u0259m-1024x741.jpg\" alt=\"\" class=\"wp-image-49851\" srcset=\"https:\/\/edebiyyat-az.com\/wp-content\/uploads\/2025\/09\/Elcin-M\u0259h\u0259rr\u0259m-1024x741.jpg 1024w, https:\/\/edebiyyat-az.com\/wp-content\/uploads\/2025\/09\/Elcin-M\u0259h\u0259rr\u0259m-300x217.jpg 300w, https:\/\/edebiyyat-az.com\/wp-content\/uploads\/2025\/09\/Elcin-M\u0259h\u0259rr\u0259m-768x556.jpg 768w, https:\/\/edebiyyat-az.com\/wp-content\/uploads\/2025\/09\/Elcin-M\u0259h\u0259rr\u0259m.jpg 1280w\" sizes=\"auto, (max-width: 1024px) 100vw, 1024px\" \/><\/a><\/figure>\n\n\n\n<p>Yeni n\u0259sil Az\u0259rbaycan g\u0259ncliyinin istedadl\u0131 n\u00fcmay\u0259nd\u0259si, Az\u0259rbaycan Yaz\u0131\u00e7\u0131lar (AYB) v\u0259 D\u00fcnya G\u0259nc T\u00fcrk Yazarlar Birliyinin (DGTYB) \u00fczv\u00fc, Prezident t\u0259qa\u00fcd\u00e7\u00fcs\u00fc g\u0259nc yazar El\u00e7in M\u0259h\u0259rr\u0259min &#8220;\u00d6l\u00fc xatir\u0259l\u0259r d\u00fckan\u0131&#8221;adl\u0131 yeni kitab\u0131 i\u015f\u0131q \u00fcz\u00fc g\u00f6r\u00fcb.<\/p>\n\n\n\n<p>Kitab m\u00fc\u0259llifin oxucular\u0131yla sayca birinci g\u00f6r\u00fc\u015f\u00fcd\u00fcr. Geni\u015f oxucu auditoriyas\u0131 \u00fc\u00e7\u00fcn n\u0259z\u0259rd\u0259 tutulmu\u015fdur.<\/p>\n\n\n\n<p><strong>Az\u0259rbaycan\u0131n M\u0259d\u0259niyy\u0259t v\u0259 \u018fd\u0259biyyat Portal\u0131n\u0131n M\u0259tbuat xidm\u0259ti<\/strong>&nbsp;<strong>v\u0259 \u0130ctimaiyy\u0259tl\u0259 \u0259laq\u0259l\u0259r \u015f\u00f6b\u0259si.<\/strong><\/p>\n\n\n\n<p><\/p>\n","protected":false},"excerpt":{"rendered":"<p>Yeni n\u0259sil Az\u0259rbaycan g\u0259ncliyinin istedadl\u0131 n\u00fcmay\u0259nd\u0259si, Az\u0259rbaycan Yaz\u0131\u00e7\u0131lar (AYB) v\u0259 D\u00fcnya G\u0259nc T\u00fcrk Yazarlar Birliyinin (DGTYB) \u00fczv\u00fc, Prezident t\u0259qa\u00fcd\u00e7\u00fcs\u00fc g\u0259nc yazar El\u00e7in M\u0259h\u0259rr\u0259min &#8220;\u00d6l\u00fc xatir\u0259l\u0259r d\u00fckan\u0131&#8221;adl\u0131 yeni kitab\u0131 i\u015f\u0131q \u00fcz\u00fc g\u00f6r\u00fcb. Kitab m\u00fc\u0259llifin oxucular\u0131yla sayca birinci g\u00f6r\u00fc\u015f\u00fcd\u00fcr. Geni\u015f oxucu auditoriyas\u0131 \u00fc\u00e7\u00fcn n\u0259z\u0259rd\u0259 tutulmu\u015fdur. Az\u0259rbaycan\u0131n M\u0259d\u0259niyy\u0259t v\u0259 \u018fd\u0259biyyat Portal\u0131n\u0131n M\u0259tbuat xidm\u0259ti&nbsp;v\u0259 \u0130ctimaiyy\u0259tl\u0259 \u0259laq\u0259l\u0259r \u015f\u00f6b\u0259si.<\/p>\n","protected":false},"author":2,"featured_media":0,"comment_status":"open","ping_status":"open","sticky":false,"template":"","format":"standard","meta":{"footnotes":""},"categories":[35],"tags":[],"class_list":["post-49846","post","type-post","status-publish","format-standard","hentry","category-yeni-nsrlr"],"_links":{"self":[{"href":"https:\/\/edebiyyat-az.com\/index.php?rest_route=\/wp\/v2\/posts\/49846","targetHints":{"allow":["GET"]}}],"collection":[{"href":"https:\/\/edebiyyat-az.com\/index.php?rest_route=\/wp\/v2\/posts"}],"about":[{"href":"https:\/\/edebiyyat-az.com\/index.php?rest_route=\/wp\/v2\/types\/post"}],"author":[{"embeddable":true,"href":"https:\/\/edebiyyat-az.com\/index.php?rest_route=\/wp\/v2\/users\/2"}],"replies":[{"embeddable":true,"href":"https:\/\/edebiyyat-az.com\/index.php?rest_route=%2Fwp%2Fv2%2Fcomments&post=49846"}],"version-history":[{"count":1,"href":"https:\/\/edebiyyat-az.com\/index.php?rest_route=\/wp\/v2\/posts\/49846\/revisions"}],"predecessor-version":[{"id":49852,"href":"https:\/\/edebiyyat-az.com\/index.php?rest_route=\/wp\/v2\/posts\/49846\/revisions\/49852"}],"wp:attachment":[{"href":"https:\/\/edebiyyat-az.com\/index.php?rest_route=%2Fwp%2Fv2%2Fmedia&parent=49846"}],"wp:term":[{"taxonomy":"category","embeddable":true,"href":"https:\/\/edebiyyat-az.com\/index.php?rest_route=%2Fwp%2Fv2%2Fcategories&post=49846"},{"taxonomy":"post_tag","embeddable":true,"href":"https:\/\/edebiyyat-az.com\/index.php?rest_route=%2Fwp%2Fv2%2Ftags&post=49846"}],"curies":[{"name":"wp","href":"https:\/\/api.w.org\/{rel}","templated":true}]}}