{"id":49898,"date":"2025-10-15T08:00:00","date_gmt":"2025-10-15T04:00:00","guid":{"rendered":"https:\/\/edebiyyat-az.com\/?p=49898"},"modified":"2025-10-16T16:11:57","modified_gmt":"2025-10-16T12:11:57","slug":"ustad-tarz%c9%99n-xalq-artisti-ramiz-quliyev-v%c9%99fat-edib","status":"publish","type":"post","link":"https:\/\/edebiyyat-az.com\/?p=49898","title":{"rendered":"Ustad tarz\u0259n, Xalq artisti Ramiz Quliyev v\u0259fat edib"},"content":{"rendered":"\n<p><\/p>\n\n\n\n<figure class=\"wp-block-image size-large\"><img decoding=\"async\" src=\"https:\/\/admin.culture.gov.az\/storage\/uploads\/news\/coverImages\/az\/eajOlz0KS3Wn4UU8Bytq1760614607.png\" alt=\"\"\/><\/figure>\n\n\n\n<p>Az\u0259rbaycan m\u0259d\u0259niyy\u0259tin\u0259 a\u011f\u0131r itki \u00fcz verib. G\u00f6rk\u0259mli tarz\u0259n, pedaqoq, D\u00f6vl\u0259t m\u00fckafat\u0131 laureat\u0131, Xalq artisti, professor Ramiz Quliyev 15 oktyabr 2025-ci il tarixind\u0259, 78 ya\u015f\u0131nda v\u0259fat edib<br>Ramiz \u018fyyub o\u011flu Quliyev 30 aprel 1947-ci ild\u0259 A\u011fdam \u015f\u0259h\u0259rind\u0259 anadan olub.<br>1960-c\u0131 ild\u0259 A\u011fdam \u015f\u0259h\u0259r 7 illik musiqi m\u0259kt\u0259bini tar ixtisas\u0131 \u00fczr\u0259 bitirib. H\u0259min ild\u0259n \u00dc.Hac\u0131b\u0259yli ad\u0131na A\u011fdam Orta \u0130xtisas Musiqi M\u0259kt\u0259bind\u0259 t\u0259hsilini davam etdirib. 1964 \u20131969-cu ill\u0259rd\u0259 \u00dc.Hac\u0131b\u0259yli ad\u0131na Az\u0259rbaycan D\u00f6vl\u0259t Konservatoriyas\u0131nda (indiki Bak\u0131 Musiqi Akademiyas\u0131) tar v\u0259 dirijorluq ixtisaslar\u0131 \u00fczr\u0259 t\u0259hsil al\u0131b.&nbsp;<br>1963\u20131974-c\u00fc ill\u0259rd\u0259 A\u011fdam v\u0259 Bak\u0131da musiqi m\u0259kt\u0259bl\u0259rind\u0259 m\u00fc\u0259llim i\u015fl\u0259yib. Daha sonra \u00dc.Hac\u0131b\u0259yli ad\u0131na Az\u0259rbaycan D\u00f6vl\u0259t Konservatoriyas\u0131nda Xalq \u00e7al\u011f\u0131 al\u0259tl\u0259ri kafedras\u0131nda tar ixtisas\u0131 \u00fczr\u0259 m\u00fc\u0259llimlikd\u0259n professorlu\u011fa kimi y\u00fcks\u0259lib. Ustad tarz\u0259n 1990\u20132002-ci ill\u0259rd\u0259 h\u0259min kafedraya r\u0259hb\u0259rlik edib. 2004-c\u00fc ild\u0259n \u00f6mr\u00fcn\u00fcn sonunad\u0259k Bak\u0131 Musiqi Akademiyas\u0131nda \u201c\u015eifahi \u0259n\u0259n\u0259li Az\u0259rbaycan professional musiqisi v\u0259 onun yeni istiqam\u0259tl\u0259rinin t\u0259dqiqi: orqanologiya v\u0259 akustika\u201d elmi-t\u0259dqiqat laboratoriyas\u0131n\u0131n ba\u015f elmi i\u015f\u00e7isi v\u0259zif\u0259sind\u0259 \u00e7al\u0131\u015f\u0131b.<br>Ramiz Quliyev pedaqoji f\u0259aliyy\u0259tl\u0259 yana\u015f\u0131, tar ifa\u00e7\u0131l\u0131\u011f\u0131 s\u0259n\u0259tin\u0259 dair sanball\u0131 kitab v\u0259 d\u0259rs v\u0259saitl\u0259rinin m\u00fc\u0259llifidir. M\u00fcxt\u0259lif ill\u0259rd\u0259 n\u0259\u015fr olunan \u201cAz\u0259rbaycan b\u0259st\u0259karlar\u0131n\u0131n \u0259s\u0259rl\u0259rinin tar v\u0259 fortepiano \u00fc\u00e7\u00fcn i\u015fl\u0259m\u0259l\u0259ri\u201d, \u201cXarici b\u0259st\u0259karlar\u0131n \u0259s\u0259rl\u0259rinin tar v\u0259 fortepiano \u00fc\u00e7\u00fcn i\u015fl\u0259m\u0259l\u0259ri\u201d d\u0259rs v\u0259saitl\u0259ri, el\u0259c\u0259 d\u0259 \u201cAz\u0259rbaycan v\u0259 xarici b\u0259st\u0259karlar\u0131n \u0259s\u0259rl\u0259rinin iki tar v\u0259 fortepiano \u00fc\u00e7\u00fcn k\u00f6\u00e7\u00fcrm\u0259 v\u0259 i\u015fl\u0259m\u0259l\u0259ri\u201d adl\u0131 ikicildlik kitab\u0131 b\u00f6y\u00fck maraqla qar\u015f\u0131lan\u0131b v\u0259 bu g\u00fcn d\u0259 t\u0259hsil ocaqlar\u0131nda geni\u015f t\u0259dris olunur.&nbsp;<br>Ramiz Quliyev eyni zamanda Heyd\u0259r \u018fliyev Fondu v\u0259 M\u0259d\u0259niyy\u0259t Nazirliyinin d\u0259st\u0259yi v\u0259 t\u0259\u015fkilat\u00e7\u0131l\u0131\u011f\u0131 il\u0259 h\u0259yata ke\u00e7iril\u0259n yerli v\u0259 beyn\u0259lxalq inc\u0259s\u0259n\u0259t layih\u0259l\u0259rind\u0259 yax\u0131ndan i\u015ftirak edib, bir s\u0131ra m\u00fcsabiq\u0259l\u0259rd\u0259, festivallarda m\u00fcnsifl\u0259r hey\u0259tinin s\u0259dri kimi f\u0259aliyy\u0259t g\u00f6st\u0259rib. &nbsp;<br>S\u0259n\u0259tkar T\u00fcrkiy\u0259, \u018ffqan\u0131stan, Suriya, \u0130sve\u00e7r\u0259, Almaniya, Pakistan, \u018flc\u0259zair, Tunis, Hindistan, Yaponiya, AB\u015e, Kanada, Pol\u015fa, Danimarka, \u0130ran, \u0130raq, Fransa, \u0130ngilt\u0259r\u0259, \u0130srail, Norve\u00e7 v\u0259 dig\u0259r \u00f6lk\u0259l\u0259rd\u0259 qastrol s\u0259f\u0259rl\u0259rind\u0259 v\u0259 beyn\u0259lxalq festivallarda musiqi m\u0259d\u0259niyy\u0259timizi y\u00fcks\u0259k s\u0259viyy\u0259d\u0259 t\u0259msil edib. &nbsp;<br>Ustad tarz\u0259nin musiqi m\u0259d\u0259niyy\u0259timizin inki\u015faf\u0131ndak\u0131 xidm\u0259tl\u0259ri d\u00f6vl\u0259timiz t\u0259r\u0259find\u0259n daim y\u00fcks\u0259k qiym\u0259tl\u0259ndirilib. O, \u201c\u018fm\u0259kdar artist\u201d (1982), \u201cXalq artisti\u201d (1988) f\u0259xri adlar\u0131na, \u201c\u015e\u00f6hr\u0259t\u201d (2007) v\u0259 \u201c\u015e\u0259r\u0259f\u201d (2017) ordenl\u0259rin\u0259, el\u0259c\u0259 d\u0259 Az\u0259rbaycan Respublikas\u0131n\u0131n D\u00f6vl\u0259t M\u00fckafat\u0131na (2014) layiq g\u00f6r\u00fcl\u00fcb. S\u0259n\u0259tkar 2004-c\u00fc ild\u0259n Prezidentin f\u0259rdi t\u0259qa\u00fcd\u00e7\u00fcs\u00fc idi.&nbsp;<br>M\u0259d\u0259niyy\u0259t Nazirliyinin kollektivi Xalq artisti Ramiz Quliyevin v\u0259fat\u0131ndan k\u0259d\u0259rl\u0259ndiyini bildirir, m\u0259rhumun ail\u0259sin\u0259 v\u0259 yax\u0131nlar\u0131na d\u0259rin h\u00fcznl\u0259 ba\u015fsa\u011fl\u0131\u011f\u0131 verir.<br>Allah r\u0259hm\u0259t el\u0259sin.<\/p>\n\n\n\n<p><strong><strong>M\u0259nb\u0259:<a href=\"https:\/\/culture.gov.az\/\">&nbsp;https:\/\/culture.gov.az\/<\/a><\/strong><\/strong><\/p>\n\n\n\n<p><\/p>\n\n\n\n<p><\/p>\n\n\n\n<p><\/p>\n","protected":false},"excerpt":{"rendered":"<p>Az\u0259rbaycan m\u0259d\u0259niyy\u0259tin\u0259 a\u011f\u0131r itki \u00fcz verib. G\u00f6rk\u0259mli tarz\u0259n, pedaqoq, D\u00f6vl\u0259t m\u00fckafat\u0131 laureat\u0131, Xalq artisti, professor Ramiz Quliyev 15 oktyabr 2025-ci il tarixind\u0259, 78 ya\u015f\u0131nda v\u0259fat edibRamiz \u018fyyub o\u011flu Quliyev 30 aprel 1947-ci ild\u0259 A\u011fdam \u015f\u0259h\u0259rind\u0259 anadan olub.1960-c\u0131 ild\u0259 A\u011fdam \u015f\u0259h\u0259r 7 illik musiqi m\u0259kt\u0259bini tar ixtisas\u0131 \u00fczr\u0259 bitirib. H\u0259min ild\u0259n \u00dc.Hac\u0131b\u0259yli ad\u0131na A\u011fdam Orta \u0130xtisas [&hellip;]<\/p>\n","protected":false},"author":2,"featured_media":0,"comment_status":"open","ping_status":"open","sticky":false,"template":"","format":"standard","meta":{"footnotes":""},"categories":[49],"tags":[],"class_list":["post-49898","post","type-post","status-publish","format-standard","hentry","category-medeniyyat"],"_links":{"self":[{"href":"https:\/\/edebiyyat-az.com\/index.php?rest_route=\/wp\/v2\/posts\/49898","targetHints":{"allow":["GET"]}}],"collection":[{"href":"https:\/\/edebiyyat-az.com\/index.php?rest_route=\/wp\/v2\/posts"}],"about":[{"href":"https:\/\/edebiyyat-az.com\/index.php?rest_route=\/wp\/v2\/types\/post"}],"author":[{"embeddable":true,"href":"https:\/\/edebiyyat-az.com\/index.php?rest_route=\/wp\/v2\/users\/2"}],"replies":[{"embeddable":true,"href":"https:\/\/edebiyyat-az.com\/index.php?rest_route=%2Fwp%2Fv2%2Fcomments&post=49898"}],"version-history":[{"count":2,"href":"https:\/\/edebiyyat-az.com\/index.php?rest_route=\/wp\/v2\/posts\/49898\/revisions"}],"predecessor-version":[{"id":49907,"href":"https:\/\/edebiyyat-az.com\/index.php?rest_route=\/wp\/v2\/posts\/49898\/revisions\/49907"}],"wp:attachment":[{"href":"https:\/\/edebiyyat-az.com\/index.php?rest_route=%2Fwp%2Fv2%2Fmedia&parent=49898"}],"wp:term":[{"taxonomy":"category","embeddable":true,"href":"https:\/\/edebiyyat-az.com\/index.php?rest_route=%2Fwp%2Fv2%2Fcategories&post=49898"},{"taxonomy":"post_tag","embeddable":true,"href":"https:\/\/edebiyyat-az.com\/index.php?rest_route=%2Fwp%2Fv2%2Ftags&post=49898"}],"curies":[{"name":"wp","href":"https:\/\/api.w.org\/{rel}","templated":true}]}}