{"id":49951,"date":"2025-11-08T08:00:00","date_gmt":"2025-11-08T04:00:00","guid":{"rendered":"https:\/\/edebiyyat-az.com\/?p=49951"},"modified":"2025-11-10T13:39:11","modified_gmt":"2025-11-10T09:39:11","slug":"bu-gun-az%c9%99rbaycanin-h%c9%99r-yerind%c9%99-z%c9%99f%c9%99rin-s%c9%99si-v%c9%99t%c9%99nin-n%c9%99f%c9%99si-duyulur","status":"publish","type":"post","link":"https:\/\/edebiyyat-az.com\/?p=49951","title":{"rendered":"Bu g\u00fcn Az\u0259rbaycan\u0131n h\u0259r yerind\u0259 Z\u0259f\u0259rin s\u0259si, V\u0259t\u0259nin n\u0259f\u0259si duyulur"},"content":{"rendered":"\n<figure class=\"wp-block-image size-large\"><img decoding=\"async\" src=\"https:\/\/azertag.az\/files\/2025\/3\/1200x630\/17626108273004126173_1200x630.jpg\" alt=\"\"\/><\/figure>\n\n\n\n<ul class=\"wp-block-list\">\n<li>Bu g\u00fcn Az\u0259rbaycan\u0131n h\u0259r yerind\u0259 Z\u0259f\u0259rin s\u0259si, V\u0259t\u0259nin n\u0259f\u0259si duyulur. Bak\u0131n\u0131n Azadl\u0131q meydan\u0131nda V\u0259t\u0259n m\u00fcharib\u0259sind\u0259 Q\u0259l\u0259b\u0259nin be\u015finci ild\u00f6n\u00fcm\u00fcn\u0259 h\u0259sr olunmu\u015f H\u0259rbi parad bir daha g\u00f6st\u0259rdi ki, Az\u0259rbaycan xalq\u0131n\u0131n q\u00fcruru, ordusunun q\u00fcdr\u0259ti v\u0259 \u015f\u0259hidl\u0259rinin m\u00fcq\u0259dd\u0259s xatir\u0259si \u0259b\u0259diya\u015fard\u0131. Bu H\u0259rbi parad t\u0259kc\u0259 ordunun g\u00fcc\u00fcn\u00fc deyil, xalq\u0131n ruhunu, \u015f\u0259hidl\u0259rin \u0259b\u0259diyy\u0259tl\u0259 birl\u0259\u015f\u0259n \u00e7a\u011f\u0131r\u0131\u015f\u0131n\u0131 \u0259ks etdirir. Bu g\u00fcn g\u00f6zl\u0259rd\u0259 q\u00fcrur, q\u0259lbl\u0259rd\u0259 minn\u0259tdarl\u0131q, add\u0131mlarda V\u0259t\u0259n sevgisi vard\u0131. H\u0259r ke\u00e7\u0259n \u0259sg\u0259r hey\u0259ti, h\u0259r dal\u011falanan bayraq bir dastan, sanki bir dua idi bu g\u00fcn.<\/li>\n\n\n\n<li>Bu parad m\u0259nim \u00fc\u00e7\u00fcn sad\u0259c\u0259 bir h\u0259rbi n\u00fcmayi\u015f deyil, V\u0259t\u0259n sevdal\u0131 bir \u015fair\u0259 kimi ill\u0259rl\u0259 i\u00e7imd\u0259 ya\u015fayan a\u011fr\u0131n\u0131n \u2013 Qaraba\u011f h\u0259sr\u0259tinin q\u00fcrura \u00e7evrildiyi anlar\u0131n t\u0259nt\u0259n\u0259sidir. \u00c7\u00fcnki m\u0259nim yarad\u0131c\u0131l\u0131\u011f\u0131m boyu yazd\u0131\u011f\u0131m h\u0259r misrada Qaraba\u011f\u0131n s\u0259si, o torpa\u011f\u0131n nisgili v\u0259 Z\u0259f\u0259rin i\u015f\u0131\u011f\u0131 duyulub. \u0130ll\u0259rl\u0259 h\u0259sr\u0259t\u0259 \u00e7evril\u0259n s\u00f6zl\u0259r indi sevinc\u0259, \u015f\u00fckranl\u0131\u011fa d\u00f6n\u00fcb.<\/li>\n\n\n\n<li>Bunu\u00a0<a href=\"https:\/\/azertag.az\/\" target=\"_blank\" rel=\"noreferrer noopener\">AZ\u018fRTAC<\/a>-a V\u0259t\u0259n m\u00fcharib\u0259sind\u0259 Q\u0259l\u0259b\u0259nin be\u015finci ild\u00f6n\u00fcm\u00fcn\u0259 h\u0259sr olunmu\u015f H\u0259rbi parad haqq\u0131nda fikirl\u0259rini b\u00f6l\u00fc\u015f\u0259n Az\u0259rbaycan, T\u00fcrkiy\u0259 Yaz\u0131\u00e7\u0131lar birlikl\u0259rinin \u00fczv\u00fc, \u00d6zb\u0259kistan Yaz\u0131\u00e7\u0131lar Birliyinin f\u0259xri \u00fczv\u00fc, T\u00fcrk D\u00fcnyas\u0131 Qad\u0131n \u015eairl\u0259r Birliyi ba\u015fqan\u0131 Xuraman Muradova deyib.<\/li>\n\n\n\n<li>O qeyd edib ki, 8 Noyabr \u2013 Z\u0259f\u0259r G\u00fcn\u00fc Az\u0259rbaycan xalq\u0131 \u00fc\u00e7\u00fcn h\u0259m q\u00fcrur, h\u0259m d\u0259 m\u0259n\u0259vi m\u0259suliyy\u0259t g\u00fcn\u00fcd\u00fcr. Bu tarix biz\u0259 xat\u0131rlad\u0131r ki, V\u0259t\u0259n sevgisi sad\u0259c\u0259 hiss deyil, h\u0259r birimizin ruhunda ya\u015famal\u0131 olan amal, d\u0259y\u0259r v\u0259 v\u0259t\u0259nda\u015f borcudur.<\/li>\n\n\n\n<li>\u201cBu Z\u0259f\u0259r bir d\u00f6y\u00fc\u015f\u00fcn sonu deyil, bir mill\u0259tin yenid\u0259n do\u011fulu\u015fudur. Azad edilmi\u015f torpaqlarda s\u0259sl\u0259n\u0259n azan s\u0259si, dal\u011falanan \u00fc\u00e7r\u0259ngli bayraq, a\u00e7\u0131lan m\u0259kt\u0259bl\u0259r v\u0259 m\u0259d\u0259niyy\u0259t ocaqlar\u0131 bu ruhun canl\u0131 ni\u015fan\u0259sidir.<\/li>\n\n\n\n<li>Z\u0259f\u0259r G\u00fcn\u00fc biz\u0259 bir daha g\u00f6st\u0259rdi ki, milli birlik v\u0259 m\u0259n\u0259vi g\u00fcc qar\u015f\u0131s\u0131nda he\u00e7 bir mane\u0259 dayana bilm\u0259z. Bu g\u00fcn azad yurd yerl\u0259rind\u0259 in\u015fa olunan h\u0259r yeni k\u0259nd, tikil\u0259n h\u0259r k\u00f6rp\u00fc, \u0259kil\u0259n h\u0259r a\u011fac \u015f\u0259hidl\u0259rimizin ruhuna yaz\u0131lm\u0131\u015f bir dua kimidir.<\/li>\n\n\n\n<li>M\u0259n bir \u015fair kimi inan\u0131r, hiss edir\u0259m ki, bu z\u0259f\u0259r t\u0259kc\u0259 tariximizin s\u0259hif\u0259sind\u0259 deyil, h\u0259r az\u0259rbaycanl\u0131n\u0131n \u00fcr\u0259yind\u0259 yaz\u0131l\u0131b. Q\u0259l\u0259b\u0259nin ruhu bu xalq\u0131n irad\u0259sind\u0259, s\u0259daq\u0259tind\u0259 v\u0259 sevgisind\u0259 ya\u015fay\u0131r.<\/li>\n\n\n\n<li>8 Noyabr \u2013 Z\u0259f\u0259r G\u00fcn\u00fc V\u0259t\u0259nin g\u00fcc\u00fcn\u00fc, xalq\u0131n birliyini v\u0259 m\u00fcst\u0259qilliyimizin \u0259b\u0259diliyini simvoliz\u0259 ed\u0259n \u0259n ali g\u00fcnd\u00fcr&#8221;, &#8211; dey\u0259 X.Muradova fikirl\u0259rini yekunla\u015fd\u0131r\u0131b.<\/li>\n<\/ul>\n\n\n\n<p><strong><strong>M\u0259nb\u0259:\u00a0<a href=\"https:\/\/culture.gov.az\/\">https:\/\/azertag.az\/<\/a><\/strong><\/strong><\/p>\n","protected":false},"excerpt":{"rendered":"<p>M\u0259nb\u0259:\u00a0https:\/\/azertag.az\/<\/p>\n","protected":false},"author":2,"featured_media":0,"comment_status":"open","ping_status":"open","sticky":false,"template":"","format":"standard","meta":{"footnotes":""},"categories":[49],"tags":[],"class_list":["post-49951","post","type-post","status-publish","format-standard","hentry","category-medeniyyat"],"_links":{"self":[{"href":"https:\/\/edebiyyat-az.com\/index.php?rest_route=\/wp\/v2\/posts\/49951","targetHints":{"allow":["GET"]}}],"collection":[{"href":"https:\/\/edebiyyat-az.com\/index.php?rest_route=\/wp\/v2\/posts"}],"about":[{"href":"https:\/\/edebiyyat-az.com\/index.php?rest_route=\/wp\/v2\/types\/post"}],"author":[{"embeddable":true,"href":"https:\/\/edebiyyat-az.com\/index.php?rest_route=\/wp\/v2\/users\/2"}],"replies":[{"embeddable":true,"href":"https:\/\/edebiyyat-az.com\/index.php?rest_route=%2Fwp%2Fv2%2Fcomments&post=49951"}],"version-history":[{"count":1,"href":"https:\/\/edebiyyat-az.com\/index.php?rest_route=\/wp\/v2\/posts\/49951\/revisions"}],"predecessor-version":[{"id":49954,"href":"https:\/\/edebiyyat-az.com\/index.php?rest_route=\/wp\/v2\/posts\/49951\/revisions\/49954"}],"wp:attachment":[{"href":"https:\/\/edebiyyat-az.com\/index.php?rest_route=%2Fwp%2Fv2%2Fmedia&parent=49951"}],"wp:term":[{"taxonomy":"category","embeddable":true,"href":"https:\/\/edebiyyat-az.com\/index.php?rest_route=%2Fwp%2Fv2%2Fcategories&post=49951"},{"taxonomy":"post_tag","embeddable":true,"href":"https:\/\/edebiyyat-az.com\/index.php?rest_route=%2Fwp%2Fv2%2Ftags&post=49951"}],"curies":[{"name":"wp","href":"https:\/\/api.w.org\/{rel}","templated":true}]}}