{"id":49952,"date":"2025-11-09T08:00:00","date_gmt":"2025-11-09T04:00:00","guid":{"rendered":"https:\/\/edebiyyat-az.com\/?p=49952"},"modified":"2025-11-10T13:40:46","modified_gmt":"2025-11-10T09:40:46","slug":"prezident-ilham-eliyev-dovl%c9%99t-bayragi-gunu-il%c9%99-bagli-paylasim-edib","status":"publish","type":"post","link":"https:\/\/edebiyyat-az.com\/?p=49952","title":{"rendered":"Prezident \u0130lham \u018fliyev D\u00f6vl\u0259t Bayra\u011f\u0131 G\u00fcn\u00fc il\u0259 ba\u011fl\u0131 payla\u015f\u0131m edib"},"content":{"rendered":"\n<ul class=\"wp-block-list\">\n<li><\/li>\n<\/ul>\n\n\n\n<figure class=\"wp-block-image size-large\"><img decoding=\"async\" src=\"https:\/\/azertag.az\/files\/2025\/3\/1200x630\/1762664882587019598_1200x630.jpg\" alt=\"\"\/><\/figure>\n\n\n\n<p>Az\u0259rbaycan Respublikas\u0131n\u0131n Prezidenti \u0130lham \u018fliyev 9 Noyabr &#8211; D\u00f6vl\u0259t Bayra\u011f\u0131 G\u00fcn\u00fc m\u00fcnasib\u0259til\u0259 r\u0259smi sosial \u015f\u0259b\u0259k\u0259 hesablar\u0131nda payla\u015f\u0131m edib.<\/p>\n\n\n\n<p><a href=\"https:\/\/azertag.az\/\" target=\"_blank\" rel=\"noreferrer noopener\">AZ\u018fRTAC<\/a>&nbsp;payla\u015f\u0131m\u0131 t\u0259qdim edir.<\/p>\n\n\n\n<p><strong><strong>M\u0259nb\u0259:\u00a0<a href=\"https:\/\/culture.gov.az\/\">https:\/\/azertag.az\/<\/a><\/strong><\/strong><\/p>\n","protected":false},"excerpt":{"rendered":"<p>Az\u0259rbaycan Respublikas\u0131n\u0131n Prezidenti \u0130lham \u018fliyev 9 Noyabr &#8211; D\u00f6vl\u0259t Bayra\u011f\u0131 G\u00fcn\u00fc m\u00fcnasib\u0259til\u0259 r\u0259smi sosial \u015f\u0259b\u0259k\u0259 hesablar\u0131nda payla\u015f\u0131m edib. AZ\u018fRTAC&nbsp;payla\u015f\u0131m\u0131 t\u0259qdim edir. M\u0259nb\u0259:\u00a0https:\/\/azertag.az\/<\/p>\n","protected":false},"author":2,"featured_media":0,"comment_status":"open","ping_status":"open","sticky":false,"template":"","format":"standard","meta":{"footnotes":""},"categories":[49],"tags":[],"class_list":["post-49952","post","type-post","status-publish","format-standard","hentry","category-medeniyyat"],"_links":{"self":[{"href":"https:\/\/edebiyyat-az.com\/index.php?rest_route=\/wp\/v2\/posts\/49952","targetHints":{"allow":["GET"]}}],"collection":[{"href":"https:\/\/edebiyyat-az.com\/index.php?rest_route=\/wp\/v2\/posts"}],"about":[{"href":"https:\/\/edebiyyat-az.com\/index.php?rest_route=\/wp\/v2\/types\/post"}],"author":[{"embeddable":true,"href":"https:\/\/edebiyyat-az.com\/index.php?rest_route=\/wp\/v2\/users\/2"}],"replies":[{"embeddable":true,"href":"https:\/\/edebiyyat-az.com\/index.php?rest_route=%2Fwp%2Fv2%2Fcomments&post=49952"}],"version-history":[{"count":1,"href":"https:\/\/edebiyyat-az.com\/index.php?rest_route=\/wp\/v2\/posts\/49952\/revisions"}],"predecessor-version":[{"id":49955,"href":"https:\/\/edebiyyat-az.com\/index.php?rest_route=\/wp\/v2\/posts\/49952\/revisions\/49955"}],"wp:attachment":[{"href":"https:\/\/edebiyyat-az.com\/index.php?rest_route=%2Fwp%2Fv2%2Fmedia&parent=49952"}],"wp:term":[{"taxonomy":"category","embeddable":true,"href":"https:\/\/edebiyyat-az.com\/index.php?rest_route=%2Fwp%2Fv2%2Fcategories&post=49952"},{"taxonomy":"post_tag","embeddable":true,"href":"https:\/\/edebiyyat-az.com\/index.php?rest_route=%2Fwp%2Fv2%2Ftags&post=49952"}],"curies":[{"name":"wp","href":"https:\/\/api.w.org\/{rel}","templated":true}]}}