{"id":50183,"date":"2025-12-17T09:00:00","date_gmt":"2025-12-17T05:00:00","guid":{"rendered":"https:\/\/edebiyyat-az.com\/?p=50183"},"modified":"2025-12-17T10:17:54","modified_gmt":"2025-12-17T06:17:54","slug":"17-dekabr-xalq-sairi-osman-sarivellinin-dogum-gunudu","status":"publish","type":"post","link":"https:\/\/edebiyyat-az.com\/?p=50183","title":{"rendered":"17 Dekabr-Xalq \u015fairi Osman SARIV\u018fLL\u0130N\u0130N do\u011fum g\u00fcn\u00fcd\u00fc"},"content":{"rendered":"\n<figure class=\"wp-block-image size-full is-resized\"><a href=\"https:\/\/edebiyyat-az.com\/wp-content\/uploads\/2025\/12\/Xalq-sairi-Osman-Sariv\u0259lli-dd.jpg\"><img loading=\"lazy\" decoding=\"async\" width=\"500\" height=\"355\" src=\"https:\/\/edebiyyat-az.com\/wp-content\/uploads\/2025\/12\/Xalq-sairi-Osman-Sariv\u0259lli-dd.jpg\" alt=\"\" class=\"wp-image-50185\" style=\"width:645px;height:auto\" srcset=\"https:\/\/edebiyyat-az.com\/wp-content\/uploads\/2025\/12\/Xalq-sairi-Osman-Sariv\u0259lli-dd.jpg 500w, https:\/\/edebiyyat-az.com\/wp-content\/uploads\/2025\/12\/Xalq-sairi-Osman-Sariv\u0259lli-dd-300x213.jpg 300w\" sizes=\"auto, (max-width: 500px) 100vw, 500px\" \/><\/a><\/figure>\n\n\n\n<ul class=\"wp-block-list\">\n<li><strong>Osman Sar\u0131v\u0259lli<\/strong>\u00a0(\u0259sl ad\u0131\u00a0<strong>Osman Abdulla o\u011flu Qurbanov<\/strong>;\u00a0<a href=\"https:\/\/az.wikipedia.org\/wiki\/17_dekabr\">17 dekabr<\/a>\u00a0<a href=\"https:\/\/az.wikipedia.org\/wiki\/1905\">1905<\/a>,\u00a0<a href=\"https:\/\/az.wikipedia.org\/wiki\/%C4%B0kinci_%C5%9E%C4%B1xl%C4%B1\">\u0130kinci \u015e\u0131xl\u0131<\/a>,\u00a0<a href=\"https:\/\/az.wikipedia.org\/wiki\/Qazax_q%C9%99zas%C4%B1\">Qazax q\u0259zas\u0131<\/a>\u00a0\u2013\u00a0<a href=\"https:\/\/az.wikipedia.org\/wiki\/2_iyul\">2 iyul<\/a>\u00a0<a href=\"https:\/\/az.wikipedia.org\/wiki\/1990\">1990<\/a>,\u00a0<a href=\"https:\/\/az.wikipedia.org\/wiki\/Bak%C4%B1\">Bak\u0131<\/a>) \u2014 Az\u0259rbaycan \u015fairi, 1937-ci ild\u0259n\u00a0<a href=\"https:\/\/az.wikipedia.org\/wiki\/Az%C9%99rbaycan_Yaz%C4%B1%C3%A7%C4%B1lar_Birliyi\">Az\u0259rbaycan Yaz\u0131\u00e7\u0131lar Birliyinin<\/a>\u00a0\u00fczv\u00fc, Az\u0259rbaycan SSR xalq \u015fairi (1977), Az\u0259rbaycan EA Nizami ad\u0131na Dil v\u0259 \u018fd\u0259biyyat \u0130nstitutunun m\u00fcdir m\u00fcavini.H\u0259yat\u0131Osman Sar\u0131v\u0259lli 1905-ci il dekabr\u0131n 17-d\u0259\u00a0<a href=\"https:\/\/az.wikipedia.org\/wiki\/Qazax_rayonu\">Qazax rayonunun<\/a>\u00a0<a href=\"https:\/\/az.wikipedia.org\/wiki\/%C4%B0kinci_%C5%9E%C4%B1xl%C4%B1\">\u0130kinci \u015e\u0131xl\u0131<\/a>\u00a0(Sar\u0131v\u0259lli) k\u0259ndind\u0259 anadan olmu\u015fdur. Orta t\u0259hsilini\u00a0<a href=\"https:\/\/az.wikipedia.org\/wiki\/Qazax_M%C3%BC%C9%99lliml%C9%99r_Seminariyas%C4%B1\">Qazax M\u00fc\u0259lliml\u0259r Seminariyas\u0131nda<\/a>\u00a0ald\u0131qdan sonra bir m\u00fcdd\u0259t\u00a0<a href=\"https:\/\/az.wikipedia.org\/wiki\/G%C3%B6y%C3%A7ay_rayonu\">G\u00f6y\u00e7ay rayonunun<\/a>\u00a0Qaram\u0259ry\u0259m v\u0259 B\u0131\u011f\u0131r k\u0259nd m\u0259kt\u0259bl\u0259rind\u0259 m\u00fc\u0259llim i\u015fl\u0259mi\u015fdir (1926\u20131929). T\u0259hsilini art\u0131rmaq m\u0259qs\u0259dil\u0259 Moskvaya getmi\u015f v\u0259 burada D\u00f6vl\u0259t Universitetinin filologiya fak\u00fclt\u0259sind\u0259 oxumu\u015fdur (1929\u20131932). 1937-ci ild\u0259\u00a0<a href=\"https:\/\/az.wikipedia.org\/wiki\/Az%C9%99rbaycan_Yaz%C4%B1%C3%A7%C4%B1lar_%C4%B0ttifaq%C4%B1\">Az\u0259rbaycan Yaz\u0131\u00e7\u0131lar \u0130ttifaq\u0131na<\/a>\u00a0\u00fczv olmu\u015fdur.\u00a0<a href=\"https:\/\/az.wikipedia.org\/w\/index.php?title=Bak%C4%B1_Pedaqoji_texnikumu&amp;action=edit&amp;redlink=1\">Bak\u0131 Pedaqoji texnikumunda<\/a>\u00a0m\u00fc\u0259llim (1932\u20131935),\u00a0<a href=\"https:\/\/az.wikipedia.org\/w\/index.php?title=Bak%C4%B1_Teatr_texnikumu&amp;action=edit&amp;redlink=1\">Bak\u0131 Teatr texnikumunda<\/a>\u00a0m\u00fcdir (1939\u20131940),\u00a0<a href=\"https:\/\/az.wikipedia.org\/wiki\/%C6%8Fd%C9%99biyyat_%C4%B0nstitutu\">Az\u0259rbaycan EA Nizami ad\u0131na Dil v\u0259 \u018fd\u0259biyyat \u0130nstitutunda<\/a>\u00a0m\u00fcdir m\u00fcavini,\u00a0<a href=\"https:\/\/az.wikipedia.org\/wiki\/%C6%8Fd%C9%99biyyat_q%C9%99zeti\">\u201c\u018fd\u0259biyyat q\u0259zeti\u201dnin<\/a>\u00a0redaktoru, U\u015faqg\u0259ncn\u0259\u015frd\u0259 redaktor, Az\u0259rbaycan Yaz\u0131\u00e7\u0131lar \u0130ttifaq\u0131nda \u015feir \u00fczr\u0259 m\u0259sl\u0259h\u0259t\u00e7i v\u0259zif\u0259l\u0259rind\u0259 i\u015fl\u0259mi\u015fdir.1990-c\u0131 il iyulun 2-d\u0259\u00a0<a href=\"https:\/\/az.wikipedia.org\/wiki\/Bak%C4%B1\">Bak\u0131da<\/a>\u00a0v\u0259fat etmi\u015f v\u0259 do\u011fuldu\u011fu k\u0259ndd\u0259 d\u0259fn edilmi\u015fdir.Yarad\u0131c\u0131l\u0131\u011f\u0131Osman Sar\u0131v\u0259lli \u0259d\u0259bi yarad\u0131c\u0131l\u0131\u011f\u0131na 1933-ci ild\u0259 ba\u015flam\u0131\u015fd\u0131r. H\u0259min ild\u0259 \u201cG\u0259nc i\u015f\u00e7i\u201d q\u0259zetind\u0259 \u201cAyaqs\u0131z\u201d adl\u0131 ilk \u015feiri \u00e7ap olunmu\u015fdur. Osman Sar\u0131v\u0259llinin \u201cD\u0259mir s\u0259tirl\u0259rim\u201d adlanan birinci kitab\u0131 1934-c\u00fc ild\u0259 \u00e7ap olunmu\u015fdur.T\u0259ltif v\u0259 m\u00fckafatlar\u0131<ul><li>\u201c<a href=\"https:\/\/az.wikipedia.org\/wiki\/Az%C9%99rbaycan_SSR_xalq_%C5%9Fairi\">Az\u0259rbaycan SSR xalq \u015fairi<\/a>\u201d f\u0259xri ad\u0131 \u2014 15 fevral 1977<\/li><li><a href=\"https:\/\/az.wikipedia.org\/wiki\/%22Oktyabr_inqilab%C4%B1%22_ordeni\">\u201cOktyabr inqilab\u0131\u201d ordeni<\/a>\u00a0\u2014 6 noyabr 1985<\/li><li><a href=\"https:\/\/az.wikipedia.org\/wiki\/%22Q%C4%B1rm%C4%B1z%C4%B1_%C9%99m%C9%99k_bayra%C4%9F%C4%B1%22_ordeni\">\u201cQ\u0131rm\u0131z\u0131 \u0259m\u0259k bayra\u011f\u0131\u201d ordeni<\/a>\u00a0\u2014 9 iyun 1959<\/li><li><a href=\"https:\/\/az.wikipedia.org\/wiki\/%22Xalqlar_Dostlu%C4%9Fu%22_ordeni\">\u201cXalqlar Dostlu\u011fu\u201d ordeni<\/a>\u00a0\u2014 11 noyabr 1975<\/li><li><a href=\"https:\/\/az.wikipedia.org\/wiki\/%22%C5%9E%C9%99r%C9%99f_ni%C5%9Fan%C4%B1%22_ordeni\">\u201c\u015e\u0259r\u0259f ni\u015fan\u0131\u201d ordeni<\/a>\u00a0\u2014 30 dekabr 1963<\/li><li><a href=\"https:\/\/az.wikipedia.org\/wiki\/%22%C6%8Fm%C9%99kd%C9%99_f%C9%99rql%C9%99nm%C9%99y%C9%99_g%C3%B6r%C9%99%22_medal%C4%B1\">\u201c\u018fm\u0259kd\u0259 f\u0259rql\u0259nm\u0259y\u0259 g\u00f6r\u0259\u201d medal\u0131<\/a>\u00a0\u2014 25 fevral 1946<\/li><\/ul>Kitablar\u0131<ul><li>D\u0259mir s\u0259tirl\u0259rim (1934)<\/li><li>B\u0259n\u00f6v\u015f\u0259 (1940)<\/li><li>\u015eairin h\u0259diyy\u0259si (1943)<\/li><li>G\u0259tir, o\u011flum, g\u0259tir (1943)<\/li><li>G\u0259nclik e\u015fqi (1946)<\/li><li>Bahar \u00e7i\u00e7\u0259kl\u0259ri (1949)<\/li><li>Yeni d\u00fcnyan\u0131n qap\u0131s\u0131 (1950)<\/li><li>\u0130qlimd\u0259n-iqlim\u0259 (1963)<\/li><li>Sabah\u0131 yaradanlar (1970)<\/li><li>Se\u00e7ilmi\u015f \u0259s\u0259rl\u0259ri (\u00fc\u00e7 cildd\u0259) (1971\u20131975)<\/li><li>H\u0259r kim y\u00fcz il ya\u015famasa (1976)<\/li><li>M\u0259n sabaha gedir\u0259m (1979)<\/li><li>K\u00fcr q\u0131ra\u011f\u0131nda (1987)<\/li><li>Sar\u0131v\u0259lli O.A\u015f\u0131q \u00fcr\u0259kli \u015fair, \u015fair \u00fcr\u0259kli A\u015f\u0131q \u015e\u0259m\u015fir. Bak\u0131: Avropa, 2010, 112 s.<\/li><li>Sar\u0131v\u0259lli O. Q\u00fcdr\u0259tli \u015fair, ustad s\u0259n\u0259tkar. Bak\u0131: Avropa, 2011, 128 s.<\/li><\/ul><\/li>\n\n\n\n<li><\/li>\n<\/ul>\n","protected":false},"excerpt":{"rendered":"","protected":false},"author":2,"featured_media":0,"comment_status":"open","ping_status":"open","sticky":false,"template":"","format":"standard","meta":{"footnotes":""},"categories":[4],"tags":[],"class_list":["post-50183","post","type-post","status-publish","format-standard","hentry","category-edeb"],"_links":{"self":[{"href":"https:\/\/edebiyyat-az.com\/index.php?rest_route=\/wp\/v2\/posts\/50183","targetHints":{"allow":["GET"]}}],"collection":[{"href":"https:\/\/edebiyyat-az.com\/index.php?rest_route=\/wp\/v2\/posts"}],"about":[{"href":"https:\/\/edebiyyat-az.com\/index.php?rest_route=\/wp\/v2\/types\/post"}],"author":[{"embeddable":true,"href":"https:\/\/edebiyyat-az.com\/index.php?rest_route=\/wp\/v2\/users\/2"}],"replies":[{"embeddable":true,"href":"https:\/\/edebiyyat-az.com\/index.php?rest_route=%2Fwp%2Fv2%2Fcomments&post=50183"}],"version-history":[{"count":3,"href":"https:\/\/edebiyyat-az.com\/index.php?rest_route=\/wp\/v2\/posts\/50183\/revisions"}],"predecessor-version":[{"id":50189,"href":"https:\/\/edebiyyat-az.com\/index.php?rest_route=\/wp\/v2\/posts\/50183\/revisions\/50189"}],"wp:attachment":[{"href":"https:\/\/edebiyyat-az.com\/index.php?rest_route=%2Fwp%2Fv2%2Fmedia&parent=50183"}],"wp:term":[{"taxonomy":"category","embeddable":true,"href":"https:\/\/edebiyyat-az.com\/index.php?rest_route=%2Fwp%2Fv2%2Fcategories&post=50183"},{"taxonomy":"post_tag","embeddable":true,"href":"https:\/\/edebiyyat-az.com\/index.php?rest_route=%2Fwp%2Fv2%2Ftags&post=50183"}],"curies":[{"name":"wp","href":"https:\/\/api.w.org\/{rel}","templated":true}]}}