{"id":50263,"date":"2025-12-30T03:00:00","date_gmt":"2025-12-29T23:00:00","guid":{"rendered":"https:\/\/edebiyyat-az.com\/?p=50263"},"modified":"2025-12-30T09:12:40","modified_gmt":"2025-12-30T05:12:40","slug":"yazici-publisist-s%c9%99f%c9%99q-nasir-az%c9%99rbaycan-milli-m%c9%99tbuatinin-150-illiyi-1875-2025az%c9%99rbaycan-respublikasinin-yubiley-medali-il%c9%99-t%c9%99ltif-olunub","status":"publish","type":"post","link":"https:\/\/edebiyyat-az.com\/?p=50263","title":{"rendered":"Yaz\u0131\u00e7\u0131-publisist \u015e\u0259f\u0259q Nasir \u201cAz\u0259rbaycan milli m\u0259tbuat\u0131n\u0131n 150 illiyi (1875-2025)Az\u0259rbaycan Respublikas\u0131n\u0131n yubiley medal\u0131\u201d il\u0259 t\u0259ltif olunub"},"content":{"rendered":"\n<figure class=\"wp-block-image size-large\"><a href=\"https:\/\/edebiyyat-az.com\/wp-content\/uploads\/2025\/12\/S\u0259f\u0259q-Nasir-1.jpg\"><img loading=\"lazy\" decoding=\"async\" width=\"768\" height=\"1024\" src=\"https:\/\/edebiyyat-az.com\/wp-content\/uploads\/2025\/12\/S\u0259f\u0259q-Nasir-1-768x1024.jpg\" alt=\"\" class=\"wp-image-50270\" srcset=\"https:\/\/edebiyyat-az.com\/wp-content\/uploads\/2025\/12\/S\u0259f\u0259q-Nasir-1-768x1024.jpg 768w, https:\/\/edebiyyat-az.com\/wp-content\/uploads\/2025\/12\/S\u0259f\u0259q-Nasir-1-225x300.jpg 225w, https:\/\/edebiyyat-az.com\/wp-content\/uploads\/2025\/12\/S\u0259f\u0259q-Nasir-1.jpg 867w\" sizes=\"auto, (max-width: 768px) 100vw, 768px\" \/><\/a><\/figure>\n\n\n\n<p><em>Az\u0259rbaycan Respublikas\u0131n\u0131n Prezidenti Zati-alil\u0259ri c\u0259nab \u0130lham \u018fliyevin m\u00fcvafiq s\u0259r\u0259ncam\u0131na \u0259sas\u0259n, <\/em><strong><em>Bak\u0131 D\u00f6vl\u0259t Universitetinin Jurnalistika fak\u00fclt\u0259sinin m\u0259zunu, filologiya \u00fczr\u0259 f\u0259ls\u0259f\u0259 doktoru\u201c, \u00a0\u201cH\u0259s\u0259n b\u0259y Z\u0259rdabi\u201d <\/em> v\u0259 <em>R\u0259sul Rza beyn\u0259lxalq m\u00fckafatlar\u0131 laureat\u0131, Az\u0259rbaycan Yaz\u0131\u00e7\u0131lar v\u0259 Jurnalistl\u0259r Birlikl\u0259rinin \u00fczv\u00fc,  Prezident t\u0259qa\u00fcd\u00e7\u00fcs\u00fc \u015e\u0259f\u0259q Nasir <\/em><\/strong><em>Az\u0259rbaycan milli m\u0259tbuat\u0131n\u0131n 150 illiyi 91875-2025)Az\u0259rbaycan Respublikas\u0131n\u0131n yubiley medal\u0131\u201d il\u0259 t\u0259ltif olunub.<\/em><\/p>\n\n\n\n<p><em>Qeyd ed\u0259k ki, Az\u0259rbaycan milli m\u0259tbuat\u0131n\u0131n 150 illiyi (1875-2025)Az\u0259rbaycan Respublikas\u0131n\u0131n yubiley medal\u0131\u201d Az\u0259rbaycan Respublikas\u0131n\u0131n Median\u0131n \u0130nki\u015faf\u0131 Agentliyinin \u0130cra\u00e7\u0131 direktorunun 2025-ci il 30 oktyabr tarixli \u0130-020 n\u00f6mr\u0259li \u0259mri il\u0259  yaz\u0131\u00e7\u0131-publisist \u015e\u0259f\u0259q xan\u0131m Nasir\u0259 t\u0259qdim olunub.<\/em><\/p>\n\n\n\n<p><strong><em>Az\u0259rbaycan\u0131n M\u0259d\u0259niyy\u0259t v\u0259 \u018fd\u0259biyyat Portal\u0131n\u0131n M\u0259tbuat xidm\u0259ti&nbsp;<br>v\u0259 \u0130ctimaiyy\u0259tl\u0259 \u0259laq\u0259l\u0259r \u015f\u00f6b\u0259si.<\/em><\/strong><\/p>\n","protected":false},"excerpt":{"rendered":"<p>Az\u0259rbaycan Respublikas\u0131n\u0131n Prezidenti Zati-alil\u0259ri c\u0259nab \u0130lham \u018fliyevin m\u00fcvafiq s\u0259r\u0259ncam\u0131na \u0259sas\u0259n, Bak\u0131 D\u00f6vl\u0259t Universitetinin Jurnalistika fak\u00fclt\u0259sinin m\u0259zunu, filologiya \u00fczr\u0259 f\u0259ls\u0259f\u0259 doktoru\u201c, \u00a0\u201cH\u0259s\u0259n b\u0259y Z\u0259rdabi\u201d v\u0259 R\u0259sul Rza beyn\u0259lxalq m\u00fckafatlar\u0131 laureat\u0131, Az\u0259rbaycan Yaz\u0131\u00e7\u0131lar v\u0259 Jurnalistl\u0259r Birlikl\u0259rinin \u00fczv\u00fc, Prezident t\u0259qa\u00fcd\u00e7\u00fcs\u00fc \u015e\u0259f\u0259q Nasir Az\u0259rbaycan milli m\u0259tbuat\u0131n\u0131n 150 illiyi 91875-2025)Az\u0259rbaycan Respublikas\u0131n\u0131n yubiley medal\u0131\u201d il\u0259 t\u0259ltif olunub. Qeyd ed\u0259k ki, Az\u0259rbaycan [&hellip;]<\/p>\n","protected":false},"author":2,"featured_media":0,"comment_status":"open","ping_status":"open","sticky":false,"template":"","format":"standard","meta":{"footnotes":""},"categories":[49],"tags":[],"class_list":["post-50263","post","type-post","status-publish","format-standard","hentry","category-medeniyyat"],"_links":{"self":[{"href":"https:\/\/edebiyyat-az.com\/index.php?rest_route=\/wp\/v2\/posts\/50263","targetHints":{"allow":["GET"]}}],"collection":[{"href":"https:\/\/edebiyyat-az.com\/index.php?rest_route=\/wp\/v2\/posts"}],"about":[{"href":"https:\/\/edebiyyat-az.com\/index.php?rest_route=\/wp\/v2\/types\/post"}],"author":[{"embeddable":true,"href":"https:\/\/edebiyyat-az.com\/index.php?rest_route=\/wp\/v2\/users\/2"}],"replies":[{"embeddable":true,"href":"https:\/\/edebiyyat-az.com\/index.php?rest_route=%2Fwp%2Fv2%2Fcomments&post=50263"}],"version-history":[{"count":6,"href":"https:\/\/edebiyyat-az.com\/index.php?rest_route=\/wp\/v2\/posts\/50263\/revisions"}],"predecessor-version":[{"id":50283,"href":"https:\/\/edebiyyat-az.com\/index.php?rest_route=\/wp\/v2\/posts\/50263\/revisions\/50283"}],"wp:attachment":[{"href":"https:\/\/edebiyyat-az.com\/index.php?rest_route=%2Fwp%2Fv2%2Fmedia&parent=50263"}],"wp:term":[{"taxonomy":"category","embeddable":true,"href":"https:\/\/edebiyyat-az.com\/index.php?rest_route=%2Fwp%2Fv2%2Fcategories&post=50263"},{"taxonomy":"post_tag","embeddable":true,"href":"https:\/\/edebiyyat-az.com\/index.php?rest_route=%2Fwp%2Fv2%2Ftags&post=50263"}],"curies":[{"name":"wp","href":"https:\/\/api.w.org\/{rel}","templated":true}]}}