{"id":50264,"date":"2025-12-30T04:00:00","date_gmt":"2025-12-30T00:00:00","guid":{"rendered":"https:\/\/edebiyyat-az.com\/?p=50264"},"modified":"2025-12-30T09:14:43","modified_gmt":"2025-12-30T05:14:43","slug":"sair-%c9%99d%c9%99biyyatsunas-rafiq-yusifogluaz%c9%99rbaycan-milli-m%c9%99tbuatinin-150-illiyi-1875-2025az%c9%99rbaycan-respublikasinin-yubiley-medali-il%c9%99-t%c9%99ltif-olunub","status":"publish","type":"post","link":"https:\/\/edebiyyat-az.com\/?p=50264","title":{"rendered":"\u015eair-\u0259d\u0259biyyat\u015f\u00fcnas Rafiq YUS\u0130FO\u011eLU\u201cAz\u0259rbaycan milli m\u0259tbuat\u0131n\u0131n 150 illiyi (1875-2025)Az\u0259rbaycan Respublikas\u0131n\u0131n yubiley medal\u0131\u201d il\u0259 t\u0259ltif olunub"},"content":{"rendered":"\n<figure class=\"wp-block-image size-large\"><a href=\"https:\/\/edebiyyat-az.com\/wp-content\/uploads\/2025\/12\/Rafiq-Yusifoglu.jpg\"><img loading=\"lazy\" decoding=\"async\" width=\"1024\" height=\"550\" src=\"https:\/\/edebiyyat-az.com\/wp-content\/uploads\/2025\/12\/Rafiq-Yusifoglu-1024x550.jpg\" alt=\"\" class=\"wp-image-50272\" srcset=\"https:\/\/edebiyyat-az.com\/wp-content\/uploads\/2025\/12\/Rafiq-Yusifoglu-1024x550.jpg 1024w, https:\/\/edebiyyat-az.com\/wp-content\/uploads\/2025\/12\/Rafiq-Yusifoglu-300x161.jpg 300w, https:\/\/edebiyyat-az.com\/wp-content\/uploads\/2025\/12\/Rafiq-Yusifoglu-768x413.jpg 768w, https:\/\/edebiyyat-az.com\/wp-content\/uploads\/2025\/12\/Rafiq-Yusifoglu-1536x825.jpg 1536w, https:\/\/edebiyyat-az.com\/wp-content\/uploads\/2025\/12\/Rafiq-Yusifoglu.jpg 2048w\" sizes=\"auto, (max-width: 1024px) 100vw, 1024px\" \/><\/a><\/figure>\n\n\n\n<p><em>Az\u0259rbaycan Respublikas\u0131n\u0131n Prezidenti Zati-alil\u0259ri c\u0259nab \u0130lham \u018fliyevin m\u00fcvafiq s\u0259r\u0259ncam\u0131na \u0259sas\u0259n, <\/em><strong><em>\u00e7a\u011fda\u015f Az\u0259rbaycan \u0259d\u0259biyyat\u0131n\u0131n g\u00f6rk\u0259mli n\u00fcmay\u0259nd\u0259si, Az\u0259rbaycan Yaz\u0131\u00e7\u0131lar Birliyinin \u00fczv\u00fc, Az\u0259rbaycan Respublikas\u0131n\u0131n \u018fm\u0259kdar m\u0259d\u0259niyy\u0259t i\u00e7isi, &#8220;G\u00f6y\u0259r\u00e7in&#8221; jurnal\u0131n\u0131n ba\u015f redaktoru, g\u00f6rk\u0259mli \u015fair, \u0259d\u0259biyyat\u015f\u00fcnas, publisist, nasir, t\u0259rc\u00fcm\u0259\u00e7i, filoiogiya elml\u0259ri doktoru, professor Rafiq Yusifo\u011flu<\/em> <em>\u201cAz\u0259rbaycan milli m\u0259tbuat\u0131n\u0131n 150 illiyi 91875-2025)Az\u0259rbaycan Respublikas\u0131n\u0131n yubiley medal\u0131\u201d il\u0259 t\u0259ltif olunub.<\/em><\/strong><\/p>\n\n\n\n<p><em>Qeyd ed\u0259k ki, Az\u0259rbaycan milli m\u0259tbuat\u0131n\u0131n 150 illiyi (1875-2025)Az\u0259rbaycan Respublikas\u0131n\u0131n yubiley medal\u0131\u201d Az\u0259rbaycan Respublikas\u0131n\u0131n Median\u0131n \u0130nki\u015faf\u0131 Agentliyinin \u0130cra\u00e7\u0131 direktorunun 2025-ci il 30 oktyabr tarixli \u0130-020 n\u00f6mr\u0259li \u0259mri il\u0259  \u015fair-\u0259d\u0259biyyat\u015f\u00fcnas Rafiq Yusifo\u011fluna  t\u0259qdim olunub.<\/em><\/p>\n\n\n\n<p><strong><em>Az\u0259rbaycan\u0131n M\u0259d\u0259niyy\u0259t v\u0259 \u018fd\u0259biyyat Portal\u0131n\u0131n M\u0259tbuat xidm\u0259ti&nbsp;<br>v\u0259 \u0130ctimaiyy\u0259tl\u0259 \u0259laq\u0259l\u0259r \u015f\u00f6b\u0259si.<\/em><\/strong><\/p>\n","protected":false},"excerpt":{"rendered":"<p>Az\u0259rbaycan Respublikas\u0131n\u0131n Prezidenti Zati-alil\u0259ri c\u0259nab \u0130lham \u018fliyevin m\u00fcvafiq s\u0259r\u0259ncam\u0131na \u0259sas\u0259n, \u00e7a\u011fda\u015f Az\u0259rbaycan \u0259d\u0259biyyat\u0131n\u0131n g\u00f6rk\u0259mli n\u00fcmay\u0259nd\u0259si, Az\u0259rbaycan Yaz\u0131\u00e7\u0131lar Birliyinin \u00fczv\u00fc, Az\u0259rbaycan Respublikas\u0131n\u0131n \u018fm\u0259kdar m\u0259d\u0259niyy\u0259t i\u00e7isi, &#8220;G\u00f6y\u0259r\u00e7in&#8221; jurnal\u0131n\u0131n ba\u015f redaktoru, g\u00f6rk\u0259mli \u015fair, \u0259d\u0259biyyat\u015f\u00fcnas, publisist, nasir, t\u0259rc\u00fcm\u0259\u00e7i, filoiogiya elml\u0259ri doktoru, professor Rafiq Yusifo\u011flu \u201cAz\u0259rbaycan milli m\u0259tbuat\u0131n\u0131n 150 illiyi 91875-2025)Az\u0259rbaycan Respublikas\u0131n\u0131n yubiley medal\u0131\u201d il\u0259 t\u0259ltif olunub. Qeyd ed\u0259k ki, [&hellip;]<\/p>\n","protected":false},"author":2,"featured_media":0,"comment_status":"open","ping_status":"open","sticky":false,"template":"","format":"standard","meta":{"footnotes":""},"categories":[49],"tags":[],"class_list":["post-50264","post","type-post","status-publish","format-standard","hentry","category-medeniyyat"],"_links":{"self":[{"href":"https:\/\/edebiyyat-az.com\/index.php?rest_route=\/wp\/v2\/posts\/50264","targetHints":{"allow":["GET"]}}],"collection":[{"href":"https:\/\/edebiyyat-az.com\/index.php?rest_route=\/wp\/v2\/posts"}],"about":[{"href":"https:\/\/edebiyyat-az.com\/index.php?rest_route=\/wp\/v2\/types\/post"}],"author":[{"embeddable":true,"href":"https:\/\/edebiyyat-az.com\/index.php?rest_route=\/wp\/v2\/users\/2"}],"replies":[{"embeddable":true,"href":"https:\/\/edebiyyat-az.com\/index.php?rest_route=%2Fwp%2Fv2%2Fcomments&post=50264"}],"version-history":[{"count":4,"href":"https:\/\/edebiyyat-az.com\/index.php?rest_route=\/wp\/v2\/posts\/50264\/revisions"}],"predecessor-version":[{"id":50286,"href":"https:\/\/edebiyyat-az.com\/index.php?rest_route=\/wp\/v2\/posts\/50264\/revisions\/50286"}],"wp:attachment":[{"href":"https:\/\/edebiyyat-az.com\/index.php?rest_route=%2Fwp%2Fv2%2Fmedia&parent=50264"}],"wp:term":[{"taxonomy":"category","embeddable":true,"href":"https:\/\/edebiyyat-az.com\/index.php?rest_route=%2Fwp%2Fv2%2Fcategories&post=50264"},{"taxonomy":"post_tag","embeddable":true,"href":"https:\/\/edebiyyat-az.com\/index.php?rest_route=%2Fwp%2Fv2%2Ftags&post=50264"}],"curies":[{"name":"wp","href":"https:\/\/api.w.org\/{rel}","templated":true}]}}