{"id":51011,"date":"2026-04-24T08:00:00","date_gmt":"2026-04-24T04:00:00","guid":{"rendered":"https:\/\/edebiyyat-az.com\/?p=51011"},"modified":"2026-04-26T16:39:47","modified_gmt":"2026-04-26T12:39:47","slug":"g%c9%99ncl%c9%99r-kitabxanasinda-xaqani-sirvaninin-900-illiyi-il%c9%99-bagli-t%c9%99dbirl%c9%99r-davam-edir","status":"publish","type":"post","link":"https:\/\/edebiyyat-az.com\/?p=51011","title":{"rendered":"G\u0259ncl\u0259r Kitabxanas\u0131nda Xaqani \u015eirvaninin 900 illiyi il\u0259 ba\u011fl\u0131 t\u0259dbirl\u0259r davam edir"},"content":{"rendered":"\n<figure class=\"wp-block-image size-large\"><img decoding=\"async\" src=\"https:\/\/azertag.az\/files\/galleryphoto\/2026\/1\/1200x630\/1777028259114629912_1200x630.jpg\" alt=\"\"\/><\/figure>\n\n\n\n<p>Az\u0259rbaycan Respublikas\u0131n\u0131n Prezidenti \u0130lham \u018fliyev 28 yanvar 2026-c\u0131 il tarixind\u0259 klassik Az\u0259rbaycan \u0259d\u0259biyyat\u0131n\u0131n g\u00f6rk\u0259mli n\u00fcmay\u0259nd\u0259si, \u015fair\u2013filosof Xaqani \u015eirvaninin 900 illik yubileyinin geni\u015f \u015f\u0259kild\u0259 qeyd olunmas\u0131na dair S\u0259r\u0259ncam imzalam\u0131\u015fd\u0131r. Bu S\u0259r\u0259ncamdan ir\u0259li g\u0259l\u0259n v\u0259zif\u0259l\u0259rin icras\u0131 il\u0259 \u0259laq\u0259dar olaraq C\u0259f\u0259r Cabbarl\u0131 ad\u0131na Respublika G\u0259ncl\u0259r Kitabxanas\u0131 t\u0259r\u0259find\u0259n silsil\u0259 t\u0259dbirl\u0259r h\u0259yata ke\u00e7irilir.<\/p>\n\n\n\n<p>Kitabxanadan&nbsp;<a href=\"https:\/\/azertag.az\/\" target=\"_blank\" rel=\"noreferrer noopener\">AZ\u018fRTAC<\/a>-a bildirilib ki, Xaqani \u015eirvaninin \u201cH\u0259bsiyy\u0259\u201d \u015feirl\u0259rin\u0259 h\u0259sr olunmu\u015f s\u00fcni intellekt vasit\u0259sil\u0259 geni\u015f t\u0259qdimat haz\u0131rlan\u0131b. T\u0259qdimatda \u015fairin h\u0259yat v\u0259 yarad\u0131c\u0131l\u0131\u011f\u0131n\u0131n \u0259n m\u00fcr\u0259kk\u0259b v\u0259 eyni zamanda \u0259n m\u0259hsuldar m\u0259rh\u0259l\u0259l\u0259rind\u0259n biri olan h\u0259bs d\u00f6vr\u00fc d\u0259rind\u0259n ara\u015fd\u0131r\u0131l\u0131b, bu d\u00f6vrd\u0259 q\u0259l\u0259m\u0259 al\u0131nan \u0259s\u0259rl\u0259rin b\u0259dii-estetik x\u00fcsusiyy\u0259tl\u0259ri m\u00fcasir yana\u015fma il\u0259 t\u0259hlil edilib.<\/p>\n\n\n\n<p>Kitabxanan\u0131n r\u0259smi sayt\u0131nda&nbsp;<a href=\"https:\/\/www.ryl.az\/electronic-services\/AI_kitab_teqdimatlari\" target=\"_blank\" rel=\"noreferrer noopener\">https:\/\/www.ryl.az\/electronic-services\/AI_kitab_teqdimatlari<\/a>&nbsp;yerl\u0259\u015fdiril\u0259n t\u0259qdimatda Xaqani \u015eirvaninin h\u0259bs olunmas\u0131na s\u0259b\u0259b olan ictimai-siyasi, ya\u015fad\u0131\u011f\u0131 d\u00f6vr\u00fcn m\u00fcr\u0259kk\u0259b tarixi \u015f\u0259raiti v\u0259 saray m\u00fchiti geni\u015f \u015f\u0259kild\u0259 g\u00f6st\u0259rilib.&nbsp;Eyni zamanda, \u015fairin h\u0259bsi zaman\u0131 ke\u00e7irdiyi m\u0259n\u0259vi sars\u0131nt\u0131lar v\u0259 onlar\u0131n poeziyaya t\u0259siri s\u00fcni intellektin analitik imkanlar\u0131 vasit\u0259sil\u0259 sistemli \u015f\u0259kild\u0259 t\u0259qdim olunub.<\/p>\n\n\n\n<p>Bununla yana\u015f\u0131, kitabxanan\u0131n r\u0259smi sayt\u0131nda&nbsp;<a href=\"https:\/\/www.ryl.az\/activity\/Khagani_Shirvani_900\" target=\"_blank\" rel=\"noreferrer noopener\">https:\/\/www.ryl.az\/activity\/Khagani_Shirvani_900<\/a>&nbsp;\u201cXaqani \u015eirvani 900\u201d adl\u0131 elektron resurslar\u0131n bazas\u0131 yarad\u0131l\u0131b. Bazada internet m\u0259kan\u0131nda Xaqani \u015eirvaninin h\u0259yat v\u0259 yarad\u0131c\u0131l\u0131\u011f\u0131 haqq\u0131nda d\u0259rc edil\u0259n materiallar toplan\u0131r. \u0130stifad\u0259\u00e7il\u0259r i\u015fl\u0259k ke\u00e7idl\u0259r vasit\u0259sil\u0259 m\u0259qal\u0259l\u0259rin tam m\u0259tnin\u0259 baxmaq imkan\u0131na malikdirl\u0259r.<\/p>\n\n\n\n<p>Bel\u0259 t\u0259\u015f\u0259bb\u00fcsl\u0259r tariximizin, tarixi yadda\u015f\u0131m\u0131z\u0131n qorunmas\u0131na, h\u0259m\u00e7inin d\u0259 klassik Az\u0259rbaycan \u0259d\u0259biyyat\u0131n\u0131n z\u0259ngin irsinin g\u0259l\u0259c\u0259k n\u0259sill\u0259r\u0259 m\u00fcasir formatda \u00e7atd\u0131r\u0131lmas\u0131na xidm\u0259t edir.<\/p>\n\n\n\n<p><strong>M\u0259nb\u0259:\u00a0<a href=\"https:\/\/azertag.az\/\">https:\/\/azertag.az\/<\/a><\/strong><\/p>\n","protected":false},"excerpt":{"rendered":"<p>Az\u0259rbaycan Respublikas\u0131n\u0131n Prezidenti \u0130lham \u018fliyev 28 yanvar 2026-c\u0131 il tarixind\u0259 klassik Az\u0259rbaycan \u0259d\u0259biyyat\u0131n\u0131n g\u00f6rk\u0259mli n\u00fcmay\u0259nd\u0259si, \u015fair\u2013filosof Xaqani \u015eirvaninin 900 illik yubileyinin geni\u015f \u015f\u0259kild\u0259 qeyd olunmas\u0131na dair S\u0259r\u0259ncam imzalam\u0131\u015fd\u0131r. Bu S\u0259r\u0259ncamdan ir\u0259li g\u0259l\u0259n v\u0259zif\u0259l\u0259rin icras\u0131 il\u0259 \u0259laq\u0259dar olaraq C\u0259f\u0259r Cabbarl\u0131 ad\u0131na Respublika G\u0259ncl\u0259r Kitabxanas\u0131 t\u0259r\u0259find\u0259n silsil\u0259 t\u0259dbirl\u0259r h\u0259yata ke\u00e7irilir. Kitabxanadan&nbsp;AZ\u018fRTAC-a bildirilib ki, Xaqani \u015eirvaninin \u201cH\u0259bsiyy\u0259\u201d \u015feirl\u0259rin\u0259 [&hellip;]<\/p>\n","protected":false},"author":2,"featured_media":0,"comment_status":"open","ping_status":"open","sticky":false,"template":"","format":"standard","meta":{"footnotes":""},"categories":[49],"tags":[],"class_list":["post-51011","post","type-post","status-publish","format-standard","hentry","category-medeniyyat"],"_links":{"self":[{"href":"https:\/\/edebiyyat-az.com\/index.php?rest_route=\/wp\/v2\/posts\/51011","targetHints":{"allow":["GET"]}}],"collection":[{"href":"https:\/\/edebiyyat-az.com\/index.php?rest_route=\/wp\/v2\/posts"}],"about":[{"href":"https:\/\/edebiyyat-az.com\/index.php?rest_route=\/wp\/v2\/types\/post"}],"author":[{"embeddable":true,"href":"https:\/\/edebiyyat-az.com\/index.php?rest_route=\/wp\/v2\/users\/2"}],"replies":[{"embeddable":true,"href":"https:\/\/edebiyyat-az.com\/index.php?rest_route=%2Fwp%2Fv2%2Fcomments&post=51011"}],"version-history":[{"count":1,"href":"https:\/\/edebiyyat-az.com\/index.php?rest_route=\/wp\/v2\/posts\/51011\/revisions"}],"predecessor-version":[{"id":51015,"href":"https:\/\/edebiyyat-az.com\/index.php?rest_route=\/wp\/v2\/posts\/51011\/revisions\/51015"}],"wp:attachment":[{"href":"https:\/\/edebiyyat-az.com\/index.php?rest_route=%2Fwp%2Fv2%2Fmedia&parent=51011"}],"wp:term":[{"taxonomy":"category","embeddable":true,"href":"https:\/\/edebiyyat-az.com\/index.php?rest_route=%2Fwp%2Fv2%2Fcategories&post=51011"},{"taxonomy":"post_tag","embeddable":true,"href":"https:\/\/edebiyyat-az.com\/index.php?rest_route=%2Fwp%2Fv2%2Ftags&post=51011"}],"curies":[{"name":"wp","href":"https:\/\/api.w.org\/{rel}","templated":true}]}}