{"id":51012,"date":"2026-04-25T08:00:00","date_gmt":"2026-04-25T04:00:00","guid":{"rendered":"https:\/\/edebiyyat-az.com\/?p=51012"},"modified":"2026-04-26T16:40:53","modified_gmt":"2026-04-26T12:40:53","slug":"q%c9%99lbl%c9%99rin-harmoniyasi-6-festivali-g%c9%99nc-istedadlari-bir-araya-g%c9%99tir%c9%99c%c9%99k","status":"publish","type":"post","link":"https:\/\/edebiyyat-az.com\/?p=51012","title":{"rendered":"&#8220;Q\u0259lbl\u0259rin harmoniyas\u0131\u20136\u201d festival\u0131 g\u0259nc istedadlar\u0131 bir araya g\u0259tir\u0259c\u0259k"},"content":{"rendered":"\n<figure class=\"wp-block-image size-large\"><img decoding=\"async\" src=\"https:\/\/azertag.az\/files\/2026\/1\/1200x630\/1777015993414105763_1200x630.jpg\" alt=\"\"\/><\/figure>\n\n\n\n<p>Davud Q\u0259diro\u011flunun t\u0259\u015fkilat\u00e7\u0131l\u0131\u011f\u0131 v\u0259 Az\u0259rbaycan \u0130nc\u0259s\u0259n\u0259t M\u0259kt\u0259binin t\u0259r\u0259fda\u015fl\u0131\u011f\u0131 il\u0259 aprelin 25-d\u0259 Bak\u0131 G\u0259ncl\u0259r M\u0259rk\u0259zind\u0259 \u201cQ\u0259lbl\u0259rin harmoniyas\u0131\u20136\u201d adl\u0131 \u0259n\u0259n\u0259vi r\u0259qs v\u0259 gimnastika festival\u0131 ke\u00e7iril\u0259c\u0259k.<\/p>\n\n\n\n<p><a href=\"https:\/\/azertag.az\/\" target=\"_blank\" rel=\"noreferrer noopener\">AZ\u018fRTAC<\/a>&nbsp;x\u0259b\u0259r verir ki, festival Beyn\u0259lxalq R\u0259qs G\u00fcn\u00fcn\u0259 h\u0259sr olunub.<\/p>\n\n\n\n<p>\u201cQ\u0259lbl\u0259rin harmoniyas\u0131\u201d r\u0259qs v\u0259 gimnastika festival\u0131n\u0131n \u0259sas m\u0259qs\u0259di unudulmaqda olan Az\u0259rbaycan milli r\u0259qsl\u0259rini, el\u0259c\u0259 d\u0259 d\u00fcnya r\u0259qsl\u0259rini u\u015faq v\u0259 g\u0259ncl\u0259r aras\u0131nda tan\u0131tmaq, milli-m\u0259d\u0259ni irsin qorunmas\u0131na v\u0259 t\u0259bli\u011fin\u0259 t\u00f6hf\u0259 verm\u0259kdir. Eyni zamanda festival, m\u0259d\u0259ni v\u0259 sosial m\u00fcxt\u0259lifliy\u0259 baxmayaraq, r\u0259qsin insanlar aras\u0131nda emosional \u00f6z\u00fcn\u00fcifad\u0259, \u00fcnsiyy\u0259t v\u0259 birlik vasit\u0259si oldu\u011funa diqq\u0259t \u00e7\u0259km\u0259yi h\u0259d\u0259fl\u0259yir.<\/p>\n\n\n\n<p>Festival \u00e7\u0259r\u00e7iv\u0259sind\u0259 u\u015faqlar, yeniyetm\u0259l\u0259r v\u0259 g\u0259ncl\u0259r Az\u0259rbaycan milli v\u0259 d\u00fcnya r\u0259qsl\u0259ri, h\u0259m\u00e7inin gimnastik \u00e7\u0131x\u0131\u015flarla s\u0259hn\u0259y\u0259 \u00e7\u0131xaraq \u00f6z istedadlar\u0131n\u0131 n\u00fcmayi\u015f etdir\u0259c\u0259kl\u0259r. T\u0259dbir g\u0259nc n\u0259slin yarad\u0131c\u0131l\u0131q potensial\u0131n\u0131n inki\u015faf\u0131na, estetik z\u00f6vq\u00fcn\u00fcn formala\u015fmas\u0131na v\u0259 m\u0259d\u0259ni d\u0259y\u0259rl\u0259r\u0259 ba\u011fl\u0131l\u0131\u011f\u0131n\u0131n g\u00fccl\u0259nm\u0259sin\u0259 xidm\u0259t edir.<\/p>\n\n\n\n<p>\u201cQ\u0259lbl\u0259rin harmoniyas\u0131\u20136\u201d festival\u0131 \u00e7\u0259r\u00e7iv\u0259sind\u0259 i\u015ftirak\u00e7\u0131lar\u0131n \u00e7\u0131x\u0131\u015flar\u0131n\u0131 Xalq artisti Tamilla Eldarova, \u018fm\u0259kdar artistl\u0259r Etibar Zeynalov v\u0259 Zemfira H\u0259s\u0259nova, r\u0259qqas-pedaqoqlar S\u0259bin\u0259 Z\u0259kriyyayeva v\u0259 N\u0259rgiz \u018fbilova, h\u0259m\u00e7inin ritm ifa\u00e7\u0131s\u0131-pedaqoq C\u0259f\u0259r H\u0259s\u0259nov qiym\u0259tl\u0259ndir\u0259c\u0259kl\u0259r.<\/p>\n\n\n\n<p><strong>M\u0259nb\u0259:\u00a0<a href=\"https:\/\/azertag.az\/\">https:\/\/azertag.az\/<\/a><\/strong><\/p>\n","protected":false},"excerpt":{"rendered":"<p>Davud Q\u0259diro\u011flunun t\u0259\u015fkilat\u00e7\u0131l\u0131\u011f\u0131 v\u0259 Az\u0259rbaycan \u0130nc\u0259s\u0259n\u0259t M\u0259kt\u0259binin t\u0259r\u0259fda\u015fl\u0131\u011f\u0131 il\u0259 aprelin 25-d\u0259 Bak\u0131 G\u0259ncl\u0259r M\u0259rk\u0259zind\u0259 \u201cQ\u0259lbl\u0259rin harmoniyas\u0131\u20136\u201d adl\u0131 \u0259n\u0259n\u0259vi r\u0259qs v\u0259 gimnastika festival\u0131 ke\u00e7iril\u0259c\u0259k. AZ\u018fRTAC&nbsp;x\u0259b\u0259r verir ki, festival Beyn\u0259lxalq R\u0259qs G\u00fcn\u00fcn\u0259 h\u0259sr olunub. \u201cQ\u0259lbl\u0259rin harmoniyas\u0131\u201d r\u0259qs v\u0259 gimnastika festival\u0131n\u0131n \u0259sas m\u0259qs\u0259di unudulmaqda olan Az\u0259rbaycan milli r\u0259qsl\u0259rini, el\u0259c\u0259 d\u0259 d\u00fcnya r\u0259qsl\u0259rini u\u015faq v\u0259 g\u0259ncl\u0259r aras\u0131nda tan\u0131tmaq, milli-m\u0259d\u0259ni [&hellip;]<\/p>\n","protected":false},"author":2,"featured_media":0,"comment_status":"open","ping_status":"open","sticky":false,"template":"","format":"standard","meta":{"footnotes":""},"categories":[49],"tags":[],"class_list":["post-51012","post","type-post","status-publish","format-standard","hentry","category-medeniyyat"],"_links":{"self":[{"href":"https:\/\/edebiyyat-az.com\/index.php?rest_route=\/wp\/v2\/posts\/51012","targetHints":{"allow":["GET"]}}],"collection":[{"href":"https:\/\/edebiyyat-az.com\/index.php?rest_route=\/wp\/v2\/posts"}],"about":[{"href":"https:\/\/edebiyyat-az.com\/index.php?rest_route=\/wp\/v2\/types\/post"}],"author":[{"embeddable":true,"href":"https:\/\/edebiyyat-az.com\/index.php?rest_route=\/wp\/v2\/users\/2"}],"replies":[{"embeddable":true,"href":"https:\/\/edebiyyat-az.com\/index.php?rest_route=%2Fwp%2Fv2%2Fcomments&post=51012"}],"version-history":[{"count":1,"href":"https:\/\/edebiyyat-az.com\/index.php?rest_route=\/wp\/v2\/posts\/51012\/revisions"}],"predecessor-version":[{"id":51016,"href":"https:\/\/edebiyyat-az.com\/index.php?rest_route=\/wp\/v2\/posts\/51012\/revisions\/51016"}],"wp:attachment":[{"href":"https:\/\/edebiyyat-az.com\/index.php?rest_route=%2Fwp%2Fv2%2Fmedia&parent=51012"}],"wp:term":[{"taxonomy":"category","embeddable":true,"href":"https:\/\/edebiyyat-az.com\/index.php?rest_route=%2Fwp%2Fv2%2Fcategories&post=51012"},{"taxonomy":"post_tag","embeddable":true,"href":"https:\/\/edebiyyat-az.com\/index.php?rest_route=%2Fwp%2Fv2%2Ftags&post=51012"}],"curies":[{"name":"wp","href":"https:\/\/api.w.org\/{rel}","templated":true}]}}