{"id":51020,"date":"2026-04-28T08:00:00","date_gmt":"2026-04-28T04:00:00","guid":{"rendered":"https:\/\/edebiyyat-az.com\/?p=51020"},"modified":"2026-04-28T10:31:02","modified_gmt":"2026-04-28T06:31:02","slug":"n%c9%99riman-n%c9%99rimanov-v%c9%99-turk-dunyasi-adli-t%c9%99dbir-t%c9%99skil-olunub","status":"publish","type":"post","link":"https:\/\/edebiyyat-az.com\/?p=51020","title":{"rendered":"\u201cN\u0259riman N\u0259rimanov v\u0259 T\u00fcrk d\u00fcnyas\u0131\u201d adl\u0131 t\u0259dbir t\u0259\u015fkil olunub"},"content":{"rendered":"\n<figure class=\"wp-block-image size-large is-resized\"><img decoding=\"async\" src=\"https:\/\/azertag.az\/files\/galleryphoto\/2026\/1\/1200x630\/17772866713929434944_1200x630.jpg\" alt=\"\" style=\"width:645px;height:auto\"\/><\/figure>\n\n\n\n<p>N\u0259riman N\u0259rimanov xatir\u0259 muzeyi, Yunus \u018fmr\u0259 \u0130nstitutu v\u0259 Az\u0259rbaycan Dill\u0259r Universitetinin T\u00fcrk D\u00fcnyas\u0131 Ara\u015fd\u0131rmalar\u0131 M\u0259rk\u0259zinin birg\u0259 t\u0259\u015fkilat\u00e7\u0131l\u0131\u011f\u0131 il\u0259 \u201cN\u0259riman N\u0259rimanov v\u0259 T\u00fcrk d\u00fcnyas\u0131\u201d adl\u0131 t\u0259dbir ke\u00e7irib.<\/p>\n\n\n\n<p>Muzeyd\u0259n&nbsp;<a href=\"https:\/\/azertag.az\/\" target=\"_blank\" rel=\"noreferrer noopener\">AZ\u018fRTAC<\/a>-a bildirilib ki, Yunus \u018fmr\u0259 \u0130nstitutunda ba\u015f tutan t\u0259dbir g\u00f6rk\u0259mli ictimai-siyasi v\u0259 d\u00f6vl\u0259t xadimi, dramaturq, h\u0259kim, m\u00fc\u0259llim N.N\u0259rimanovun anadan olmas\u0131n\u0131n 156-c\u0131 ild\u00f6n\u00fcm\u00fcn\u0259 h\u0259sr edilib.<\/p>\n\n\n\n<p>T\u0259dbird\u0259 tarix elml\u0259ri doktoru H\u0259s\u0259n H\u0259s\u0259nov, Az\u0259rbaycan Respublikas\u0131n\u0131n Prezidenti yan\u0131nda D\u00f6vl\u0259t \u0130dar\u0259\u00e7ilik Akademiyas\u0131n\u0131n Tarix kafedras\u0131n\u0131n m\u00fcdiri, \u018fm\u0259kdar m\u00fc\u0259llim, tarix \u00fczr\u0259 f\u0259ls\u0259f\u0259 doktoru Firdovsiyy\u0259 \u018fhm\u0259dova, Yunus \u018fmr\u0259 \u0130nstitutunun Bak\u0131 koordinatoru G\u00f6khan Seyhan, T\u00fcrk D\u00fcnyas\u0131 Ara\u015fd\u0131rmalar M\u0259rk\u0259zinin m\u00fcdiri C\u0259lal \u0130brahimli, R\u0259\u015fid Behbudov Fondunun direktoru Kamil \u015eahverdi, Az\u0259rbaycan Dill\u0259r Universitetinin m\u00fc\u0259llim v\u0259 t\u0259l\u0259b\u0259l\u0259ri, muzey \u0259m\u0259kda\u015flar\u0131 i\u015ftirak edibl\u0259r.<\/p>\n\n\n\n<p>C\u0259lal \u0130brahimlinin moderatorlu\u011fu il\u0259 ke\u00e7\u0259n t\u0259dbird\u0259 ziyal\u0131lar\u0131n N.N\u0259rimanov v\u0259 T\u00fcrk d\u00fcnyas\u0131 haqda \u0259trafl\u0131 \u00e7\u0131x\u0131\u015flar\u0131 dinl\u0259nilib.<\/p>\n\n\n\n<p>Muzeyinin direktoru L\u0259man H\u00fcseynova \u201cNargin \u2013 \u201c\u00d6l\u00fcm adas\u0131\u201dnda qarda\u015fl\u0131\u011f\u0131m\u0131z\u0131n tarixi\u201d m\u00f6vzusunda haz\u0131rlad\u0131\u011f\u0131 t\u0259qdimatla \u00e7\u0131x\u0131\u015f edib.<\/p>\n\n\n\n<p>T\u0259dbirin m\u0259qs\u0259di, N.N\u0259rimanovun z\u0259ngin irsini, x\u00fcsusil\u0259 d\u0259 onun t\u00fcrk\u00e7\u00fcl\u00fck ideyalar\u0131na m\u00fcnasib\u0259tini elmi m\u00fcst\u0259vid\u0259 ara\u015fd\u0131rmaq v\u0259 geni\u015f ictimaiyy\u0259t\u0259 t\u0259qdim etm\u0259k, el\u0259c\u0259 d\u0259 milli-m\u0259n\u0259vi d\u0259y\u0259rl\u0259rin t\u0259bli\u011fi, tariximizin g\u00f6rk\u0259mli \u015f\u0259xsiyy\u0259tl\u0259rinin g\u0259nc n\u0259sil aras\u0131nda tan\u0131d\u0131lmas\u0131 v\u0259 elmi \u0259m\u0259kda\u015fl\u0131\u011f\u0131n g\u00fccl\u0259ndirilm\u0259sidir.<\/p>\n\n\n\n<p><strong>M\u0259nb\u0259: <a href=\"https:\/\/azertag.az\/\">https:\/\/azertag.az\/<\/a><\/strong><\/p>\n","protected":false},"excerpt":{"rendered":"<p>N\u0259riman N\u0259rimanov xatir\u0259 muzeyi, Yunus \u018fmr\u0259 \u0130nstitutu v\u0259 Az\u0259rbaycan Dill\u0259r Universitetinin T\u00fcrk D\u00fcnyas\u0131 Ara\u015fd\u0131rmalar\u0131 M\u0259rk\u0259zinin birg\u0259 t\u0259\u015fkilat\u00e7\u0131l\u0131\u011f\u0131 il\u0259 \u201cN\u0259riman N\u0259rimanov v\u0259 T\u00fcrk d\u00fcnyas\u0131\u201d adl\u0131 t\u0259dbir ke\u00e7irib. Muzeyd\u0259n&nbsp;AZ\u018fRTAC-a bildirilib ki, Yunus \u018fmr\u0259 \u0130nstitutunda ba\u015f tutan t\u0259dbir g\u00f6rk\u0259mli ictimai-siyasi v\u0259 d\u00f6vl\u0259t xadimi, dramaturq, h\u0259kim, m\u00fc\u0259llim N.N\u0259rimanovun anadan olmas\u0131n\u0131n 156-c\u0131 ild\u00f6n\u00fcm\u00fcn\u0259 h\u0259sr edilib. T\u0259dbird\u0259 tarix elml\u0259ri doktoru H\u0259s\u0259n [&hellip;]<\/p>\n","protected":false},"author":2,"featured_media":0,"comment_status":"open","ping_status":"open","sticky":false,"template":"","format":"standard","meta":{"footnotes":""},"categories":[49],"tags":[],"class_list":["post-51020","post","type-post","status-publish","format-standard","hentry","category-medeniyyat"],"_links":{"self":[{"href":"https:\/\/edebiyyat-az.com\/index.php?rest_route=\/wp\/v2\/posts\/51020","targetHints":{"allow":["GET"]}}],"collection":[{"href":"https:\/\/edebiyyat-az.com\/index.php?rest_route=\/wp\/v2\/posts"}],"about":[{"href":"https:\/\/edebiyyat-az.com\/index.php?rest_route=\/wp\/v2\/types\/post"}],"author":[{"embeddable":true,"href":"https:\/\/edebiyyat-az.com\/index.php?rest_route=\/wp\/v2\/users\/2"}],"replies":[{"embeddable":true,"href":"https:\/\/edebiyyat-az.com\/index.php?rest_route=%2Fwp%2Fv2%2Fcomments&post=51020"}],"version-history":[{"count":1,"href":"https:\/\/edebiyyat-az.com\/index.php?rest_route=\/wp\/v2\/posts\/51020\/revisions"}],"predecessor-version":[{"id":51024,"href":"https:\/\/edebiyyat-az.com\/index.php?rest_route=\/wp\/v2\/posts\/51020\/revisions\/51024"}],"wp:attachment":[{"href":"https:\/\/edebiyyat-az.com\/index.php?rest_route=%2Fwp%2Fv2%2Fmedia&parent=51020"}],"wp:term":[{"taxonomy":"category","embeddable":true,"href":"https:\/\/edebiyyat-az.com\/index.php?rest_route=%2Fwp%2Fv2%2Fcategories&post=51020"},{"taxonomy":"post_tag","embeddable":true,"href":"https:\/\/edebiyyat-az.com\/index.php?rest_route=%2Fwp%2Fv2%2Ftags&post=51020"}],"curies":[{"name":"wp","href":"https:\/\/api.w.org\/{rel}","templated":true}]}}