{"id":51021,"date":"2026-04-28T09:00:00","date_gmt":"2026-04-28T05:00:00","guid":{"rendered":"https:\/\/edebiyyat-az.com\/?p=51021"},"modified":"2026-04-28T10:32:04","modified_gmt":"2026-04-28T06:32:04","slug":"prezident-kitabxanasinda-mir-c%c9%99lal-pasayevin-%c9%99d%c9%99bi-irsin%c9%99-h%c9%99sr-olunan-yeni-virtual-kolleksiya-yaradilib","status":"publish","type":"post","link":"https:\/\/edebiyyat-az.com\/?p=51021","title":{"rendered":"Prezident Kitabxanas\u0131nda Mir C\u0259lal Pa\u015fayevin \u0259d\u0259bi irsin\u0259 h\u0259sr olunan yeni virtual kolleksiya yarad\u0131l\u0131b\u00a0"},"content":{"rendered":"\n<figure class=\"wp-block-image size-large\"><img decoding=\"async\" src=\"https:\/\/azertag.az\/files\/2026\/1\/1200x630\/17772948113238520295_1200x630.png\" alt=\"\"\/><\/figure>\n\n\n\n<p>Prezident Kitabxanas\u0131n\u0131n Kolleksiyalar b\u00f6lm\u0259sinin \u201c\u018fd\u0259bi irs\u201d adl\u0131 alt b\u00f6lm\u0259sind\u0259 XX \u0259sr Az\u0259rbaycan \u0259d\u0259bi-b\u0259dii fikir tarixinin g\u00f6rk\u0259mli n\u00fcmay\u0259nd\u0259si, yaz\u0131\u00e7\u0131, \u0259d\u0259biyyat\u015f\u00fcnas-alim Mir C\u0259lal Pa\u015fayevin yarad\u0131c\u0131l\u0131\u011f\u0131na h\u0259sr olunan yeni virtual kolleksiya yarad\u0131l\u0131b.<\/p>\n\n\n\n<p>Kitabxanadan&nbsp;<a href=\"https:\/\/azertag.az\/\" target=\"_blank\" rel=\"noreferrer noopener\">AZ\u018fRTAC<\/a>-a bildirilib ki, kolleksiyada Mir C\u0259lal Pa\u015fayevin \u00e7ox\u015fax\u0259li \u0259d\u0259bi v\u0259 elmi f\u0259aliyy\u0259tini \u0259ks etdir\u0259n materiallar t\u0259qdim olunur.<\/p>\n\n\n\n<p>Az\u0259rbaycan n\u0259srinin g\u00f6rk\u0259mli n\u00fcmay\u0259nd\u0259l\u0259rind\u0259n biri olan \u0259dibin yarad\u0131c\u0131l\u0131\u011f\u0131 milli \u0259d\u0259biyyat\u0131n inki\u015faf\u0131nda, onun m\u0259zmun v\u0259 ideya bax\u0131m\u0131ndan z\u0259nginl\u0259\u015fm\u0259sind\u0259 x\u00fcsusi yer tutur. Yaz\u0131\u00e7\u0131n\u0131n \u0259s\u0259rl\u0259rind\u0259 xalq yarad\u0131c\u0131l\u0131\u011f\u0131 il\u0259 klassik \u0259d\u0259bi irsin qabaqc\u0131l \u0259n\u0259n\u0259l\u0259rinin v\u0259hd\u0259ti yeni b\u0259dii keyfiyy\u0259td\u0259 ifad\u0259 olunub.<\/p>\n\n\n\n<p>Mir C\u0259lal Pa\u015fayev ictimai tariximizin v\u0259 xalq taleyinin m\u00fch\u00fcm m\u0259qamlar\u0131n\u0131 b\u0259dii t\u0259hlil s\u00fczg\u0259cind\u0259n ke\u00e7ir\u0259n, h\u0259yat v\u0259 zaman haqq\u0131nda oxucu il\u0259 s\u0259mimi v\u0259 d\u00fc\u015f\u00fcnd\u00fcr\u00fcc\u00fc dialoq quran s\u0259n\u0259tkar kimi tan\u0131n\u0131r. Onun roman v\u0259 hekay\u0259l\u0259ri insan xarakterl\u0259rinin d\u0259rin psixoloji t\u0259hlili, milli-m\u0259n\u0259vi d\u0259y\u0259rl\u0259r\u0259 ba\u011fl\u0131l\u0131q v\u0259 d\u00f6vr\u00fcn ictimai m\u0259nz\u0259r\u0259sinin dol\u011fun \u0259ks etdirilm\u0259si il\u0259 se\u00e7ilir.<\/p>\n\n\n\n<p>Yaz\u0131\u00e7\u0131n\u0131n elmi yarad\u0131c\u0131l\u0131\u011f\u0131 da Az\u0259rbaycan \u0259d\u0259biyyat\u015f\u00fcnasl\u0131\u011f\u0131n\u0131n inki\u015faf\u0131nda m\u00fch\u00fcm yer tutur. Mir C\u0259lal Pa\u015fayev klassik \u0259d\u0259bi irsin, x\u00fcsusil\u0259 dahi Az\u0259rbaycan \u015fairi M\u0259h\u0259mm\u0259d F\u00fczulinin s\u0259n\u0259t d\u00fcnyas\u0131n\u0131n t\u0259dqiqin\u0259 m\u00fch\u00fcm t\u00f6hf\u0259l\u0259r verib, milli \u0259d\u0259bi d\u00fc\u015f\u00fcnc\u0259nin \u0259sas istiqam\u0259tl\u0259rini elmi \u0259saslarla \u015f\u0259rh edib. Onun elmi v\u0259 pedaqoji f\u0259aliyy\u0259ti Az\u0259rbaycan maarif\u00e7iliyinin v\u0259 \u0259d\u0259biyyat\u015f\u00fcnasl\u0131q m\u0259kt\u0259binin formala\u015fmas\u0131nda \u0259h\u0259miyy\u0259tli rol oynay\u0131b.<\/p>\n\n\n\n<p>Kolleksiyada \u0259dibin b\u0259dii \u0259s\u0259rl\u0259ri il\u0259 yana\u015f\u0131, \u0259d\u0259bi-t\u0259nqidi, publisistik v\u0259 elmi yaz\u0131lar\u0131n\u0131 \u0259hat\u0259 ed\u0259n materiallar yer al\u0131r. Bu materiallar Mir C\u0259lal Pa\u015fayevin yarad\u0131c\u0131l\u0131q diapazonunun geni\u015fliyini, onun h\u0259m yaz\u0131\u00e7\u0131, h\u0259m alim, h\u0259m d\u0259 pedaqoq kimi \u00e7ox\u015fax\u0259li f\u0259aliyy\u0259tini \u0259hat\u0259li \u015f\u0259kild\u0259 t\u0259qdim edir.<\/p>\n\n\n\n<p>Eyni zamanda, Prezident Kitabxanas\u0131 t\u0259r\u0259find\u0259n Mir C\u0259lal Pa\u015fayevin h\u0259yat v\u0259 f\u0259aliyy\u0259tin\u0259 h\u0259sr olunmu\u015f video\u00e7arx haz\u0131rlan\u0131b. Video\u00e7arx\u0131 kitabxanan\u0131n \u201cYouTube\u201d kanal\u0131nda izl\u0259m\u0259k m\u00fcmk\u00fcnd\u00fcr.<\/p>\n\n\n\n<p>Kolleksiya geni\u015f oxucu auditoriyas\u0131 \u00fc\u00e7\u00fcn faydal\u0131 m\u0259nb\u0259 olmaqla, milli \u0259d\u0259bi irsin \u00f6yr\u0259nilm\u0259si v\u0259 ara\u015fd\u0131r\u0131lmas\u0131 bax\u0131m\u0131ndan \u0259lav\u0259 imkanlar yarad\u0131r.<\/p>\n\n\n\n<p><a href=\"https:\/\/video.azertag.az\/site\/video\/311423\">https:\/\/video.azertag.az\/site\/video\/311423<\/a><\/p>\n\n\n\n<p><strong>M\u0259nb\u0259: <a href=\"https:\/\/azertag.az\/\">https:\/\/azertag.az\/<\/a><\/strong><\/p>\n","protected":false},"excerpt":{"rendered":"<p>Prezident Kitabxanas\u0131n\u0131n Kolleksiyalar b\u00f6lm\u0259sinin \u201c\u018fd\u0259bi irs\u201d adl\u0131 alt b\u00f6lm\u0259sind\u0259 XX \u0259sr Az\u0259rbaycan \u0259d\u0259bi-b\u0259dii fikir tarixinin g\u00f6rk\u0259mli n\u00fcmay\u0259nd\u0259si, yaz\u0131\u00e7\u0131, \u0259d\u0259biyyat\u015f\u00fcnas-alim Mir C\u0259lal Pa\u015fayevin yarad\u0131c\u0131l\u0131\u011f\u0131na h\u0259sr olunan yeni virtual kolleksiya yarad\u0131l\u0131b. Kitabxanadan&nbsp;AZ\u018fRTAC-a bildirilib ki, kolleksiyada Mir C\u0259lal Pa\u015fayevin \u00e7ox\u015fax\u0259li \u0259d\u0259bi v\u0259 elmi f\u0259aliyy\u0259tini \u0259ks etdir\u0259n materiallar t\u0259qdim olunur. Az\u0259rbaycan n\u0259srinin g\u00f6rk\u0259mli n\u00fcmay\u0259nd\u0259l\u0259rind\u0259n biri olan \u0259dibin yarad\u0131c\u0131l\u0131\u011f\u0131 milli [&hellip;]<\/p>\n","protected":false},"author":2,"featured_media":0,"comment_status":"open","ping_status":"open","sticky":false,"template":"","format":"standard","meta":{"footnotes":""},"categories":[49],"tags":[],"class_list":["post-51021","post","type-post","status-publish","format-standard","hentry","category-medeniyyat"],"_links":{"self":[{"href":"https:\/\/edebiyyat-az.com\/index.php?rest_route=\/wp\/v2\/posts\/51021","targetHints":{"allow":["GET"]}}],"collection":[{"href":"https:\/\/edebiyyat-az.com\/index.php?rest_route=\/wp\/v2\/posts"}],"about":[{"href":"https:\/\/edebiyyat-az.com\/index.php?rest_route=\/wp\/v2\/types\/post"}],"author":[{"embeddable":true,"href":"https:\/\/edebiyyat-az.com\/index.php?rest_route=\/wp\/v2\/users\/2"}],"replies":[{"embeddable":true,"href":"https:\/\/edebiyyat-az.com\/index.php?rest_route=%2Fwp%2Fv2%2Fcomments&post=51021"}],"version-history":[{"count":1,"href":"https:\/\/edebiyyat-az.com\/index.php?rest_route=\/wp\/v2\/posts\/51021\/revisions"}],"predecessor-version":[{"id":51025,"href":"https:\/\/edebiyyat-az.com\/index.php?rest_route=\/wp\/v2\/posts\/51021\/revisions\/51025"}],"wp:attachment":[{"href":"https:\/\/edebiyyat-az.com\/index.php?rest_route=%2Fwp%2Fv2%2Fmedia&parent=51021"}],"wp:term":[{"taxonomy":"category","embeddable":true,"href":"https:\/\/edebiyyat-az.com\/index.php?rest_route=%2Fwp%2Fv2%2Fcategories&post=51021"},{"taxonomy":"post_tag","embeddable":true,"href":"https:\/\/edebiyyat-az.com\/index.php?rest_route=%2Fwp%2Fv2%2Ftags&post=51021"}],"curies":[{"name":"wp","href":"https:\/\/api.w.org\/{rel}","templated":true}]}}