{"id":53044,"date":"2026-08-29T08:00:00","date_gmt":"2026-08-29T04:00:00","guid":{"rendered":"https:\/\/edebiyyat-az.com\/?p=53044"},"modified":"2026-08-31T10:32:04","modified_gmt":"2026-08-31T06:32:04","slug":"az%c9%99rbaycan-kinematoqrafcilar-ittifaqinin-konfransi-sentyabrda-keciril%c9%99c%c9%99k","status":"publish","type":"post","link":"https:\/\/edebiyyat-az.com\/?p=53044","title":{"rendered":"Az\u0259rbaycan Kinematoqraf\u00e7\u0131lar \u0130ttifaq\u0131n\u0131n konfrans\u0131 sentyabrda ke\u00e7iril\u0259c\u0259k"},"content":{"rendered":"\n<ul class=\"wp-block-list\">\n<li><\/li>\n<\/ul>\n\n\n\n<figure class=\"wp-block-image size-large\"><img decoding=\"async\" src=\"https:\/\/azertag.az\/files\/2026\/2\/1200x630\/17879206663982823218_1200x630.jpg\" alt=\"\"\/><\/figure>\n\n\n\n<p class=\"wp-block-paragraph\">Az\u0259rbaycan Kinematoqraf\u00e7\u0131lar \u0130ttifaq\u0131n\u0131n (AK\u0130) \u0130dar\u0259 Hey\u0259tinin iclas\u0131 ke\u00e7irilib.<\/p>\n\n\n\n<p class=\"wp-block-paragraph\">AK\u0130-d\u0259n&nbsp;<a href=\"https:\/\/azertag.az\/\" target=\"_blank\" rel=\"noreferrer noopener\">AZ\u018fRTAC<\/a>-a bildirilib ki, iclasda \u0130ttifaq\u0131n cari f\u0259aliyy\u0259ti, qar\u015f\u0131da duran t\u0259\u015fkilati m\u0259s\u0259l\u0259l\u0259r, \u00fczvl\u00fck m\u0259s\u0259l\u0259l\u0259ri v\u0259 n\u00f6vb\u0259ti Konfrans\u0131n ke\u00e7irilm\u0259si il\u0259 ba\u011fl\u0131 m\u0259s\u0259l\u0259l\u0259r m\u00fczakir\u0259 olunub.<\/p>\n\n\n\n<p class=\"wp-block-paragraph\">\u0130clas\u0131n yekununda bir s\u0131ra q\u0259rarlar q\u0259bul edilib.<\/p>\n\n\n\n<p class=\"wp-block-paragraph\">Q\u0259rara \u0259sas\u0259n, Az\u0259rbaycan Kinematoqraf\u00e7\u0131lar \u0130ttifaq\u0131 s\u0259drinin s\u0259lahiyy\u0259tl\u0259rinin m\u00fcv\u0259qq\u0259ti olaraq \u015e\u0259fiq\u0259 M\u0259mm\u0259dovaya h\u0259val\u0259 edilm\u0259si yekdillikl\u0259 q\u0259rara al\u0131n\u0131b. \u0130clasda Az\u0259rbaycan Kinematoqraf\u00e7\u0131lar \u0130ttifaq\u0131n\u0131n Konfrans\u0131n\u0131n ke\u00e7irilm\u0259si m\u0259s\u0259l\u0259si d\u0259 m\u00fczakir\u0259 olunub. Q\u0259rara \u0259sas\u0259n, Az\u0259rbaycan Kinematoqraf\u00e7\u0131lar \u0130ttifaq\u0131n\u0131n konfrans\u0131 sentyabr\u0131n 11-d\u0259 ke\u00e7iril\u0259c\u0259k.<\/p>\n\n\n\n<p class=\"wp-block-paragraph\">Bununla yana\u015f\u0131, t\u0259qdim edilmi\u015f siyah\u0131 \u0259sas\u0131nda \u0130ttifaq\u0131n \u00fczvl\u00fck siyah\u0131s\u0131n\u0131n d\u0259qiql\u0259\u015fdirilm\u0259si, el\u0259c\u0259 d\u0259 b\u0259zi \u00fczvl\u0259rin f\u0259aliyy\u0259tin\u0259 xitam verilm\u0259si m\u0259s\u0259l\u0259sin\u0259 bax\u0131lmas\u0131 q\u0259rara al\u0131n\u0131b.<\/p>\n\n\n\n<p class=\"wp-block-paragraph\">\u0130dar\u0259 Hey\u0259tinin \u00fczv\u00fc, h\u0259m\u00e7inin \u0130cra\u00e7\u0131 katib \u018fli \u0130sa Cabarovun istefa \u0259riz\u0259l\u0259rin\u0259 bax\u0131l\u0131b v\u0259 \u0259riz\u0259l\u0259r \u0130dar\u0259 Hey\u0259ti t\u0259r\u0259find\u0259n q\u0259bul edilib.<\/p>\n\n\n\n<p class=\"wp-block-paragraph\">\u0130clasda \u015e\u0259fiq\u0259 M\u0259mm\u0259dovan\u0131n Az\u0259rbaycan Kinematoqraf\u00e7\u0131lar \u0130ttifaq\u0131 s\u0259drliyin\u0259 vahid namiz\u0259d kimi t\u0259sdiq edilm\u0259si bar\u0259d\u0259 d\u0259 yekdillikl\u0259 q\u0259rar q\u0259bul olunub. \u0130dar\u0259 Hey\u0259tinin iclas\u0131nda q\u0259bul edil\u0259n q\u0259rarlar \u0130ttifaq\u0131n f\u0259aliyy\u0259tinin t\u0259\u015fkilati bax\u0131mdan t\u0259nziml\u0259nm\u0259si v\u0259 qar\u015f\u0131dak\u0131 Konfransa haz\u0131rl\u0131\u011f\u0131n t\u0259min edilm\u0259si m\u0259qs\u0259di da\u015f\u0131y\u0131r.<\/p>\n\n\n\n<p class=\"wp-block-paragraph\">M\u0259nb\u0259:\u00a0<a href=\"https:\/\/azertag.az\/\">https:\/\/azertag.az\/<\/a><\/p>\n","protected":false},"excerpt":{"rendered":"<p>Az\u0259rbaycan Kinematoqraf\u00e7\u0131lar \u0130ttifaq\u0131n\u0131n (AK\u0130) \u0130dar\u0259 Hey\u0259tinin iclas\u0131 ke\u00e7irilib. AK\u0130-d\u0259n&nbsp;AZ\u018fRTAC-a bildirilib ki, iclasda \u0130ttifaq\u0131n cari f\u0259aliyy\u0259ti, qar\u015f\u0131da duran t\u0259\u015fkilati m\u0259s\u0259l\u0259l\u0259r, \u00fczvl\u00fck m\u0259s\u0259l\u0259l\u0259ri v\u0259 n\u00f6vb\u0259ti Konfrans\u0131n ke\u00e7irilm\u0259si il\u0259 ba\u011fl\u0131 m\u0259s\u0259l\u0259l\u0259r m\u00fczakir\u0259 olunub. \u0130clas\u0131n yekununda bir s\u0131ra q\u0259rarlar q\u0259bul edilib. Q\u0259rara \u0259sas\u0259n, Az\u0259rbaycan Kinematoqraf\u00e7\u0131lar \u0130ttifaq\u0131 s\u0259drinin s\u0259lahiyy\u0259tl\u0259rinin m\u00fcv\u0259qq\u0259ti olaraq \u015e\u0259fiq\u0259 M\u0259mm\u0259dovaya h\u0259val\u0259 edilm\u0259si yekdillikl\u0259 q\u0259rara al\u0131n\u0131b. \u0130clasda Az\u0259rbaycan &hellip; <\/p>\n","protected":false},"author":2,"featured_media":0,"comment_status":"open","ping_status":"open","sticky":false,"template":"","format":"standard","meta":{"footnotes":""},"categories":[49],"tags":[],"class_list":["post-53044","post","type-post","status-publish","format-standard","hentry","category-medeniyyat","latest_post"],"_links":{"self":[{"href":"https:\/\/edebiyyat-az.com\/index.php?rest_route=\/wp\/v2\/posts\/53044","targetHints":{"allow":["GET"]}}],"collection":[{"href":"https:\/\/edebiyyat-az.com\/index.php?rest_route=\/wp\/v2\/posts"}],"about":[{"href":"https:\/\/edebiyyat-az.com\/index.php?rest_route=\/wp\/v2\/types\/post"}],"author":[{"embeddable":true,"href":"https:\/\/edebiyyat-az.com\/index.php?rest_route=\/wp\/v2\/users\/2"}],"replies":[{"embeddable":true,"href":"https:\/\/edebiyyat-az.com\/index.php?rest_route=%2Fwp%2Fv2%2Fcomments&post=53044"}],"version-history":[{"count":1,"href":"https:\/\/edebiyyat-az.com\/index.php?rest_route=\/wp\/v2\/posts\/53044\/revisions"}],"predecessor-version":[{"id":53052,"href":"https:\/\/edebiyyat-az.com\/index.php?rest_route=\/wp\/v2\/posts\/53044\/revisions\/53052"}],"wp:attachment":[{"href":"https:\/\/edebiyyat-az.com\/index.php?rest_route=%2Fwp%2Fv2%2Fmedia&parent=53044"}],"wp:term":[{"taxonomy":"category","embeddable":true,"href":"https:\/\/edebiyyat-az.com\/index.php?rest_route=%2Fwp%2Fv2%2Fcategories&post=53044"},{"taxonomy":"post_tag","embeddable":true,"href":"https:\/\/edebiyyat-az.com\/index.php?rest_route=%2Fwp%2Fv2%2Ftags&post=53044"}],"curies":[{"name":"wp","href":"https:\/\/api.w.org\/{rel}","templated":true}]}}