{"id":53046,"date":"2026-08-29T09:00:00","date_gmt":"2026-08-29T05:00:00","guid":{"rendered":"https:\/\/edebiyyat-az.com\/?p=53046"},"modified":"2026-08-31T10:32:39","modified_gmt":"2026-08-31T06:32:39","slug":"mahir-q%c9%99ribov-az%c9%99rbaycan-m%c9%99d%c9%99niyy%c9%99ti-2040-konsepsiyasi-tarixi-irsl%c9%99-g%c9%99l%c9%99c%c9%99k-arasinda-m%c9%99n%c9%99vi-korpu-yaradir","status":"publish","type":"post","link":"https:\/\/edebiyyat-az.com\/?p=53046","title":{"rendered":"Mahir Q\u0259ribov: \u201cAz\u0259rbaycan M\u0259d\u0259niyy\u0259ti &#8211; 2040\u201d Konsepsiyas\u0131 tarixi irsl\u0259 g\u0259l\u0259c\u0259k aras\u0131nda m\u0259n\u0259vi k\u00f6rp\u00fc yarad\u0131r"},"content":{"rendered":"\n<figure class=\"wp-block-image size-large\"><img decoding=\"async\" src=\"https:\/\/azertag.az\/files\/2026\/2\/1200x630\/17879171121225425457_1200x630.jpeg\" alt=\"\"\/><\/figure>\n\n\n\n<p class=\"wp-block-paragraph\">Az\u0259rbaycan\u0131n z\u0259ngin m\u0259d\u0259ni irsi \u0259srl\u0259r boyu formala\u015fan milli yadda\u015f\u0131n da\u015f\u0131y\u0131c\u0131s\u0131 olmaqla yana\u015f\u0131, \u00f6lk\u0259nin g\u0259l\u0259c\u0259yin\u0259 istiqam\u0259t ver\u0259n m\u00fch\u00fcm m\u0259n\u0259vi s\u0259rv\u0259tdir. \u201cAz\u0259rbaycan M\u0259d\u0259niyy\u0259ti &#8211; 2040\u201d Konsepsiyas\u0131 bu irsin qorunmas\u0131n\u0131 m\u00fcasir inki\u015faf imkanlar\u0131 il\u0259 birl\u0259\u015fdir\u0259r\u0259k m\u0259d\u0259niyy\u0259tin milli kimliyin m\u00f6hk\u0259ml\u0259ndirilm\u0259sind\u0259 v\u0259 Az\u0259rbaycan\u0131n d\u00fcnyada tan\u0131d\u0131lmas\u0131nda rolunu daha da art\u0131rma\u011f\u0131 qar\u015f\u0131ya m\u0259qs\u0259d qoyur.<\/p>\n\n\n\n<p class=\"wp-block-paragraph\">Tarix \u00fczr\u0259 f\u0259ls\u0259f\u0259 doktoru Mahir Q\u0259ribov&nbsp;<a href=\"https:\/\/azertag.az\/\" target=\"_blank\" rel=\"noreferrer noopener\">AZ\u018fRTAC<\/a>-a a\u00e7\u0131qlamas\u0131nda bildirib ki, \u201cAz\u0259rbaycan M\u0259d\u0259niyy\u0259ti &#8211; 2040\u201d Konsepsiyas\u0131 \u00f6lk\u0259nin uzunm\u00fcdd\u0259tli m\u0259d\u0259niyy\u0259t siyas\u0259tinin strateji yol x\u0259rit\u0259sidir. Bu s\u0259n\u0259d m\u0259d\u0259niyy\u0259t\u0259 yaln\u0131z inc\u0259s\u0259n\u0259t v\u0259 tarixi-maddi irsin qorunmas\u0131 kimi deyil, milli kimliyin daya\u011f\u0131, c\u0259miyy\u0259tin inki\u015faf\u0131na t\u0259sir g\u00f6st\u0259r\u0259n amil v\u0259 Az\u0259rbaycan\u0131n beyn\u0259lxalq n\u00fcfuzunu daha da art\u0131ran \u201cyum\u015faq g\u00fcc\u201d vasit\u0259si kimi yana\u015f\u0131r.<\/p>\n\n\n\n<p class=\"wp-block-paragraph\">Prezident \u0130lham \u018fliyevin 2026-c\u0131 il 14 yanvar tarixli S\u0259r\u0259ncam\u0131 il\u0259 t\u0259sdiq edilmi\u015f Konsepsiya 2026-2040-c\u0131 ill\u0259ri \u0259hat\u0259 edir v\u0259 \u00fc\u00e7 m\u0259rh\u0259l\u0259d\u0259 &#8211; 2026\u20132030, 2031\u20132035 v\u0259 2036\u20132040-c\u0131 ill\u0259rd\u0259 h\u0259yata ke\u00e7iril\u0259c\u0259k.<\/p>\n\n\n\n<p class=\"wp-block-paragraph\">M\u00fcsahibimiz qeyd edib ki, s\u0259n\u0259dd\u0259 Az\u0259rbaycan\u0131n T\u00fcrk d\u00fcnyas\u0131 il\u0259 m\u0259d\u0259ni \u0259laq\u0259l\u0259rinin inki\u015faf\u0131 x\u00fcsusi yer tutur. Ortaq dil, \u0259d\u0259biyyat, musiqi, folklor v\u0259 dig\u0259r qeyri-maddi irs n\u00fcmun\u0259l\u0259rinin qorunmas\u0131 v\u0259 t\u0259bli\u011fi, birg\u0259 m\u0259d\u0259ni layih\u0259l\u0259rin, t\u0259rc\u00fcm\u0259 proqramlar\u0131n\u0131n, r\u0259q\u0259msal platformalar\u0131n v\u0259 audiovizual m\u0259hsullar\u0131n haz\u0131rlanmas\u0131 bu istiqam\u0259td\u0259 m\u00fch\u00fcm add\u0131mlar kimi n\u0259z\u0259rd\u0259 tutulur.<\/p>\n\n\n\n<p class=\"wp-block-paragraph\">\u201cBizim ail\u0259miz T\u00fcrk d\u00fcnyas\u0131d\u0131r\u201d strateji x\u0259ttin\u0259 uy\u011fun olaraq, m\u0259d\u0259ni diplomatiyan\u0131n imkanlar\u0131ndan istifad\u0259 edilm\u0259si d\u0259 Az\u0259rbaycan\u0131n t\u00fcrk d\u00f6vl\u0259tl\u0259ri il\u0259 \u0259laq\u0259l\u0259rinin yeni m\u0259zmunla z\u0259nginl\u0259\u015fdirilm\u0259sin\u0259 xidm\u0259t edir.<\/p>\n\n\n\n<p class=\"wp-block-paragraph\">Konsepsiyan\u0131n diqq\u0259t\u00e7\u0259k\u0259n istiqam\u0259tl\u0259rind\u0259n biri m\u0259d\u0259niyy\u0259tin yarad\u0131c\u0131 v\u0259 iqtisadi potensial\u0131n\u0131n \u00fcz\u0259 \u00e7\u0131xar\u0131lmas\u0131d\u0131r. Kinematoqrafiya, animasiya, dizayn v\u0259 r\u0259q\u0259msal m\u0259zmun kimi yarad\u0131c\u0131 s\u0259naye sah\u0259l\u0259rinin inki\u015faf\u0131, el\u0259c\u0259 d\u0259 etnoturizm imkanlar\u0131n\u0131n geni\u015fl\u0259ndirilm\u0259si m\u0259d\u0259ni irsin m\u00fcasir iqtisadi v\u0259 sosial h\u0259yatla \u0259laq\u0259sini g\u00fccl\u0259ndir\u0259 bil\u0259r.<\/p>\n\n\n\n<p class=\"wp-block-paragraph\">Ekspert qeyd edib ki, tarixi yadda\u015f\u0131n qorunmas\u0131 Konsepsiyan\u0131n dig\u0259r m\u00fch\u00fcm istiqam\u0259tidir. Qobustan qaya\u00fcst\u00fc t\u0259svirl\u0259rind\u0259n X\u0131nal\u0131q v\u0259 Lah\u0131c\u0131n s\u0259n\u0259tkarl\u0131q \u0259n\u0259n\u0259l\u0259rin\u0259, \u015eirvan\u015fahlar saray\u0131, M\u00f6min\u0259 xatun t\u00fcrb\u0259si v\u0259 Q\u0131z qalas\u0131 kimi tarixi abid\u0259l\u0259r\u0259d\u0259k uzanan irs Az\u0259rbaycan\u0131n \u00e7ox\u0259srlik d\u00f6vl\u0259t\u00e7ilik v\u0259 m\u0259d\u0259niyy\u0259t tarixinin canl\u0131 izl\u0259rini ya\u015fad\u0131r.<\/p>\n\n\n\n<p class=\"wp-block-paragraph\">\u0130\u015f\u011faldan azad edilmi\u015f \u0259razil\u0259rd\u0259 tarixi v\u0259 dini abid\u0259l\u0259rin b\u0259rpas\u0131na toxunan M.Q\u0259ribov bunun yaln\u0131z maddi irsin yenid\u0259n h\u0259yata qaytar\u0131lmas\u0131 olmad\u0131\u011f\u0131n\u0131 bildirib. O vur\u011fulay\u0131b ki, Qaraba\u011f v\u0259 \u015e\u0259rqi Z\u0259ng\u0259zurda apar\u0131lan yenid\u0259nqurma v\u0259 b\u0259rpa i\u015fl\u0259ri tarixi yadda\u015f\u0131n b\u0259rpas\u0131 v\u0259 m\u0259n\u0259vi dir\u00e7\u0259li\u015f bax\u0131m\u0131ndan da b\u00f6y\u00fck \u0259h\u0259miyy\u0259t da\u015f\u0131y\u0131r.<\/p>\n\n\n\n<p class=\"wp-block-paragraph\">M\u0259d\u0259niyy\u0259t v\u0259 elmin qar\u015f\u0131l\u0131ql\u0131 \u0259laq\u0259sinin d\u0259 g\u0259l\u0259c\u0259k inki\u015faf \u00fc\u00e7\u00fcn m\u00fch\u00fcm amil oldu\u011funu dey\u0259n ekspert Xank\u0259ndid\u0259 Qaraba\u011f Universitetinin f\u0259aliyy\u0259t\u0259 ba\u015flamas\u0131n\u0131 regionda elmi v\u0259 kadr potensial\u0131n\u0131n formala\u015fd\u0131r\u0131lmas\u0131 bax\u0131m\u0131ndan \u0259h\u0259miyy\u0259tli add\u0131m kimi qiym\u0259tl\u0259ndirib.<\/p>\n\n\n\n<p class=\"wp-block-paragraph\">M.Q\u0259ribov hesab edir ki, m\u0259d\u0259ni irsin g\u0259l\u0259c\u0259k n\u0259sill\u0259r\u0259 \u00f6t\u00fcr\u00fclm\u0259si yaln\u0131z d\u00f6vl\u0259t institutlar\u0131n\u0131n deyil, c\u0259miyy\u0259tin b\u00fct\u00fcn \u00fczvl\u0259rinin m\u0259suliyy\u0259tidir. X\u00fcsusil\u0259 g\u0259ncl\u0259rin v\u0259 xaricd\u0259 ya\u015fayan soyda\u015flar\u0131m\u0131z\u0131n m\u0259d\u0259ni prosesl\u0259r\u0259 c\u0259lb edilm\u0259si milli d\u0259y\u0259rl\u0259rin ya\u015fad\u0131lmas\u0131 v\u0259 onlar\u0131n yeni n\u0259sill\u0259 \u0259laq\u0259l\u0259ndirilm\u0259si bax\u0131m\u0131ndan m\u00fch\u00fcm rol oynay\u0131r.<\/p>\n\n\n\n<p class=\"wp-block-paragraph\">\u201cAz\u0259rbaycan M\u0259d\u0259niyy\u0259ti &#8211; 2040\u201d Konsepsiyas\u0131n\u0131n mahiyy\u0259tini tarixilikl\u0259 m\u00fcasirliyin v\u0259hd\u0259tind\u0259 g\u00f6r\u0259n ekspert vur\u011fulay\u0131b ki, m\u0259d\u0259ni irsin qorunmas\u0131 ke\u00e7mi\u015f\u0259 ba\u011fl\u0131l\u0131qla m\u0259hdudla\u015fm\u0131r. Bu irs g\u0259l\u0259c\u0259k n\u0259sill\u0259r\u0259 \u00e7atd\u0131r\u0131lmaqla Az\u0259rbaycan\u0131n qlobal m\u0259d\u0259niyy\u0259t m\u0259kan\u0131ndak\u0131 m\u00f6vqeyinin daha da m\u00f6hk\u0259ml\u0259nm\u0259sin\u0259 xidm\u0259t etm\u0259lidir.<\/p>\n\n\n\n<p class=\"wp-block-paragraph\"><sub><em><strong>M\u00fcxbir &#8211; Lal\u0259 Minasazova<\/strong><\/em><\/sub><\/p>\n\n\n\n<p class=\"wp-block-paragraph\">M\u0259nb\u0259:\u00a0<a href=\"https:\/\/azertag.az\/\">https:\/\/azertag.az\/<\/a><\/p>\n","protected":false},"excerpt":{"rendered":"<p>Az\u0259rbaycan\u0131n z\u0259ngin m\u0259d\u0259ni irsi \u0259srl\u0259r boyu formala\u015fan milli yadda\u015f\u0131n da\u015f\u0131y\u0131c\u0131s\u0131 olmaqla yana\u015f\u0131, \u00f6lk\u0259nin g\u0259l\u0259c\u0259yin\u0259 istiqam\u0259t ver\u0259n m\u00fch\u00fcm m\u0259n\u0259vi s\u0259rv\u0259tdir. \u201cAz\u0259rbaycan M\u0259d\u0259niyy\u0259ti &#8211; 2040\u201d Konsepsiyas\u0131 bu irsin qorunmas\u0131n\u0131 m\u00fcasir inki\u015faf imkanlar\u0131 il\u0259 birl\u0259\u015fdir\u0259r\u0259k m\u0259d\u0259niyy\u0259tin milli kimliyin m\u00f6hk\u0259ml\u0259ndirilm\u0259sind\u0259 v\u0259 Az\u0259rbaycan\u0131n d\u00fcnyada tan\u0131d\u0131lmas\u0131nda rolunu daha da art\u0131rma\u011f\u0131 qar\u015f\u0131ya m\u0259qs\u0259d qoyur. Tarix \u00fczr\u0259 f\u0259ls\u0259f\u0259 doktoru Mahir Q\u0259ribov&nbsp;AZ\u018fRTAC-a a\u00e7\u0131qlamas\u0131nda bildirib &hellip; <\/p>\n","protected":false},"author":2,"featured_media":0,"comment_status":"open","ping_status":"open","sticky":false,"template":"","format":"standard","meta":{"footnotes":""},"categories":[49],"tags":[],"class_list":["post-53046","post","type-post","status-publish","format-standard","hentry","category-medeniyyat","latest_post"],"_links":{"self":[{"href":"https:\/\/edebiyyat-az.com\/index.php?rest_route=\/wp\/v2\/posts\/53046","targetHints":{"allow":["GET"]}}],"collection":[{"href":"https:\/\/edebiyyat-az.com\/index.php?rest_route=\/wp\/v2\/posts"}],"about":[{"href":"https:\/\/edebiyyat-az.com\/index.php?rest_route=\/wp\/v2\/types\/post"}],"author":[{"embeddable":true,"href":"https:\/\/edebiyyat-az.com\/index.php?rest_route=\/wp\/v2\/users\/2"}],"replies":[{"embeddable":true,"href":"https:\/\/edebiyyat-az.com\/index.php?rest_route=%2Fwp%2Fv2%2Fcomments&post=53046"}],"version-history":[{"count":1,"href":"https:\/\/edebiyyat-az.com\/index.php?rest_route=\/wp\/v2\/posts\/53046\/revisions"}],"predecessor-version":[{"id":53053,"href":"https:\/\/edebiyyat-az.com\/index.php?rest_route=\/wp\/v2\/posts\/53046\/revisions\/53053"}],"wp:attachment":[{"href":"https:\/\/edebiyyat-az.com\/index.php?rest_route=%2Fwp%2Fv2%2Fmedia&parent=53046"}],"wp:term":[{"taxonomy":"category","embeddable":true,"href":"https:\/\/edebiyyat-az.com\/index.php?rest_route=%2Fwp%2Fv2%2Fcategories&post=53046"},{"taxonomy":"post_tag","embeddable":true,"href":"https:\/\/edebiyyat-az.com\/index.php?rest_route=%2Fwp%2Fv2%2Ftags&post=53046"}],"curies":[{"name":"wp","href":"https:\/\/api.w.org\/{rel}","templated":true}]}}