{"id":53047,"date":"2026-08-30T08:00:00","date_gmt":"2026-08-30T04:00:00","guid":{"rendered":"https:\/\/edebiyyat-az.com\/?p=53047"},"modified":"2026-08-31T10:33:44","modified_gmt":"2026-08-31T06:33:44","slug":"%d0%b0slana-eliyeva-r%c9%99qs-s%c9%99n%c9%99ti-az%c9%99rbaycan-il%c9%99-ozb%c9%99kistan-arasinda-m%c9%99d%c9%99ni-%c9%99laq%c9%99l%c9%99ri-mohk%c9%99ml%c9%99ndirir","status":"publish","type":"post","link":"https:\/\/edebiyyat-az.com\/?p=53047","title":{"rendered":"\u0410slana \u018fliyeva: R\u0259qs s\u0259n\u0259ti Az\u0259rbaycan il\u0259 \u00d6zb\u0259kistan aras\u0131nda m\u0259d\u0259ni \u0259laq\u0259l\u0259ri m\u00f6hk\u0259ml\u0259ndirir"},"content":{"rendered":"\n<figure class=\"wp-block-image size-large\"><img decoding=\"async\" src=\"https:\/\/azertag.az\/files\/galleryphoto\/2026\/2\/1200x630\/178784122177187335_1200x630.jpeg\" alt=\"\"\/><\/figure>\n\n\n\n<p class=\"wp-block-paragraph\">Az\u0259rbaycan il\u0259 \u00d6zb\u0259kistan aras\u0131nda dostluq m\u00fcnasib\u0259tl\u0259ri h\u0259mi\u015f\u0259 \u00f6z\u00fcn\u0259m\u0259xsus xarakter da\u015f\u0131y\u0131b. \u00d6lk\u0259l\u0259rimizi yaln\u0131z \u00fcmumi tarix v\u0259 qar\u015f\u0131l\u0131ql\u0131 h\u00f6rm\u0259t deyil, h\u0259m d\u0259 yax\u0131n m\u0259n\u0259vi v\u0259 insani d\u0259y\u0259rl\u0259r ba\u011flay\u0131r. M\u0259d\u0259niyy\u0259t bu \u0259laq\u0259ni t\u0259rc\u00fcm\u0259y\u0259 ehtiyac olmadan hiss etm\u0259y\u0259 imkan ver\u0259n universal dildir.<\/p>\n\n\n\n<p class=\"wp-block-paragraph\">Bu s\u00f6zl\u0259ri \u00d6zb\u0259kistan D\u00f6vl\u0259t Xoreoqrafiya Akademiyas\u0131n\u0131n m\u0259zunu, xoreoqraf-baletmeyster Aslana \u018fliyeva&nbsp;<a href=\"https:\/\/azertag.az\/\" target=\"_blank\" rel=\"noreferrer noopener\">AZ\u018fRTAC<\/a>-\u0131n m\u00fcxbirin\u0259 \u015f\u0259rhind\u0259 deyib.<\/p>\n\n\n\n<p class=\"wp-block-paragraph\">H\u0259ms\u00f6hb\u0259timizin s\u00f6zl\u0259rin\u0259 g\u00f6r\u0259, xoreoqraf kimi o, iki xalq\u0131n m\u0259n\u0259vi yax\u0131nl\u0131\u011f\u0131n\u0131 x\u00fcsusil\u0259 d\u0259 r\u0259qs s\u0259n\u0259ti vasit\u0259sil\u0259 daha ayd\u0131n hiss edir. \u201cAz\u0259rbaycan v\u0259 \u00d6zb\u0259kistan m\u0259d\u0259niyy\u0259tl\u0259ri eyni s\u0259hn\u0259d\u0259 g\u00f6r\u00fc\u015f\u0259nd\u0259 xalqlar\u0131m\u0131z aras\u0131nda n\u0259 q\u0259d\u0259r \u00e7ox ox\u015farl\u0131q oldu\u011funu v\u0259 eyni zamanda, onlar\u0131n h\u0259r birinin n\u0259 q\u0259d\u0259r \u00f6z\u00fcn\u0259m\u0259xsus oldu\u011funu anlay\u0131rsan. D\u00fc\u015f\u00fcn\u00fcr\u0259m ki, iki \u00f6lk\u0259 aras\u0131nda imzalanm\u0131\u015f \u201c\u018fb\u0259di dostluq haqq\u0131nda M\u00fcqavil\u0259\u201d m\u0259d\u0259ni m\u00fcbadil\u0259nin geni\u015fl\u0259ndirilm\u0259si, birg\u0259 layih\u0259l\u0259rin h\u0259yata ke\u00e7irilm\u0259si, festivallar\u0131n v\u0259 yarad\u0131c\u0131l\u0131q g\u00f6r\u00fc\u015fl\u0259rinin ke\u00e7irilm\u0259si, h\u0259m\u00e7inin inc\u0259s\u0259n\u0259tin, t\u0259hsilin v\u0259 g\u0259ncl\u0259rl\u0259 ba\u011fl\u0131 t\u0259\u015f\u0259bb\u00fcsl\u0259rin inki\u015faf\u0131 \u00fc\u00e7\u00fcn yeni imkanlar a\u00e7acaq. Xalqlar\u0131m\u0131z\u0131n bir-biri haqq\u0131nda yaln\u0131z m\u0259lumatl\u0131 olmas\u0131 deyil, h\u0259m d\u0259 canl\u0131 \u00fcnsiyy\u0259t v\u0259 m\u0259d\u0259niyy\u0259t say\u0259sind\u0259 daha da yax\u0131nla\u015fmaqda davam etm\u0259si \u00e7ox vacib m\u0259s\u0259l\u0259dir\u201d, &#8211; dey\u0259 xoreoqraf-baletmeyster qeyd edib.<\/p>\n\n\n\n<p class=\"wp-block-paragraph\">\u00d6zb\u0259kistan\u0131n h\u0259yat\u0131ndak\u0131 rolundan dan\u0131\u015fan Aslana \u018fliyeva bu \u00f6lk\u0259d\u0259 t\u0259hsil almas\u0131n\u0131n onun pe\u015f\u0259karl\u0131\u011f\u0131na v\u0259 yarad\u0131c\u0131l\u0131q yoluna b\u00f6y\u00fck t\u0259sir g\u00f6st\u0259rdiyini vur\u011fulay\u0131b. \u201cM\u0259hz burada t\u0259hsil almaq m\u0259nim \u00fc\u00e7\u00fcn b\u00f6y\u00fck imkan oldu, bel\u0259 ki, yaln\u0131z r\u0259qs s\u0259n\u0259tini n\u0259z\u0259ri c\u0259h\u0259td\u0259n \u00f6yr\u0259nm\u0259k deyil, h\u0259m d\u0259 \u00f6zb\u0259k xoreoqrafiyas\u0131n\u0131n m\u0259d\u0259niyy\u0259ti, \u0259n\u0259n\u0259l\u0259ri v\u0259 x\u00fcsusiyy\u0259tl\u0259ri il\u0259 yax\u0131ndan tan\u0131\u015f olmaq imkan\u0131 qazand\u0131m. Milli r\u0259qs s\u0259n\u0259tinin korifeyl\u0259rind\u0259n \u00f6zb\u0259k r\u0259qsl\u0259rini \u00f6yr\u0259nm\u0259k m\u0259nim \u00fc\u00e7\u00fcn x\u00fcsusil\u0259 d\u0259y\u0259rlidir. M\u0259n bunu yaln\u0131z pe\u015f\u0259kar t\u0259cr\u00fcb\u0259min \u0259n m\u00fch\u00fcm hiss\u0259si kimi deyil, h\u0259m d\u0259 b\u00f6y\u00fck \u015f\u0259r\u0259f kimi q\u0259bul edir\u0259m. \u00d6zb\u0259k r\u0259qs s\u0259n\u0259tini onun g\u00f6rk\u0259mli ustadlar\u0131ndan birba\u015fa v\u0259 bu q\u0259d\u0259r d\u0259rind\u0259n \u00f6yr\u0259nm\u0259k imkan\u0131 qazanan ilk az\u0259rbaycanl\u0131 r\u0259qqas\u0259 oldu\u011fumu anlamaq m\u0259n\u0259 xo\u015fdur\u201d, &#8211; dey\u0259 o \u0259lav\u0259 edib.<\/p>\n\n\n\n<p class=\"wp-block-paragraph\">Aslana \u018fliyevan\u0131n s\u00f6zl\u0259rin\u0259 g\u00f6r\u0259, \u00d6zb\u0259kistanda olark\u0259n o, yaln\u0131z t\u0259l\u0259b\u0259 olma\u011fa deyil, h\u0259m d\u0259 iki \u00f6lk\u0259 aras\u0131nda bir n\u00f6v m\u0259d\u0259ni k\u00f6rp\u00fc olma\u011fa \u00e7al\u0131\u015f\u0131r. \u201cM\u0259n \u00d6zb\u0259kistandak\u0131 Az\u0259rbaycan s\u0259firliyinin n\u0259zdind\u0259 f\u0259aliyy\u0259t g\u00f6st\u0259r\u0259n Heyd\u0259r \u018fliyev ad\u0131na Az\u0259rbaycan M\u0259d\u0259niyy\u0259t M\u0259rk\u0259zind\u0259 xoreoqraf-baletmeyster kimi \u00e7al\u0131\u015f\u0131ram, eyni zamanda, \u201cQaraba\u011f Z\u0259f\u0259ri\u201d Az\u0259rbaycan r\u0259qs ansambl\u0131n\u0131n r\u0259hb\u0259riy\u0259m. F\u0259aliyy\u0259tim vasit\u0259sil\u0259 \u00d6zb\u0259kistan sakinl\u0259rinin Az\u0259rbaycan r\u0259qsl\u0259ri, onlar\u0131n tarixi, xarakteri v\u0259 g\u00f6z\u0259lliyi il\u0259 daha yax\u0131ndan tan\u0131\u015f olmalar\u0131na k\u00f6m\u0259k etm\u0259y\u0259 \u00e7al\u0131\u015f\u0131ram. Bu \u00f6lk\u0259d\u0259 t\u0259hsil ald\u0131\u011f\u0131m v\u0259 i\u015fl\u0259diyim m\u00fcdd\u0259td\u0259 \u00d6zb\u0259kistan D\u00f6vl\u0259t Xoreoqrafiya Akademiyas\u0131nda v\u0259 \u201cBahor\u201d D\u00f6vl\u0259t R\u0259qs Ansambl\u0131nda Az\u0259rbaycan r\u0259qsi \u00fczr\u0259 ustad d\u0259rsl\u0259ri d\u0259 ke\u00e7irmi\u015f\u0259m. Bu, m\u0259nim \u00fc\u00e7\u00fcn x\u00fcsusil\u0259 vacibdir, \u00e7\u00fcnki bu yolla h\u0259qiqi m\u0259d\u0259ni m\u00fcbadil\u0259 ba\u015f verir. Bel\u0259 ki, m\u0259n \u00f6zb\u0259k m\u0259d\u0259niyy\u0259tinin n\u00fcmay\u0259nd\u0259l\u0259rind\u0259n \u00f6yr\u0259nir, eyni zamanda, Az\u0259rbaycan m\u0259d\u0259niyy\u0259tini \u00f6zb\u0259k r\u0259qqaslar\u0131 il\u0259 b\u00f6l\u00fc\u015f\u00fcr\u0259m\u201d, &#8211; dey\u0259 h\u0259ms\u00f6hb\u0259timiz vur\u011fulay\u0131b.<\/p>\n\n\n\n<p class=\"wp-block-paragraph\">Az\u0259rbaycan v\u0259 \u00d6zb\u0259kistan aras\u0131nda t\u0259l\u0259b\u0259 m\u00fcbadil\u0259l\u0259rinin \u0259h\u0259miyy\u0259tin\u0259 toxunan xoreoqraf qeyd edib ki, bel\u0259 proqramlar g\u0259nc m\u00fct\u0259x\u0259ssisl\u0259r \u00fc\u00e7\u00fcn b\u00f6y\u00fck imkanlar yarad\u0131r. Onun s\u00f6zl\u0259rin\u0259 g\u00f6r\u0259, ba\u015fqa \u00f6lk\u0259nin m\u0259d\u0259niyy\u0259tini h\u0259qiqi ba\u015fa d\u00fc\u015fm\u0259k \u00fc\u00e7\u00fcn onu yaln\u0131z kitablardan \u00f6yr\u0259nm\u0259k kifay\u0259t deyil, h\u0259min xalq\u0131n aras\u0131nda ya\u015famaq, ustadlardan \u00f6yr\u0259nm\u0259k v\u0259 m\u0259d\u0259ni m\u00fchitin bir hiss\u0259sin\u0259 \u00e7evrilm\u0259k laz\u0131md\u0131r.<\/p>\n\n\n\n<p class=\"wp-block-paragraph\">\u201c2024-c\u00fc ild\u0259 akademik mobillik proqram\u0131 \u00e7\u0259r\u00e7iv\u0259sind\u0259 \u00d6zb\u0259kistan D\u00f6vl\u0259t Xoreoqrafiya Akademiyas\u0131na g\u00f6nd\u0259rildim. Bu, m\u0259nim \u00fc\u00e7\u00fcn h\u0259qiq\u0259t\u0259n \u0259h\u0259miyy\u0259tli hadis\u0259 oldu, \u00e7\u00fcnki \u00d6zb\u0259kistan\u0131n r\u0259qs s\u0259n\u0259tini \u00f6yr\u0259nm\u0259k v\u0259 eyni zamanda, Az\u0259rbaycan m\u0259d\u0259niyy\u0259tini \u00d6zb\u0259kistanda t\u0259msil v\u0259 t\u0259bli\u011f etm\u0259k \u00fc\u00e7\u00fcn bir il m\u00fcdd\u0259tin\u0259 g\u00f6nd\u0259ril\u0259n ilk t\u0259l\u0259b\u0259 idim. Bu g\u00fcn \u00f6z\u00fcm\u00fcn d\u0259 \u00d6zb\u0259kistan\u0131n r\u0259qs s\u0259n\u0259tini Az\u0259rbaycanda t\u0259msil ed\u0259n \u015f\u0259xsl\u0259rd\u0259n biri olma\u011f\u0131m x\u00fcsusi xo\u015f t\u0259sir ba\u011f\u0131\u015flay\u0131r. Az\u0259rbaycan r\u0259qsind\u0259n sonra \u00f6zb\u0259k r\u0259qsi m\u0259nim \u00fc\u00e7\u00fcn h\u0259qiq\u0259t\u0259n do\u011fma oldu. \u0130ndi bu m\u0259d\u0259ni m\u00fcbadil\u0259ni \u0259ks istiqam\u0259td\u0259 davam etdirm\u0259y\u0259 &#8211; Az\u0259rbaycan tama\u015fa\u00e7\u0131lar\u0131n\u0131 \u00f6zb\u0259k r\u0259qsl\u0259ri il\u0259 tan\u0131\u015f etm\u0259y\u0259, \u00f6z bilikl\u0259rimi b\u00f6l\u00fc\u015fm\u0259y\u0259 v\u0259 bu s\u0259n\u0259t haqq\u0131nda dan\u0131\u015fma\u011fa \u00e7al\u0131\u015f\u0131ram\u201d, &#8211; dey\u0259 A.\u018fliyeva vur\u011fulay\u0131b.<\/p>\n\n\n\n<p class=\"wp-block-paragraph\">O, h\u0259m\u00e7inin \u0259lav\u0259 edib ki, xaricd\u0259 t\u0259hsil almaq pe\u015f\u0259kar t\u0259cr\u00fcb\u0259 qazanmaq, h\u0259mfikir \u015f\u0259xsl\u0259r tapmaq, m\u00f6hk\u0259m \u0259laq\u0259l\u0259r qurmaq v\u0259 \u0259n \u0259sas\u0131, iki d\u00f6vl\u0259t aras\u0131nda \u0259sl m\u0259d\u0259ni k\u00f6rp\u00fcy\u0259 \u00e7evrilm\u0259k imkan\u0131 yarad\u0131r: \u201cBel\u0259 proqramlar say\u0259sind\u0259 g\u0259nc m\u00fct\u0259x\u0259ssisl\u0259r yaln\u0131z yeni bilikl\u0259r \u0259ld\u0259 etmir, h\u0259m d\u0259 Az\u0259rbaycan il\u0259 \u00d6zb\u0259kistan\u0131n daha da yax\u0131nla\u015fmas\u0131na \u00f6zl\u0259ri t\u00f6hf\u0259 verirl\u0259r\u201d.<\/p>\n\n\n\n<p class=\"wp-block-paragraph\"><sub><em><strong>M\u00fcxbir \u2013 G\u00fcnel \u018fliyeva<\/strong><\/em><\/sub><\/p>\n\n\n\n<p class=\"wp-block-paragraph\">M\u0259nb\u0259:&nbsp;<a href=\"https:\/\/azertag.az\/\">https:\/\/azertag.az\/<\/a><\/p>\n","protected":false},"excerpt":{"rendered":"<p>Az\u0259rbaycan il\u0259 \u00d6zb\u0259kistan aras\u0131nda dostluq m\u00fcnasib\u0259tl\u0259ri h\u0259mi\u015f\u0259 \u00f6z\u00fcn\u0259m\u0259xsus xarakter da\u015f\u0131y\u0131b. \u00d6lk\u0259l\u0259rimizi yaln\u0131z \u00fcmumi tarix v\u0259 qar\u015f\u0131l\u0131ql\u0131 h\u00f6rm\u0259t deyil, h\u0259m d\u0259 yax\u0131n m\u0259n\u0259vi v\u0259 insani d\u0259y\u0259rl\u0259r ba\u011flay\u0131r. M\u0259d\u0259niyy\u0259t bu \u0259laq\u0259ni t\u0259rc\u00fcm\u0259y\u0259 ehtiyac olmadan hiss etm\u0259y\u0259 imkan ver\u0259n universal dildir. Bu s\u00f6zl\u0259ri \u00d6zb\u0259kistan D\u00f6vl\u0259t Xoreoqrafiya Akademiyas\u0131n\u0131n m\u0259zunu, xoreoqraf-baletmeyster Aslana \u018fliyeva&nbsp;AZ\u018fRTAC-\u0131n m\u00fcxbirin\u0259 \u015f\u0259rhind\u0259 deyib. H\u0259ms\u00f6hb\u0259timizin s\u00f6zl\u0259rin\u0259 g\u00f6r\u0259, xoreoqraf &hellip; <\/p>\n","protected":false},"author":2,"featured_media":0,"comment_status":"open","ping_status":"open","sticky":false,"template":"","format":"standard","meta":{"footnotes":""},"categories":[49],"tags":[],"class_list":["post-53047","post","type-post","status-publish","format-standard","hentry","category-medeniyyat","latest_post"],"_links":{"self":[{"href":"https:\/\/edebiyyat-az.com\/index.php?rest_route=\/wp\/v2\/posts\/53047","targetHints":{"allow":["GET"]}}],"collection":[{"href":"https:\/\/edebiyyat-az.com\/index.php?rest_route=\/wp\/v2\/posts"}],"about":[{"href":"https:\/\/edebiyyat-az.com\/index.php?rest_route=\/wp\/v2\/types\/post"}],"author":[{"embeddable":true,"href":"https:\/\/edebiyyat-az.com\/index.php?rest_route=\/wp\/v2\/users\/2"}],"replies":[{"embeddable":true,"href":"https:\/\/edebiyyat-az.com\/index.php?rest_route=%2Fwp%2Fv2%2Fcomments&post=53047"}],"version-history":[{"count":2,"href":"https:\/\/edebiyyat-az.com\/index.php?rest_route=\/wp\/v2\/posts\/53047\/revisions"}],"predecessor-version":[{"id":53055,"href":"https:\/\/edebiyyat-az.com\/index.php?rest_route=\/wp\/v2\/posts\/53047\/revisions\/53055"}],"wp:attachment":[{"href":"https:\/\/edebiyyat-az.com\/index.php?rest_route=%2Fwp%2Fv2%2Fmedia&parent=53047"}],"wp:term":[{"taxonomy":"category","embeddable":true,"href":"https:\/\/edebiyyat-az.com\/index.php?rest_route=%2Fwp%2Fv2%2Fcategories&post=53047"},{"taxonomy":"post_tag","embeddable":true,"href":"https:\/\/edebiyyat-az.com\/index.php?rest_route=%2Fwp%2Fv2%2Ftags&post=53047"}],"curies":[{"name":"wp","href":"https:\/\/api.w.org\/{rel}","templated":true}]}}