{"id":53048,"date":"2026-08-30T09:00:00","date_gmt":"2026-08-30T05:00:00","guid":{"rendered":"https:\/\/edebiyyat-az.com\/?p=53048"},"modified":"2026-08-31T10:34:59","modified_gmt":"2026-08-31T06:34:59","slug":"qala-encir-festivali-dad-%c9%99n%c9%99n%c9%99-v%c9%99-s%c9%99n%c9%99t-bir-arada-video","status":"publish","type":"post","link":"https:\/\/edebiyyat-az.com\/?p=53048","title":{"rendered":"Qala \u018fncir Festival\u0131: dad, \u0259n\u0259n\u0259 v\u0259 s\u0259n\u0259t bir arada\u00a0V\u0130DEO"},"content":{"rendered":"\n<ul class=\"wp-block-list\">\n<li><\/li>\n<\/ul>\n\n\n\n<figure class=\"wp-block-image size-large\"><img decoding=\"async\" src=\"https:\/\/azertag.az\/files\/galleryphoto\/2026\/2\/1200x630\/w_1617880963403647859255_1200x630.jpg\" alt=\"\"\/><\/figure>\n\n\n\n<p class=\"wp-block-paragraph\">\u0130\u00e7\u0259ri\u015f\u0259h\u0259r\u201d D\u00f6vl\u0259t Tarix-Memarl\u0131q Qoru\u011fu \u0130dar\u0259sinin t\u0259\u015fkilat\u00e7\u0131l\u0131\u011f\u0131 v\u0259 \u201cEkoSfera\u201d Ekoloji Sosial M\u0259rk\u0259z \u0130ctimai Birliyinin t\u0259r\u0259fda\u015fl\u0131\u011f\u0131 il\u0259 avqustun 30-da \u201cQala\u201d D\u00f6vl\u0259t Tarix-Etnoqrafiya Qoru\u011funda \u018fncir Festival\u0131 ke\u00e7irilib.<\/p>\n\n\n\n<p class=\"wp-block-paragraph\"><a href=\"https:\/\/azertag.az\/\" target=\"_blank\" rel=\"noreferrer noopener\">AZ\u018fRTAC<\/a>&nbsp;x\u0259b\u0259r verir ki, qonaqlar festival \u0259razisind\u0259 x\u00fcsusi olaraq b\u0259z\u0259dilmi\u015f \u201c\u018fncirli fayton\u201dun v\u0259 \u201c\u018fncirin sehrli divar\u0131\u201dn\u0131n qar\u015f\u0131s\u0131nda, el\u0259c\u0259 d\u0259 saman konseptli r\u0259ngar\u0259ng fotozonalarda yaddaqalan \u015f\u0259kill\u0259r \u00e7\u0259kdiribl\u0259r.<\/p>\n\n\n\n<p class=\"wp-block-paragraph\">Tarixi Qala m\u00fchitind\u0259 t\u0259\u015fkil olunan t\u0259dbird\u0259 \u0259ncir sad\u0259c\u0259 Ab\u015feronun r\u0259mzi kimi deyil, h\u0259m d\u0259 b\u00f6lg\u0259nin m\u0259d\u0259niyy\u0259tini, s\u0259n\u0259tkarl\u0131\u011f\u0131n\u0131 v\u0259 h\u0259yat t\u0259rzini \u00f6z\u00fcnd\u0259 birl\u0259\u015fdir\u0259n z\u0259ngin m\u0259d\u0259ni d\u0259y\u0259r kimi n\u00fcmayi\u015f etdirilib.<\/p>\n\n\n\n<p class=\"wp-block-paragraph\">T\u0259dbird\u0259, h\u0259m\u00e7inin h\u0259m b\u00f6y\u00fckl\u0259r, h\u0259m d\u0259 u\u015faqlar \u00fc\u00e7\u00fcn co\u015fqulu v\u0259 z\u0259ngin proqram t\u0259qdim edilib. Balaca ziyar\u0259t\u00e7il\u0259r \u201cT\u0131q-t\u0131q xan\u0131m\u0131n mac\u0259ralar\u0131\u201d kukla tama\u015fas\u0131n\u0131 izl\u0259yib, \u201c\u00d6z \u0259ncirini boya\u201d ustad d\u0259rsind\u0259 yarad\u0131c\u0131l\u0131q bacar\u0131qlar\u0131n\u0131 g\u00f6st\u0259ribl\u0259r. S\u0259n\u0259tkarlar meydan\u0131nda v\u0259 S\u0259n\u0259tkarlar k\u00fc\u00e7\u0259sind\u0259 xal\u00e7a\u00e7\u0131l\u0131q s\u0259n\u0259ti n\u00fcmayi\u015f etdirilib, Dulus\u00e7u h\u0259y\u0259tind\u0259 is\u0259 amuletl\u0259rin haz\u0131rlanmas\u0131 \u00fczr\u0259 ustad d\u0259rsi ke\u00e7irilib. &#8220;Ab\u015feronun sar\u0131 x\u0259zin\u0259si\u201d adl\u0131 r\u0259sm s\u0259rgisi v\u0259 geyim defil\u0259si r\u0259ngar\u0259ng g\u00f6r\u00fcnt\u00fcl\u0259r yarad\u0131b. \u201c\u018fncir v\u0259 q\u0259hv\u0259 d\u0259n\u0259l\u0259ri\u201d adl\u0131 q\u0259dim fal\u00e7\u0131l\u0131q gu\u015f\u0259si is\u0259 t\u0259dbir\u0259 x\u00fcsusi maraq qat\u0131b. Festival\u0131n qastronomiya zonas\u0131nda yerl\u0259\u015f\u0259n \u201c\u018fncir laboratoriyas\u0131\u201dnda is\u0259 m\u00fcxt\u0259lif \u0259ncir dadlar\u0131n\u0131n dequstasiyas\u0131 ke\u00e7irilib.<\/p>\n\n\n\n<p class=\"wp-block-paragraph\">Ziyar\u0259t\u00e7il\u0259r \u201cQalan\u0131n \u0259ncir dadlar\u0131 oca\u011f\u0131\u201d, \u201cL\u0259zz\u0259t gu\u015f\u0259si\u201d v\u0259 \u201c\u00c7ay v\u0259 \u0259ncir m\u0259clisi\u201dnd\u0259 t\u0259qdim olunan l\u0259zz\u0259tl\u0259ri dad\u0131b, \u201cQala sakinl\u0259rinin \u0259ncir s\u00fcfr\u0259si\u201dn\u0259 v\u0259 \u201c\u018fn\u0259n\u0259vi \u0259ncir b\u0259r\u0259k\u0259ti s\u00fcfr\u0259si\u201dn\u0259 qonaq olublar. M\u0259hsul bazar\u0131nda yerli t\u0259bii nem\u0259tl\u0259r t\u0259qdim edilib, g\u00fcn\u00fcn \u015f\u0259n ab-havas\u0131n\u0131 is\u0259 musiqi triosunun ifas\u0131 v\u0259 DJ-in ritml\u0259ri tamamlay\u0131b.<\/p>\n\n\n\n<p class=\"wp-block-paragraph\">Ab\u015feronun t\u0259bii v\u0259 m\u0259d\u0259ni irsinin tan\u0131d\u0131lmas\u0131, b\u00f6lg\u0259nin q\u0259dim \u0259ncir\u00e7ilik \u0259n\u0259n\u0259l\u0259rinin ya\u015fad\u0131lmas\u0131 bax\u0131m\u0131ndan b\u00f6y\u00fck \u0259h\u0259miyy\u0259t k\u0259sb ed\u0259n \u018fncir Festival\u0131 Qalada unudulmaz bayram ab-havas\u0131 yaradaraq yekunla\u015f\u0131b.<\/p>\n\n\n\n<p class=\"wp-block-paragraph\"><sub><em><strong>M\u00fcxbirl\u0259r &#8211; G\u00fclay N\u0259z\u0259rova, Fidan \u018flizad\u0259<\/strong><\/em><\/sub><\/p>\n\n\n\n<p class=\"wp-block-paragraph\"><sub><em><strong>Fotoqraf &#8211; Tofiq Babayev<\/strong><\/em><\/sub><\/p>\n\n\n\n<p class=\"wp-block-paragraph\"><sub><em><strong>Operator &#8211; \u018fl\u0259kb\u0259r Bax\u015fiyev<\/strong><\/em><\/sub><\/p>\n\n\n\n<p class=\"wp-block-paragraph\">M\u0259nb\u0259:\u00a0<a href=\"https:\/\/azertag.az\/\">https:\/\/azertag.az\/<\/a><\/p>\n","protected":false},"excerpt":{"rendered":"<p>\u0130\u00e7\u0259ri\u015f\u0259h\u0259r\u201d D\u00f6vl\u0259t Tarix-Memarl\u0131q Qoru\u011fu \u0130dar\u0259sinin t\u0259\u015fkilat\u00e7\u0131l\u0131\u011f\u0131 v\u0259 \u201cEkoSfera\u201d Ekoloji Sosial M\u0259rk\u0259z \u0130ctimai Birliyinin t\u0259r\u0259fda\u015fl\u0131\u011f\u0131 il\u0259 avqustun 30-da \u201cQala\u201d D\u00f6vl\u0259t Tarix-Etnoqrafiya Qoru\u011funda \u018fncir Festival\u0131 ke\u00e7irilib. AZ\u018fRTAC&nbsp;x\u0259b\u0259r verir ki, qonaqlar festival \u0259razisind\u0259 x\u00fcsusi olaraq b\u0259z\u0259dilmi\u015f \u201c\u018fncirli fayton\u201dun v\u0259 \u201c\u018fncirin sehrli divar\u0131\u201dn\u0131n qar\u015f\u0131s\u0131nda, el\u0259c\u0259 d\u0259 saman konseptli r\u0259ngar\u0259ng fotozonalarda yaddaqalan \u015f\u0259kill\u0259r \u00e7\u0259kdiribl\u0259r. Tarixi Qala m\u00fchitind\u0259 t\u0259\u015fkil olunan t\u0259dbird\u0259 &hellip; <\/p>\n","protected":false},"author":2,"featured_media":0,"comment_status":"open","ping_status":"open","sticky":false,"template":"","format":"standard","meta":{"footnotes":""},"categories":[49],"tags":[],"class_list":["post-53048","post","type-post","status-publish","format-standard","hentry","category-medeniyyat","latest_post"],"_links":{"self":[{"href":"https:\/\/edebiyyat-az.com\/index.php?rest_route=\/wp\/v2\/posts\/53048","targetHints":{"allow":["GET"]}}],"collection":[{"href":"https:\/\/edebiyyat-az.com\/index.php?rest_route=\/wp\/v2\/posts"}],"about":[{"href":"https:\/\/edebiyyat-az.com\/index.php?rest_route=\/wp\/v2\/types\/post"}],"author":[{"embeddable":true,"href":"https:\/\/edebiyyat-az.com\/index.php?rest_route=\/wp\/v2\/users\/2"}],"replies":[{"embeddable":true,"href":"https:\/\/edebiyyat-az.com\/index.php?rest_route=%2Fwp%2Fv2%2Fcomments&post=53048"}],"version-history":[{"count":1,"href":"https:\/\/edebiyyat-az.com\/index.php?rest_route=\/wp\/v2\/posts\/53048\/revisions"}],"predecessor-version":[{"id":53056,"href":"https:\/\/edebiyyat-az.com\/index.php?rest_route=\/wp\/v2\/posts\/53048\/revisions\/53056"}],"wp:attachment":[{"href":"https:\/\/edebiyyat-az.com\/index.php?rest_route=%2Fwp%2Fv2%2Fmedia&parent=53048"}],"wp:term":[{"taxonomy":"category","embeddable":true,"href":"https:\/\/edebiyyat-az.com\/index.php?rest_route=%2Fwp%2Fv2%2Fcategories&post=53048"},{"taxonomy":"post_tag","embeddable":true,"href":"https:\/\/edebiyyat-az.com\/index.php?rest_route=%2Fwp%2Fv2%2Ftags&post=53048"}],"curies":[{"name":"wp","href":"https:\/\/api.w.org\/{rel}","templated":true}]}}